{"id":22239,"date":"2025-01-23T09:41:44","date_gmt":"2025-01-23T08:41:44","guid":{"rendered":"https:\/\/serveiseducatius.xtec.cat\/hospitalet\/?p=22239"},"modified":"2025-01-23T09:41:45","modified_gmt":"2025-01-23T08:41:45","slug":"oberta-la-convocatoria-per-al-concurs-de-merits-per-seleccionar-directores-i-directors-de-centres-educatius","status":"publish","type":"post","link":"https:\/\/serveiseducatius.xtec.cat\/hospitalet\/portada\/oberta-la-convocatoria-per-al-concurs-de-merits-per-seleccionar-directores-i-directors-de-centres-educatius\/","title":{"rendered":"Oberta la convocat\u00f2ria per al concurs de m\u00e8rits per seleccionar directores i directors de centres educatius"},"content":{"rendered":"\n<div class=\"wp-block-getwid-section alignfull alignfull getwid-section-content-custom-width\"><div class=\"wp-block-getwid-section__wrapper getwid-padding-left-medium getwid-padding-right-medium\"><div class=\"wp-block-getwid-section__inner-wrapper\" style=\"max-width:740px\"><div class=\"wp-block-getwid-section__background-holder\"><div class=\"wp-block-getwid-section__background\"><\/div><div class=\"wp-block-getwid-section__foreground\"><\/div><\/div><div class=\"wp-block-getwid-section__content\"><div class=\"wp-block-getwid-section__inner-content\">\n<div class=\"wp-block-getwid-advanced-heading\" style=\"margin-bottom:0px;margin-top:0px\"><span class=\"wp-block-getwid-advanced-heading__content\" style=\"text-align:center\"><\/span><\/div>\n\n\n\n<div class=\"wp-block-getwid-advanced-heading\" style=\"margin-bottom:50px;margin-top:10px\"><h2 class=\"wp-block-getwid-advanced-heading__content\" style=\"text-align:center\"><\/h2><\/div>\n\n\n\n<figure class=\"wp-block-image alignleft size-full is-resized\"><a href=\"https:\/\/serveiseducatius.xtec.cat\/hospitalet\/wp-content\/uploads\/usu542\/2025\/01\/Gh0WDjEXkAAgeNu.png\"><img loading=\"lazy\" decoding=\"async\" width=\"544\" height=\"680\" src=\"https:\/\/serveiseducatius.xtec.cat\/hospitalet\/wp-content\/uploads\/usu542\/2025\/01\/Gh0WDjEXkAAgeNu.png\" alt=\"\" class=\"wp-image-22240\" style=\"width:332px;height:auto\" srcset=\"https:\/\/serveiseducatius.xtec.cat\/hospitalet\/wp-content\/uploads\/usu542\/2025\/01\/Gh0WDjEXkAAgeNu.png 544w, https:\/\/serveiseducatius.xtec.cat\/hospitalet\/wp-content\/uploads\/usu542\/2025\/01\/Gh0WDjEXkAAgeNu-240x300.png 240w\" sizes=\"auto, (max-width: 544px) 100vw, 544px\" \/><\/a><\/figure>\n\n\n\n<p>El Departament d\u2019Educaci\u00f3 ha publicat la convocat\u00f2ria del concurs de m\u00e8rits per a la selecci\u00f3 de directores i directors dels centres educatius p\u00fablics. Aquesta convocat\u00f2ria t\u00e9 com a objectiu garantir un lideratge pedag\u00f2gic de qualitat i fomentar la millora cont\u00ednua en el sistema educatiu de Catalunya.<\/p>\n\n\n\n<h4 class=\"wp-block-heading\"><strong>Calendari de la convocat\u00f2ria<\/strong><\/h4>\n\n\n\n<p><strong>Publicaci\u00f3 al DOGC:<\/strong> La resoluci\u00f3 de la convocat\u00f2ria ja est\u00e0 disponible.<\/p>\n\n\n\n<p><strong>Presentaci\u00f3 de sol\u00b7licituds:<\/strong> Les persones interessades poden presentar la seva candidatura a partir del termini indicat al document oficial.<\/p>\n\n\n\n<h4 class=\"wp-block-heading\"><strong>Consulta i m\u00e9s informaci\u00f3<\/strong><\/h4>\n\n\n\n<p>Per accedir a tota la documentaci\u00f3 i informaci\u00f3 detallada, consulta la p\u00e0gina oficial del Departament d\u2019Educaci\u00f3.<\/p>\n\n\n\n<p>\ud83d\udd17 <strong><a href=\"https:\/\/espai.educacio.gencat.cat\/Departament\/Comunicacio\/Noticies\/Pagines\/Concurs-Directores-Centres.aspx\">M\u00e9s informaci\u00f3 sobre el concurs de m\u00e8rits<\/a><\/strong><\/p>\n\n\n\n<p>Aquest proc\u00e9s \u00e9s una oportunitat per contribuir al lideratge i a la transformaci\u00f3 educativa dels centres p\u00fablics. Si tens la vocaci\u00f3 i l\u2019experi\u00e8ncia, no dubtis a presentar la teva candidatura.<\/p>\n\n\n\n<div class=\"wp-block-getwid-advanced-spacer\" style=\"height:20px\" aria-hidden=\"true\"><\/div>\n\n\n\n<div class=\"wp-block-button aligncenter\"><a class=\"wp-block-button__link has-text-color has-background wp-element-button\" href=\"https:\/\/espai.educacio.gencat.cat\/Departament\/Comunicacio\/Noticies\/Pagines\/Concurs-Directores-Centres.aspx\" style=\"color:#ffffff;background-color:#000000\">M\u00e9s informaci\u00f3<\/a><\/div>\n<\/div><\/div><\/div><\/div><\/div>\n","protected":false},"excerpt":{"rendered":"<p>El Departament d\u2019Educaci\u00f3 ha publicat la convocat\u00f2ria del concurs de m\u00e8rits per a la selecci\u00f3 de directores i directors dels centres educatius p\u00fablics. Aquesta convocat\u00f2ria t\u00e9 com a objectiu garantir un lideratge pedag\u00f2gic de qualitat i fomentar la millora cont\u00ednua en el sistema educatiu de Catalunya.<\/p>\n","protected":false},"author":214,"featured_media":22240,"comment_status":"closed","ping_status":"open","sticky":false,"template":"","format":"standard","meta":{"_bbp_topic_count":0,"_bbp_reply_count":0,"_bbp_total_topic_count":0,"_bbp_total_reply_count":0,"_bbp_voice_count":0,"_bbp_anonymous_reply_count":0,"_bbp_topic_count_hidden":0,"_bbp_reply_count_hidden":0,"_bbp_forum_subforum_count":0,"site-sidebar-layout":"default","site-content-layout":"","ast-site-content-layout":"","site-content-style":"default","site-sidebar-style":"default","ast-global-header-display":"","ast-banner-title-visibility":"","ast-main-header-display":"","ast-hfb-above-header-display":"","ast-hfb-below-header-display":"","ast-hfb-mobile-header-display":"","site-post-title":"","ast-breadcrumbs-content":"","ast-featured-img":"","footer-sml-layout":"","theme-transparent-header-meta":"","adv-header-id-meta":"","stick-header-meta":"","header-above-stick-meta":"","header-main-stick-meta":"","header-below-stick-meta":"","astra-migrate-meta-layouts":"default","ast-page-background-enabled":"default","ast-page-background-meta":{"desktop":{"background-color":"var(--ast-global-color-4)","background-image":"","background-repeat":"repeat","background-position":"center center","background-size":"auto","background-attachment":"scroll","background-type":"","background-media":"","overlay-type":"","overlay-color":"","overlay-opacity":"","overlay-gradient":""},"tablet":{"background-color":"","background-image":"","background-repeat":"repeat","background-position":"center center","background-size":"auto","background-attachment":"scroll","background-type":"","background-media":"","overlay-type":"","overlay-color":"","overlay-opacity":"","overlay-gradient":""},"mobile":{"background-color":"","background-image":"","background-repeat":"repeat","background-position":"center center","background-size":"auto","background-attachment":"scroll","background-type":"","background-media":"","overlay-type":"","overlay-color":"","overlay-opacity":"","overlay-gradient":""}},"ast-content-background-meta":{"desktop":{"background-color":"var(--ast-global-color-5)","background-image":"","background-repeat":"repeat","background-position":"center center","background-size":"auto","background-attachment":"scroll","background-type":"","background-media":"","overlay-type":"","overlay-color":"","overlay-opacity":"","overlay-gradient":""},"tablet":{"background-color":"var(--ast-global-color-5)","background-image":"","background-repeat":"repeat","background-position":"center center","background-size":"auto","background-attachment":"scroll","background-type":"","background-media":"","overlay-type":"","overlay-color":"","overlay-opacity":"","overlay-gradient":""},"mobile":{"background-color":"var(--ast-global-color-5)","background-image":"","background-repeat":"repeat","background-position":"center center","background-size":"auto","background-attachment":"scroll","background-type":"","background-media":"","overlay-type":"","overlay-color":"","overlay-opacity":"","overlay-gradient":""}},"footnotes":""},"categories":[65,29],"tags":[],"class_list":["post-22239","post","type-post","status-publish","format-standard","has-post-thumbnail","hentry","category-crp","category-portada"],"post_mailing_queue_ids":[],"_links":{"self":[{"href":"https:\/\/serveiseducatius.xtec.cat\/hospitalet\/wp-json\/wp\/v2\/posts\/22239","targetHints":{"allow":["GET"]}}],"collection":[{"href":"https:\/\/serveiseducatius.xtec.cat\/hospitalet\/wp-json\/wp\/v2\/posts"}],"about":[{"href":"https:\/\/serveiseducatius.xtec.cat\/hospitalet\/wp-json\/wp\/v2\/types\/post"}],"author":[{"embeddable":true,"href":"https:\/\/serveiseducatius.xtec.cat\/hospitalet\/wp-json\/wp\/v2\/users\/214"}],"replies":[{"embeddable":true,"href":"https:\/\/serveiseducatius.xtec.cat\/hospitalet\/wp-json\/wp\/v2\/comments?post=22239"}],"version-history":[{"count":1,"href":"https:\/\/serveiseducatius.xtec.cat\/hospitalet\/wp-json\/wp\/v2\/posts\/22239\/revisions"}],"predecessor-version":[{"id":22241,"href":"https:\/\/serveiseducatius.xtec.cat\/hospitalet\/wp-json\/wp\/v2\/posts\/22239\/revisions\/22241"}],"wp:featuredmedia":[{"embeddable":true,"href":"https:\/\/serveiseducatius.xtec.cat\/hospitalet\/wp-json\/wp\/v2\/media\/22240"}],"wp:attachment":[{"href":"https:\/\/serveiseducatius.xtec.cat\/hospitalet\/wp-json\/wp\/v2\/media?parent=22239"}],"wp:term":[{"taxonomy":"category","embeddable":true,"href":"https:\/\/serveiseducatius.xtec.cat\/hospitalet\/wp-json\/wp\/v2\/categories?post=22239"},{"taxonomy":"post_tag","embeddable":true,"href":"https:\/\/serveiseducatius.xtec.cat\/hospitalet\/wp-json\/wp\/v2\/tags?post=22239"}],"curies":[{"name":"wp","href":"https:\/\/api.w.org\/{rel}","templated":true}]}}