{"id":22173,"date":"2025-01-13T11:26:35","date_gmt":"2025-01-13T10:26:35","guid":{"rendered":"https:\/\/serveiseducatius.xtec.cat\/hospitalet\/?p=22173"},"modified":"2025-01-13T11:26:36","modified_gmt":"2025-01-13T10:26:36","slug":"nova-formacio-lacompanyament-lector-a-la-primera-infancia","status":"publish","type":"post","link":"https:\/\/serveiseducatius.xtec.cat\/hospitalet\/portada\/nova-formacio-lacompanyament-lector-a-la-primera-infancia\/","title":{"rendered":"Nova formaci\u00f3: L\u2019acompanyament lector a la primera inf\u00e0ncia"},"content":{"rendered":"\n<div class=\"wp-block-getwid-section alignfull alignfull getwid-section-content-custom-width\"><div class=\"wp-block-getwid-section__wrapper getwid-padding-left-medium getwid-padding-right-medium\"><div class=\"wp-block-getwid-section__inner-wrapper\" style=\"max-width:740px\"><div class=\"wp-block-getwid-section__background-holder\"><div class=\"wp-block-getwid-section__background\"><\/div><div class=\"wp-block-getwid-section__foreground\"><\/div><\/div><div class=\"wp-block-getwid-section__content\"><div class=\"wp-block-getwid-section__inner-content\">\n<div class=\"wp-block-getwid-advanced-heading\" style=\"margin-bottom:0px;margin-top:0px\"><span class=\"wp-block-getwid-advanced-heading__content\" style=\"text-align:center\"><\/span><\/div>\n\n\n\n<div class=\"wp-block-getwid-advanced-heading\" style=\"margin-bottom:50px;margin-top:10px\"><h2 class=\"wp-block-getwid-advanced-heading__content\" style=\"text-align:center\"><\/h2><\/div>\n\n\n\n<figure class=\"wp-block-image alignleft size-full is-resized\"><a href=\"https:\/\/serveiseducatius.xtec.cat\/hospitalet\/wp-content\/uploads\/usu542\/2025\/01\/fgjfj.png\"><img loading=\"lazy\" decoding=\"async\" width=\"516\" height=\"387\" src=\"https:\/\/serveiseducatius.xtec.cat\/hospitalet\/wp-content\/uploads\/usu542\/2025\/01\/fgjfj.png\" alt=\"\" class=\"wp-image-22174\" style=\"width:392px;height:auto\" srcset=\"https:\/\/serveiseducatius.xtec.cat\/hospitalet\/wp-content\/uploads\/usu542\/2025\/01\/fgjfj.png 516w, https:\/\/serveiseducatius.xtec.cat\/hospitalet\/wp-content\/uploads\/usu542\/2025\/01\/fgjfj-300x225.png 300w, https:\/\/serveiseducatius.xtec.cat\/hospitalet\/wp-content\/uploads\/usu542\/2025\/01\/fgjfj-200x150.png 200w\" sizes=\"auto, (max-width: 516px) 100vw, 516px\" \/><\/a><\/figure>\n\n\n\n<p class=\"has-text-color has-medium-font-size\" style=\"color:#000000\"><\/p>\n\n\n\n<p>El Departament d\u2019Educaci\u00f3 presenta una formaci\u00f3 adre\u00e7ada a educadores de llars d\u2019infants, mestres d\u2019educaci\u00f3 infantil i responsables de biblioteques escolars. Aquest curs t\u00e9 com a objectiu <strong>promoure la formaci\u00f3 liter\u00e0ria en l\u2019etapa d\u2019educaci\u00f3 infantil<\/strong> i acompanyar els infants en la descoberta dels llibres.<\/p>\n\n\n\n<h3 class=\"wp-block-heading\">Objectius principals:<\/h3>\n\n\n\n<ul class=\"wp-block-list\">\n<li>Con\u00e8ixer diverses tipologies de llibres que fomenten el desenvolupament del llenguatge.<\/li>\n\n\n\n<li>Reflexionar sobre el paper de l\u2019adult com a mediador en la lectura.<\/li>\n\n\n\n<li>Aprendre estrat\u00e8gies per despertar el gust per la literatura des de la inf\u00e0ncia.<\/li>\n<\/ul>\n\n\n\n<h3 class=\"wp-block-heading\">Caracter\u00edstiques de la formaci\u00f3:<\/h3>\n\n\n\n<ul class=\"wp-block-list\">\n<li>Modalitat: Formaci\u00f3 en l\u00ednia (21 hores en 6 sessions).<\/li>\n\n\n\n<li>Horari: Sessions de 17.30 h a 19.30 h.<\/li>\n\n\n\n<li>Dates:\n<ul class=\"wp-block-list\">\n<li>Grup 1: 26\/02\/25, 05\/03\/25, 19\/03\/25, 02\/04\/25, 07\/05\/25 i 14\/05\/25.<\/li>\n\n\n\n<li>Grup 2: 27\/02\/25, 06\/03\/25, 20\/03\/25, 03\/04\/25, 24\/04\/25 i 08\/05\/25.<\/li>\n<\/ul>\n<\/li>\n\n\n\n<li><strong>Certificaci\u00f3:<\/strong> Aquesta formaci\u00f3 suma hores per al perfil docent de lectura i biblioteca escolar.<\/li>\n<\/ul>\n\n\n\n<h3 class=\"wp-block-heading\">Inscripcions:<\/h3>\n\n\n\n<p>Consulta tota la informaci\u00f3 i fes la teva inscripci\u00f3 als seg\u00fcents enlla\u00e7os:<\/p>\n\n\n\n<ul class=\"wp-block-list\">\n<li><a href=\"https:\/\/aplicacions.gestioeducativa.gencat.cat\/ords\/pls\/soloas\/pk_for_mod_ins.p_for_detall_activitat?p_codi=9002590555&amp;p_curs=2024-2025&amp;p_es_inscr=S\">Grup 1 (dimecres)<\/a><\/li>\n\n\n\n<li><a href=\"https:\/\/aplicacions.gestioeducativa.gencat.cat\/ords\/pls\/soloas\/pk_for_mod_ins.p_for_detall_activitat?p_codi=9002600555&amp;p_curs=2024-2025&amp;p_es_inscr=S\">Grup 2 (dijous)<\/a><\/li>\n<\/ul>\n\n\n\n<p>No deixis passar aquesta oportunitat per fomentar l\u2019amor per la lectura en els m\u00e9s petits!<\/p>\n\n\n\n<p><\/p>\n\n\n\n<div class=\"wp-block-getwid-advanced-spacer\" style=\"height:20px\" aria-hidden=\"true\"><\/div>\n\n\n\n<div class=\"wp-block-button aligncenter\"><a class=\"wp-block-button__link has-text-color has-background wp-element-button\" href=\"https:\/\/projectes.xtec.cat\/nou-curriculum\/general\/nova-formacio-lacompanyament-lector-a-la-primera-infancia\/\" style=\"color:#ffffff;background-color:#000000\">M\u00e9s informaci\u00f3<\/a><\/div>\n<\/div><\/div><\/div><\/div><\/div>\n","protected":false},"excerpt":{"rendered":"<p>El Departament d\u2019Educaci\u00f3 presenta una formaci\u00f3 adre\u00e7ada a educadores de llars d\u2019infants, mestres d\u2019educaci\u00f3 infantil i responsables de biblioteques escolars. Aquest curs t\u00e9 com a objectiu promoure la formaci\u00f3 liter\u00e0ria en l\u2019etapa d\u2019educaci\u00f3 infantil i acompanyar els infants en la descoberta dels llibres.<\/p>\n","protected":false},"author":214,"featured_media":22174,"comment_status":"closed","ping_status":"open","sticky":false,"template":"","format":"standard","meta":{"_bbp_topic_count":0,"_bbp_reply_count":0,"_bbp_total_topic_count":0,"_bbp_total_reply_count":0,"_bbp_voice_count":0,"_bbp_anonymous_reply_count":0,"_bbp_topic_count_hidden":0,"_bbp_reply_count_hidden":0,"_bbp_forum_subforum_count":0,"site-sidebar-layout":"default","site-content-layout":"","ast-site-content-layout":"","site-content-style":"default","site-sidebar-style":"default","ast-global-header-display":"","ast-banner-title-visibility":"","ast-main-header-display":"","ast-hfb-above-header-display":"","ast-hfb-below-header-display":"","ast-hfb-mobile-header-display":"","site-post-title":"","ast-breadcrumbs-content":"","ast-featured-img":"","footer-sml-layout":"","theme-transparent-header-meta":"","adv-header-id-meta":"","stick-header-meta":"","header-above-stick-meta":"","header-main-stick-meta":"","header-below-stick-meta":"","astra-migrate-meta-layouts":"default","ast-page-background-enabled":"default","ast-page-background-meta":{"desktop":{"background-color":"var(--ast-global-color-4)","background-image":"","background-repeat":"repeat","background-position":"center center","background-size":"auto","background-attachment":"scroll","background-type":"","background-media":"","overlay-type":"","overlay-color":"","overlay-opacity":"","overlay-gradient":""},"tablet":{"background-color":"","background-image":"","background-repeat":"repeat","background-position":"center center","background-size":"auto","background-attachment":"scroll","background-type":"","background-media":"","overlay-type":"","overlay-color":"","overlay-opacity":"","overlay-gradient":""},"mobile":{"background-color":"","background-image":"","background-repeat":"repeat","background-position":"center center","background-size":"auto","background-attachment":"scroll","background-type":"","background-media":"","overlay-type":"","overlay-color":"","overlay-opacity":"","overlay-gradient":""}},"ast-content-background-meta":{"desktop":{"background-color":"var(--ast-global-color-5)","background-image":"","background-repeat":"repeat","background-position":"center center","background-size":"auto","background-attachment":"scroll","background-type":"","background-media":"","overlay-type":"","overlay-color":"","overlay-opacity":"","overlay-gradient":""},"tablet":{"background-color":"var(--ast-global-color-5)","background-image":"","background-repeat":"repeat","background-position":"center center","background-size":"auto","background-attachment":"scroll","background-type":"","background-media":"","overlay-type":"","overlay-color":"","overlay-opacity":"","overlay-gradient":""},"mobile":{"background-color":"var(--ast-global-color-5)","background-image":"","background-repeat":"repeat","background-position":"center center","background-size":"auto","background-attachment":"scroll","background-type":"","background-media":"","overlay-type":"","overlay-color":"","overlay-opacity":"","overlay-gradient":""}},"footnotes":""},"categories":[65,264,29],"tags":[163,226,100],"class_list":["post-22173","post","type-post","status-publish","format-standard","has-post-thumbnail","hentry","category-crp","category-infantil-0-6","category-portada","tag-educacio-infantil","tag-formacio","tag-lectura"],"post_mailing_queue_ids":[],"_links":{"self":[{"href":"https:\/\/serveiseducatius.xtec.cat\/hospitalet\/wp-json\/wp\/v2\/posts\/22173","targetHints":{"allow":["GET"]}}],"collection":[{"href":"https:\/\/serveiseducatius.xtec.cat\/hospitalet\/wp-json\/wp\/v2\/posts"}],"about":[{"href":"https:\/\/serveiseducatius.xtec.cat\/hospitalet\/wp-json\/wp\/v2\/types\/post"}],"author":[{"embeddable":true,"href":"https:\/\/serveiseducatius.xtec.cat\/hospitalet\/wp-json\/wp\/v2\/users\/214"}],"replies":[{"embeddable":true,"href":"https:\/\/serveiseducatius.xtec.cat\/hospitalet\/wp-json\/wp\/v2\/comments?post=22173"}],"version-history":[{"count":1,"href":"https:\/\/serveiseducatius.xtec.cat\/hospitalet\/wp-json\/wp\/v2\/posts\/22173\/revisions"}],"predecessor-version":[{"id":22175,"href":"https:\/\/serveiseducatius.xtec.cat\/hospitalet\/wp-json\/wp\/v2\/posts\/22173\/revisions\/22175"}],"wp:featuredmedia":[{"embeddable":true,"href":"https:\/\/serveiseducatius.xtec.cat\/hospitalet\/wp-json\/wp\/v2\/media\/22174"}],"wp:attachment":[{"href":"https:\/\/serveiseducatius.xtec.cat\/hospitalet\/wp-json\/wp\/v2\/media?parent=22173"}],"wp:term":[{"taxonomy":"category","embeddable":true,"href":"https:\/\/serveiseducatius.xtec.cat\/hospitalet\/wp-json\/wp\/v2\/categories?post=22173"},{"taxonomy":"post_tag","embeddable":true,"href":"https:\/\/serveiseducatius.xtec.cat\/hospitalet\/wp-json\/wp\/v2\/tags?post=22173"}],"curies":[{"name":"wp","href":"https:\/\/api.w.org\/{rel}","templated":true}]}}