{"id":22081,"date":"2024-12-03T10:54:41","date_gmt":"2024-12-03T09:54:41","guid":{"rendered":"https:\/\/serveiseducatius.xtec.cat\/hospitalet\/?p=22081"},"modified":"2025-03-25T13:51:59","modified_gmt":"2025-03-25T12:51:59","slug":"novetat-nous-lots-de-llibres-de-consulta-disponibles","status":"publish","type":"post","link":"https:\/\/serveiseducatius.xtec.cat\/hospitalet\/portada\/novetat-nous-lots-de-llibres-de-consulta-disponibles\/","title":{"rendered":"Novetat! Nous lots de llibres de consulta disponibles, en pr\u00e9stec"},"content":{"rendered":"\n<hr class=\"wp-block-separator has-alpha-channel-opacity\"\/>\n\n\n\n<h3 class=\"wp-block-heading\"><\/h3>\n\n\n\n<div class=\"wp-block-getwid-section alignfull alignfull getwid-section-content-custom-width\"><div class=\"wp-block-getwid-section__wrapper getwid-padding-left-medium getwid-padding-right-medium\"><div class=\"wp-block-getwid-section__inner-wrapper\" style=\"max-width:740px\"><div class=\"wp-block-getwid-section__background-holder\"><div class=\"wp-block-getwid-section__background\"><\/div><div class=\"wp-block-getwid-section__foreground\"><\/div><\/div><div class=\"wp-block-getwid-section__content\"><div class=\"wp-block-getwid-section__inner-content\">\n<div class=\"wp-block-getwid-advanced-heading\" style=\"margin-bottom:0px;margin-top:0px\"><span class=\"wp-block-getwid-advanced-heading__content\" style=\"text-align:center\"><\/span><\/div>\n\n\n\n<div class=\"wp-block-getwid-advanced-heading\" style=\"margin-bottom:50px;margin-top:10px\"><h2 class=\"wp-block-getwid-advanced-heading__content\" style=\"text-align:center\"><\/h2><\/div>\n\n\n\n<p class=\"has-text-color has-medium-font-size\" style=\"color:#000000\">Porta la hist\u00f2ria, la ci\u00e8ncia i l\u2019univers directament a l\u2019aula amb les nostres noves maletes pedag\u00f2giques<\/p>\n\n\n\n<p>El Centre de Recursos Pedag\u00f2gics posa a disposici\u00f3 dels centres educatius <strong>noves maletes pedag\u00f2giques<\/strong> amb packs de llibres de consulta pensades per treballar tem\u00e0tiques d\u2019actualitat i d\u2019inter\u00e8s hist\u00f2ric i cient\u00edfic amb l\u2019alumnat de <strong>Cicle Mitj\u00e0 (CM)<\/strong>, <strong>Cicle Superior (CS)<\/strong> i <strong>Educaci\u00f3 Secund\u00e0ria Obligat\u00f2ria (ESO)<\/strong>.<\/p>\n\n\n\n<p>Les noves maletes inclouen materials sobre:<br>\ud83d\udcda <strong>Personatges hist\u00f2rics (MA PG)<\/strong><br>Explora la vida i les aportacions de figures clau de la hist\u00f2ria i inspira l\u2019alumnat amb les seves gestes i rellev\u00e0ncia.<\/p>\n\n\n\n<p>\ud83c\udf0d <strong>Canvi clim\u00e0tic (MA CC)<\/strong><br>Promou la consci\u00e8ncia ambiental amb recursos que analitzen les causes, els efectes i les possibles solucions davant d\u2019aquesta crisi global.<\/p>\n\n\n\n<p>\ud83c\udf0b <strong>La Terra (MA LT)<\/strong><br>Submergeix-te en el coneixement sobre el nostre planeta: des de la seva formaci\u00f3 fins als processos naturals que el modelen.<\/p>\n\n\n\n<p>\u2728 <strong>El cosmos (MA C)<\/strong><br>Una porta oberta a l\u2019univers: recursos per entendre l\u2019espai exterior, els planetes, les estrelles i molt m\u00e9s.<\/p>\n\n\n\n<p><strong>Reserva la teva maleta!<\/strong><br>Per sol\u00b7licitar el pr\u00e9stec o obtenir m\u00e9s informaci\u00f3, contacta amb el CRP a trav\u00e9s del correu electr\u00f2nic a8930005@xtec.cat.<\/p>\n\n\n\n<div class=\"wp-block-getwid-advanced-spacer\" style=\"height:20px\" aria-hidden=\"true\"><\/div>\n\n\n\n<div class=\"wp-block-button aligncenter\"><a class=\"wp-block-button__link has-text-color has-background wp-element-button\" href=\"https:\/\/serveiseducatius.xtec.cat\/hospitalet\/categoria\/recursos\/maletes-pedagogiques\/\" style=\"color:#ffffff;background-color:#000000\">M\u00e9s informaci\u00f3<\/a><\/div>\n<\/div><\/div><\/div><\/div><\/div>\n","protected":false},"excerpt":{"rendered":"<p>El Centre de Recursos Pedag\u00f2gics posa a disposici\u00f3 dels centres educatius noves maletes pedag\u00f2giques amb packs de llibres de consulta pensades per treballar tem\u00e0tiques d\u2019actualitat i d\u2019inter\u00e8s hist\u00f2ric i cient\u00edfic amb l\u2019alumnat .<\/p>\n","protected":false},"author":1,"featured_media":22082,"comment_status":"closed","ping_status":"open","sticky":false,"template":"","format":"standard","meta":{"_bbp_topic_count":0,"_bbp_reply_count":0,"_bbp_total_topic_count":0,"_bbp_total_reply_count":0,"_bbp_voice_count":0,"_bbp_anonymous_reply_count":0,"_bbp_topic_count_hidden":0,"_bbp_reply_count_hidden":0,"_bbp_forum_subforum_count":0,"site-sidebar-layout":"default","site-content-layout":"","ast-site-content-layout":"","site-content-style":"default","site-sidebar-style":"default","ast-global-header-display":"","ast-banner-title-visibility":"","ast-main-header-display":"","ast-hfb-above-header-display":"","ast-hfb-below-header-display":"","ast-hfb-mobile-header-display":"","site-post-title":"","ast-breadcrumbs-content":"","ast-featured-img":"","footer-sml-layout":"","theme-transparent-header-meta":"","adv-header-id-meta":"","stick-header-meta":"","header-above-stick-meta":"","header-main-stick-meta":"","header-below-stick-meta":"","astra-migrate-meta-layouts":"default","ast-page-background-enabled":"default","ast-page-background-meta":{"desktop":{"background-color":"var(--ast-global-color-4)","background-image":"","background-repeat":"repeat","background-position":"center center","background-size":"auto","background-attachment":"scroll","background-type":"","background-media":"","overlay-type":"","overlay-color":"","overlay-opacity":"","overlay-gradient":""},"tablet":{"background-color":"","background-image":"","background-repeat":"repeat","background-position":"center center","background-size":"auto","background-attachment":"scroll","background-type":"","background-media":"","overlay-type":"","overlay-color":"","overlay-opacity":"","overlay-gradient":""},"mobile":{"background-color":"","background-image":"","background-repeat":"repeat","background-position":"center center","background-size":"auto","background-attachment":"scroll","background-type":"","background-media":"","overlay-type":"","overlay-color":"","overlay-opacity":"","overlay-gradient":""}},"ast-content-background-meta":{"desktop":{"background-color":"var(--ast-global-color-5)","background-image":"","background-repeat":"repeat","background-position":"center center","background-size":"auto","background-attachment":"scroll","background-type":"","background-media":"","overlay-type":"","overlay-color":"","overlay-opacity":"","overlay-gradient":""},"tablet":{"background-color":"var(--ast-global-color-5)","background-image":"","background-repeat":"repeat","background-position":"center center","background-size":"auto","background-attachment":"scroll","background-type":"","background-media":"","overlay-type":"","overlay-color":"","overlay-opacity":"","overlay-gradient":""},"mobile":{"background-color":"var(--ast-global-color-5)","background-image":"","background-repeat":"repeat","background-position":"center center","background-size":"auto","background-attachment":"scroll","background-type":"","background-media":"","overlay-type":"","overlay-color":"","overlay-opacity":"","overlay-gradient":""}},"footnotes":""},"categories":[65,82,29,76],"tags":[1085],"class_list":["post-22081","post","type-post","status-publish","format-standard","has-post-thumbnail","hentry","category-crp","category-maletes-pedagogiques","category-portada","category-recursos","tag-maletes-pedagogiques"],"post_mailing_queue_ids":[],"_links":{"self":[{"href":"https:\/\/serveiseducatius.xtec.cat\/hospitalet\/wp-json\/wp\/v2\/posts\/22081","targetHints":{"allow":["GET"]}}],"collection":[{"href":"https:\/\/serveiseducatius.xtec.cat\/hospitalet\/wp-json\/wp\/v2\/posts"}],"about":[{"href":"https:\/\/serveiseducatius.xtec.cat\/hospitalet\/wp-json\/wp\/v2\/types\/post"}],"author":[{"embeddable":true,"href":"https:\/\/serveiseducatius.xtec.cat\/hospitalet\/wp-json\/wp\/v2\/users\/1"}],"replies":[{"embeddable":true,"href":"https:\/\/serveiseducatius.xtec.cat\/hospitalet\/wp-json\/wp\/v2\/comments?post=22081"}],"version-history":[{"count":3,"href":"https:\/\/serveiseducatius.xtec.cat\/hospitalet\/wp-json\/wp\/v2\/posts\/22081\/revisions"}],"predecessor-version":[{"id":22085,"href":"https:\/\/serveiseducatius.xtec.cat\/hospitalet\/wp-json\/wp\/v2\/posts\/22081\/revisions\/22085"}],"wp:featuredmedia":[{"embeddable":true,"href":"https:\/\/serveiseducatius.xtec.cat\/hospitalet\/wp-json\/wp\/v2\/media\/22082"}],"wp:attachment":[{"href":"https:\/\/serveiseducatius.xtec.cat\/hospitalet\/wp-json\/wp\/v2\/media?parent=22081"}],"wp:term":[{"taxonomy":"category","embeddable":true,"href":"https:\/\/serveiseducatius.xtec.cat\/hospitalet\/wp-json\/wp\/v2\/categories?post=22081"},{"taxonomy":"post_tag","embeddable":true,"href":"https:\/\/serveiseducatius.xtec.cat\/hospitalet\/wp-json\/wp\/v2\/tags?post=22081"}],"curies":[{"name":"wp","href":"https:\/\/api.w.org\/{rel}","templated":true}]}}