{"id":22010,"date":"2024-11-21T08:25:27","date_gmt":"2024-11-21T07:25:27","guid":{"rendered":"https:\/\/serveiseducatius.xtec.cat\/hospitalet\/?p=22010"},"modified":"2024-11-21T08:25:28","modified_gmt":"2024-11-21T07:25:28","slug":"arriba-una-nova-edicio-del-tour-de-mates","status":"publish","type":"post","link":"https:\/\/serveiseducatius.xtec.cat\/hospitalet\/general\/arriba-una-nova-edicio-del-tour-de-mates\/","title":{"rendered":"Arriba una nova edici\u00f3 del TOUR DE MATES"},"content":{"rendered":"\n<div class=\"wp-block-getwid-section alignfull alignfull getwid-section-content-custom-width\"><div class=\"wp-block-getwid-section__wrapper getwid-padding-left-medium getwid-padding-right-medium\"><div class=\"wp-block-getwid-section__inner-wrapper\" style=\"max-width:740px\"><div class=\"wp-block-getwid-section__background-holder\"><div class=\"wp-block-getwid-section__background\"><\/div><div class=\"wp-block-getwid-section__foreground\"><\/div><\/div><div class=\"wp-block-getwid-section__content\"><div class=\"wp-block-getwid-section__inner-content\">\n<div class=\"wp-block-getwid-advanced-heading\" style=\"margin-bottom:0px;margin-top:0px\"><span class=\"wp-block-getwid-advanced-heading__content\" style=\"text-align:center\"><\/span><\/div>\n\n\n\n<div class=\"wp-block-getwid-advanced-heading\" style=\"margin-bottom:50px;margin-top:10px\"><h2 class=\"wp-block-getwid-advanced-heading__content\" style=\"text-align:center\">La carrera de c\u00e0lcul mental<\/h2><\/div>\n\n\n\n<p class=\"has-text-color has-medium-font-size\" style=\"color:#000000\"><\/p>\n\n\n\n<p>La competici\u00f3 <strong>TOUR DE MATES<\/strong> torna amb la seva <strong>segona edici\u00f3 nacional<\/strong>, despr\u00e9s de l&#8217;\u00e8xit de la primera edici\u00f3 amb m\u00e9s de <strong>55.000 alumnes<\/strong> de <strong>40 prov\u00edncies diferents<\/strong>. Aquesta edici\u00f3 comptar\u00e0 amb <strong>13 fases provincials<\/strong> gr\u00e0cies al suport de les <strong>Associacions de professorat<\/strong> i ofereix una oportunitat \u00fanica per als estudiants de <strong>Prim\u00e0ria, ESO, Batxillerat i FP<\/strong> de posar a prova les seves habilitats en c\u00e0lcul mental.<\/p>\n\n\n\n<h3 class=\"wp-block-heading\"><strong>Com funciona?<\/strong><\/h3>\n\n\n\n<p>El Tour de Mates \u00e9s una competici\u00f3 interna en cada centre educatiu, dividida en dues categories:<\/p>\n\n\n\n<ul class=\"wp-block-list\">\n<li><strong>Alumnat d&#8217;ESO, Batxillerat i FP<\/strong><\/li>\n\n\n\n<li><strong>Alumnat de Prim\u00e0ria<\/strong><\/li>\n<\/ul>\n\n\n\n<p>Els estudiants competiran per resoldre el major nombre possible d&#8217;operacions matem\u00e0tiques en un temps determinat. Els mateixos <strong>docents actuen com a jutges<\/strong> i realitzen la prova dins l&#8217;horari lectiu, quan considerin m\u00e9s convenient. Aix\u00f2 permet treballar i avaluar el c\u00e0lcul mental d\u2019una forma motivadora per a l\u2019alumnat.<\/p>\n\n\n\n<figure class=\"wp-block-image alignleft size-full\"><a href=\"https:\/\/serveiseducatius.xtec.cat\/hospitalet\/wp-content\/uploads\/usu542\/2024\/11\/calendario-2025.webp\"><img loading=\"lazy\" decoding=\"async\" width=\"1023\" height=\"530\" src=\"https:\/\/serveiseducatius.xtec.cat\/hospitalet\/wp-content\/uploads\/usu542\/2024\/11\/calendario-2025.webp\" alt=\"\" class=\"wp-image-22011\" srcset=\"https:\/\/serveiseducatius.xtec.cat\/hospitalet\/wp-content\/uploads\/usu542\/2024\/11\/calendario-2025.webp 1023w, https:\/\/serveiseducatius.xtec.cat\/hospitalet\/wp-content\/uploads\/usu542\/2024\/11\/calendario-2025-300x155.webp 300w, https:\/\/serveiseducatius.xtec.cat\/hospitalet\/wp-content\/uploads\/usu542\/2024\/11\/calendario-2025-768x398.webp 768w\" sizes=\"auto, (max-width: 1023px) 100vw, 1023px\" \/><\/a><\/figure>\n\n\n\n<p>A m\u00e9s, a la <strong><a href=\"https:\/\/eltourdemates.wordpress.com\/\">web de la competici\u00f3<\/a><\/strong>, els docents tenen acc\u00e9s a <strong>activitats imprimibles<\/strong>, activitats <strong>en l\u00ednia autocorregibles<\/strong>, i <strong>v\u00eddeos<\/strong> o <strong>p\u00edndoles de coneixement<\/strong> per treballar les estrat\u00e8gies de c\u00e0lcul mental setmanals.<\/p>\n\n\n\n<h3 class=\"wp-block-heading\"><strong>Inscripci\u00f3 i Dates<\/strong><\/h3>\n\n\n\n<p>La competici\u00f3 comen\u00e7ar\u00e0 el <strong>13 de gener<\/strong> i durar\u00e0 <strong>5 setmanes<\/strong> dins l\u2019horari escolar. Ja podeu inscriure els vostres centres educatius omplint el <a href=\"https:\/\/forms.gle\/ujWC7iQkZGLRT8bR9\">formulari<\/a> a la web oficial.<\/p>\n\n\n\n<p><strong>Fase Provincial<\/strong>: Un cop finalitzada la competici\u00f3 a nivell de centre, es celebrar\u00e0 una <strong>fase provincial<\/strong>, on els millors alumnes competiran entre ells per demostrar les seves habilitats en c\u00e0lcul mental.<\/p>\n\n\n\n<h3 class=\"wp-block-heading\"><strong>Preguntes freq\u00fcents:<\/strong><\/h3>\n\n\n\n<p><strong>1. Com puc explicar la competici\u00f3 als companys del departament?<\/strong><br>Tens disponible un <strong>v\u00eddeo de presentaci\u00f3<\/strong> per explicar la competici\u00f3 de manera senzilla. Tamb\u00e9 pots consultar el <strong>reglament<\/strong> a la web per obtenir m\u00e9s informaci\u00f3 detallada.<\/p>\n\n\n\n<p><strong>2. Els meus alumnes competeixen contra alumnes d&#8217;altres centres?<\/strong><br>Els alumnes competeixen \u00fanicament amb els companys del seu centre. A la Fase provincial \u00e9s quan els millors alumnes de cada centre es mesuren entre ells.<\/p>\n\n\n\n<p><strong>3. \u00c9s obligatori que participi tot el centre educatiu?<\/strong><br>No \u00e9s obligatori, per\u00f2 es recomana que participin tots els alumnes del centre, ja que aquesta experi\u00e8ncia ajuda a descobrir el potencial de cada estudiant.<\/p>\n\n\n\n<p><strong>4. Quin cost t\u00e9 la competici\u00f3?<\/strong><br>El <strong>Tour de Mates<\/strong> \u00e9s completament <strong>gratu\u00eft<\/strong>. El seu objectiu \u00e9s fomentar el c\u00e0lcul mental i motivar l\u2019aprenentatge de les matem\u00e0tiques. No s\u2019atorguen premis individuals, per\u00f2 els alumnes poden gaudir de l\u2019experi\u00e8ncia.<\/p>\n\n\n\n<h3 class=\"wp-block-heading\"><strong>Inscripci\u00f3<\/strong><\/h3>\n\n\n\n<p>Per inscriure el teu centre, visita el seg\u00fcent formulari a la web oficial:<br><a href=\"https:\/\/eltourdemates.wordpress.com\/\">https:\/\/eltourdemates.wordpress.com\/<\/a><\/p>\n\n\n\n<p>Per m\u00e9s informaci\u00f3, podeu consultar la not\u00edcia al <strong>web d\u2019ABEAM<\/strong>:<br><a href=\"https:\/\/abeam.feemcat.org\/web\/portada\/el-tour-de-mates-2024-2025\/\">https:\/\/abeam.feemcat.org\/web\/portada\/el-tour-de-mates-2024-2025\/<\/a><\/p>\n\n\n\n<p><strong>Per dubtes o aclariments, estem a la vostra disposici\u00f3 al correu:<\/strong><br><a>cgranel4@xtec.cat<\/a><\/p>\n\n\n\n<div class=\"wp-block-getwid-advanced-spacer\" style=\"height:20px\" aria-hidden=\"true\"><\/div>\n\n\n\n<div class=\"wp-block-button aligncenter\"><a class=\"wp-block-button__link has-text-color has-background wp-element-button\" href=\"https:\/\/eltourdemates.wordpress.com\/\" style=\"color:#ffffff;background-color:#000000\">M\u00e9s informaci\u00f3<\/a><\/div>\n<\/div><\/div><\/div><\/div><\/div>\n","protected":false},"excerpt":{"rendered":"<p>La competici\u00f3 TOUR DE MATES torna amb la seva segona edici\u00f3 nacional, despr\u00e9s de l&#8217;\u00e8xit de la primera edici\u00f3 amb m\u00e9s de 55.000 alumnes de 40 prov\u00edncies diferents. Aquesta edici\u00f3 comptar\u00e0 amb 13 fases provincials gr\u00e0cies al suport de les Associacions de professorat i ofereix una oportunitat \u00fanica per als estudiants de Prim\u00e0ria, ESO, Batxillerat i FP de posar a prova les seves habilitats en c\u00e0lcul mental.<\/p>\n","protected":false},"author":1,"featured_media":22011,"comment_status":"closed","ping_status":"open","sticky":false,"template":"","format":"standard","meta":{"_bbp_topic_count":0,"_bbp_reply_count":0,"_bbp_total_topic_count":0,"_bbp_total_reply_count":0,"_bbp_voice_count":0,"_bbp_anonymous_reply_count":0,"_bbp_topic_count_hidden":0,"_bbp_reply_count_hidden":0,"_bbp_forum_subforum_count":0,"site-sidebar-layout":"default","site-content-layout":"","ast-site-content-layout":"","site-content-style":"default","site-sidebar-style":"default","ast-global-header-display":"","ast-banner-title-visibility":"","ast-main-header-display":"","ast-hfb-above-header-display":"","ast-hfb-below-header-display":"","ast-hfb-mobile-header-display":"","site-post-title":"","ast-breadcrumbs-content":"","ast-featured-img":"","footer-sml-layout":"","theme-transparent-header-meta":"","adv-header-id-meta":"","stick-header-meta":"","header-above-stick-meta":"","header-main-stick-meta":"","header-below-stick-meta":"","astra-migrate-meta-layouts":"default","ast-page-background-enabled":"default","ast-page-background-meta":{"desktop":{"background-color":"var(--ast-global-color-4)","background-image":"","background-repeat":"repeat","background-position":"center center","background-size":"auto","background-attachment":"scroll","background-type":"","background-media":"","overlay-type":"","overlay-color":"","overlay-opacity":"","overlay-gradient":""},"tablet":{"background-color":"","background-image":"","background-repeat":"repeat","background-position":"center center","background-size":"auto","background-attachment":"scroll","background-type":"","background-media":"","overlay-type":"","overlay-color":"","overlay-opacity":"","overlay-gradient":""},"mobile":{"background-color":"","background-image":"","background-repeat":"repeat","background-position":"center center","background-size":"auto","background-attachment":"scroll","background-type":"","background-media":"","overlay-type":"","overlay-color":"","overlay-opacity":"","overlay-gradient":""}},"ast-content-background-meta":{"desktop":{"background-color":"var(--ast-global-color-5)","background-image":"","background-repeat":"repeat","background-position":"center center","background-size":"auto","background-attachment":"scroll","background-type":"","background-media":"","overlay-type":"","overlay-color":"","overlay-opacity":"","overlay-gradient":""},"tablet":{"background-color":"var(--ast-global-color-5)","background-image":"","background-repeat":"repeat","background-position":"center center","background-size":"auto","background-attachment":"scroll","background-type":"","background-media":"","overlay-type":"","overlay-color":"","overlay-opacity":"","overlay-gradient":""},"mobile":{"background-color":"var(--ast-global-color-5)","background-image":"","background-repeat":"repeat","background-position":"center center","background-size":"auto","background-attachment":"scroll","background-type":"","background-media":"","overlay-type":"","overlay-color":"","overlay-opacity":"","overlay-gradient":""}},"footnotes":""},"categories":[65,1,29],"tags":[41],"class_list":["post-22010","post","type-post","status-publish","format-standard","has-post-thumbnail","hentry","category-crp","category-general","category-portada","tag-matematiques"],"post_mailing_queue_ids":[],"_links":{"self":[{"href":"https:\/\/serveiseducatius.xtec.cat\/hospitalet\/wp-json\/wp\/v2\/posts\/22010","targetHints":{"allow":["GET"]}}],"collection":[{"href":"https:\/\/serveiseducatius.xtec.cat\/hospitalet\/wp-json\/wp\/v2\/posts"}],"about":[{"href":"https:\/\/serveiseducatius.xtec.cat\/hospitalet\/wp-json\/wp\/v2\/types\/post"}],"author":[{"embeddable":true,"href":"https:\/\/serveiseducatius.xtec.cat\/hospitalet\/wp-json\/wp\/v2\/users\/1"}],"replies":[{"embeddable":true,"href":"https:\/\/serveiseducatius.xtec.cat\/hospitalet\/wp-json\/wp\/v2\/comments?post=22010"}],"version-history":[{"count":1,"href":"https:\/\/serveiseducatius.xtec.cat\/hospitalet\/wp-json\/wp\/v2\/posts\/22010\/revisions"}],"predecessor-version":[{"id":22019,"href":"https:\/\/serveiseducatius.xtec.cat\/hospitalet\/wp-json\/wp\/v2\/posts\/22010\/revisions\/22019"}],"wp:featuredmedia":[{"embeddable":true,"href":"https:\/\/serveiseducatius.xtec.cat\/hospitalet\/wp-json\/wp\/v2\/media\/22011"}],"wp:attachment":[{"href":"https:\/\/serveiseducatius.xtec.cat\/hospitalet\/wp-json\/wp\/v2\/media?parent=22010"}],"wp:term":[{"taxonomy":"category","embeddable":true,"href":"https:\/\/serveiseducatius.xtec.cat\/hospitalet\/wp-json\/wp\/v2\/categories?post=22010"},{"taxonomy":"post_tag","embeddable":true,"href":"https:\/\/serveiseducatius.xtec.cat\/hospitalet\/wp-json\/wp\/v2\/tags?post=22010"}],"curies":[{"name":"wp","href":"https:\/\/api.w.org\/{rel}","templated":true}]}}