{"id":21914,"date":"2024-11-05T09:04:58","date_gmt":"2024-11-05T08:04:58","guid":{"rendered":"https:\/\/serveiseducatius.xtec.cat\/hospitalet\/?p=21914"},"modified":"2025-06-25T11:35:58","modified_gmt":"2025-06-25T09:35:58","slug":"la-dana-del-pais-valencia","status":"publish","type":"post","link":"https:\/\/serveiseducatius.xtec.cat\/hospitalet\/portada\/la-dana-del-pais-valencia\/","title":{"rendered":"La DANA del Pa\u00eds Valenci\u00e0"},"content":{"rendered":"\n<p><a href=\"https:\/\/serveiseducatius.xtec.cat\/cesire\/wp-content\/uploads\/usu2650\/2024\/11\/Imatge-DANA.jpg\"><\/a><\/p>\n\n\n\n<div class=\"wp-block-getwid-section alignfull alignfull getwid-section-content-custom-width\"><div class=\"wp-block-getwid-section__wrapper getwid-padding-left-medium getwid-padding-right-medium\"><div class=\"wp-block-getwid-section__inner-wrapper\" style=\"max-width:740px\"><div class=\"wp-block-getwid-section__background-holder\"><div class=\"wp-block-getwid-section__background\"><\/div><div class=\"wp-block-getwid-section__foreground\"><\/div><\/div><div class=\"wp-block-getwid-section__content\"><div class=\"wp-block-getwid-section__inner-content\">\n<div class=\"wp-block-getwid-advanced-heading\" style=\"margin-bottom:0px;margin-top:0px\"><span class=\"wp-block-getwid-advanced-heading__content\" style=\"text-align:center\"><\/span><\/div>\n\n\n\n<div class=\"wp-block-getwid-advanced-heading\" style=\"margin-bottom:50px;margin-top:10px\"><h2 class=\"wp-block-getwid-advanced-heading__content\" style=\"text-align:center\"><\/h2><\/div>\n\n\n\n<figure class=\"wp-block-image alignleft size-full\"><a href=\"https:\/\/serveiseducatius.xtec.cat\/hospitalet\/wp-content\/uploads\/usu542\/2024\/11\/Imatge-DANA.jpg\"><img loading=\"lazy\" decoding=\"async\" width=\"950\" height=\"316\" src=\"https:\/\/serveiseducatius.xtec.cat\/hospitalet\/wp-content\/uploads\/usu542\/2024\/11\/Imatge-DANA.jpg\" alt=\"\" class=\"wp-image-21915\" srcset=\"https:\/\/serveiseducatius.xtec.cat\/hospitalet\/wp-content\/uploads\/usu542\/2024\/11\/Imatge-DANA.jpg 950w, https:\/\/serveiseducatius.xtec.cat\/hospitalet\/wp-content\/uploads\/usu542\/2024\/11\/Imatge-DANA-300x100.jpg 300w, https:\/\/serveiseducatius.xtec.cat\/hospitalet\/wp-content\/uploads\/usu542\/2024\/11\/Imatge-DANA-768x255.jpg 768w\" sizes=\"auto, (max-width: 950px) 100vw, 950px\" \/><\/a><\/figure>\n\n\n\n<p class=\"has-text-color has-medium-font-size\" style=\"color:#000000\"><\/p>\n\n\n\n<p>A partir de la DANA i la situaci\u00f3 d\u2019emerg\u00e8ncia natural i social que es viu al Pa\u00eds Valenci\u00e0,&nbsp; el CESIRE us ofereix una s\u00e8rie de recursos i propostes did\u00e0ctiques per treballar amb l\u2019alumnat la complexitat D\u2019aquest fet i donar resposta als neguits i preguntes que ha generat aquesta situaci\u00f3.&nbsp;<\/p>\n\n\n\n<p>Tot el nostre suport a les estudiants i a les docents valencianes.<\/p>\n\n\n\n<p><strong>Material de pr\u00e9stec del CESIRE<\/strong><\/p>\n\n\n\n<p><a href=\"https:\/\/sites.google.com\/xtec.cat\/interpretemelpaisatge\/inicio\/una-maleta-amb-recursos\">\u201cMaleta per a interpretar el paisatge\u201d<\/a><\/p>\n\n\n\n<p><strong>Recursos per a educaci\u00f3 prim\u00e0ria<\/strong><\/p>\n\n\n\n<p>2.1. ARC<\/p>\n\n\n\n<ul class=\"wp-block-list\">\n<li><a href=\"https:\/\/apliense.xtec.cat\/arc\/node\/30520\">Podria desapar\u00e8ixer l\u2019hort de l\u2019escola?<\/a>. Griselda Batlle<\/li>\n\n\n\n<li><a href=\"https:\/\/apliense.xtec.cat\/arc\/node\/29905\">Podem utilitzar el riu com vulguem?<\/a>. N\u00faria Posada<\/li>\n\n\n\n<li><a href=\"https:\/\/apliense.xtec.cat\/arc\/node\/30053\">Podem preveure la caiguda dels arbres a causa del vent?<\/a>&nbsp;Francisco Manuel S\u00e1nchez Guerrero<\/li>\n\n\n\n<li>&nbsp;<a href=\"https:\/\/apliense.xtec.cat\/arc\/node\/29595\">Es podria repetir una nit tr\u00e0gica com la del 25 de setembre de 1962?<\/a>. Esther P\u00e9rez i N\u00faria L\u00f3pez&nbsp;<\/li>\n\n\n\n<li><a href=\"https:\/\/apliense.xtec.cat\/arc\/node\/30413\">La font del pati no funciona<\/a>&nbsp; M. Inmaculada Pinero i Sandra Memminger. Escola Tanit.<\/li>\n<\/ul>\n\n\n\n<p>2.2. Altres recursos<\/p>\n\n\n\n<ul class=\"wp-block-list\">\n<li><a href=\"https:\/\/llibrespetitstalents.fundaciorecerca.cat\/PDF\/llibre_investiguem_relacions.pdf\">Investiguem els fen\u00f2mens geol\u00f2gics i el paisatge<\/a>. Petit Talents Cient\u00edfica Arnau Amat, Joan Callarisa, \u00cdngrit Soriguera i Jordi Vil\u00e0<\/li>\n\n\n\n<li><a href=\"https:\/\/tresorderecursos.com\/riscos-naturals-i-derivats-de-laccio-humana\/\">Riscos naturals i derivats de l\u2019acci\u00f3 humana,<\/a>&nbsp;Tresor de Recursos<\/li>\n<\/ul>\n\n\n\n<p><strong>Recursos per a educaci\u00f3 secund\u00e0ria<\/strong><\/p>\n\n\n\n<p>3.1. ARC<\/p>\n\n\n\n<ul class=\"wp-block-list\">\n<li><a href=\"https:\/\/apliense.xtec.cat\/arc\/node\/31183\">Els riscos geol\u00f2gics a trav\u00e9s del mapa topogr\u00e0fic<\/a>. Marta Ferrater<\/li>\n<\/ul>\n\n\n\n<p>3.2 Altres recursos<\/p>\n\n\n\n<ul class=\"wp-block-list\">\n<li><a href=\"https:\/\/edumet.cat\/areatac\/presentacions\/fitxers\/1OAT_-sDFTu24OEB8qBDdpmIU9mveWUCC6OF46uMpVUQ\/documents\/ambit_social_socials_1r_eso_podem_evitar_inundacions.pdf\">\u201cPodem evitar les inundacions?\u201d<\/a>. Edumet.cat<\/li>\n\n\n\n<li><a href=\"https:\/\/sites.google.com\/site\/projectantcn3\/riskzone\">RiskZone<\/a>. Jordi Dom\u00e8nech<\/li>\n\n\n\n<li><a href=\"https:\/\/issuu.com\/institut-destudis-catalans\/docs\/tscg_89_issuu?ff\">El temporal Gl\u00f2ria vist per la Geografia<\/a>&nbsp;(Monogr\u00e0fic), Revista&nbsp;<em>Treballs&nbsp;<\/em>n. 89 de la Societat Catalana de Geografia.<\/li>\n\n\n\n<li>&nbsp;<a href=\"https:\/\/www.elcritic.cat\/reportatges\/la-catalunya-inundable-118779\">https:\/\/www.elcritic.cat\/reportatges\/la-catalunya-inundable-118779<\/a>, El Cr\u00edtic<\/li>\n\n\n\n<li><a href=\"https:\/\/montecruz.es\/sucesos\/\">Infografia DANA Val\u00e8ncia<\/a>, montecruz.es<\/li>\n<\/ul>\n\n\n\n<p><strong>Recursos audiovisuals<\/strong><\/p>\n\n\n\n<ul class=\"wp-block-list\">\n<li><a href=\"https:\/\/www.3cat.cat\/tv3\/sx3\/en-gori-masip-ens-explica-que-es-una-dana\/video\/6307807\/\">https:\/\/www.3cat.cat\/tv3\/sx3\/en-gori-masip-ens-explica-que-es-una-dana\/video\/6307807\/<\/a>, InfoK<\/li>\n\n\n\n<li><a href=\"https:\/\/www.3cat.cat\/tv3\/sx3\/30102024\/video\/6307817\/\">https:\/\/www.3cat.cat\/tv3\/sx3\/30102024\/video\/6307817\/<\/a>, InfoK<\/li>\n\n\n\n<li><a href=\"https:\/\/beteve.cat\/medi-ambient\/gota-freda-dana-barcelona\/\">https:\/\/beteve.cat\/medi-ambient\/gota-freda-dana-barcelona\/<\/a>, BETEVE<\/li>\n\n\n\n<li><a href=\"https:\/\/www.youtube.com\/watch?v=Jh9p__hrxS8\">https:\/\/www.youtube.com\/watch?v=Jh9p__hrxS8<\/a>, Geograf\u00eda de una inundaci\u00f3n: la DANA de Valencia. Isaac Moreno<\/li>\n\n\n\n<li><a href=\"https:\/\/www.rtve.es\/play\/videos\/orbita-laika\/orbita-laika-programa-12-tiempo-esta-loco-loco\/5259040\/\">https:\/\/www.rtve.es\/play\/videos\/orbita-laika\/orbita-laika-programa-12-tiempo-esta-loco-loco\/5259040\/<\/a>, Orbita Laika<\/li>\n\n\n\n<li><a href=\"https:\/\/www.3cat.cat\/3cat\/inundacions-quan-el-riu-reclama-el-que-es-seu\/video\/4782411\/\">https:\/\/www.3cat.cat\/3cat\/inundacions-quan-el-riu-reclama-el-que-es-seu\/video\/4782411\/<\/a>&nbsp;Qu\u00e8QuiCom inundacions<\/li>\n<\/ul>\n\n\n\n<p><strong>Dades en temps real<\/strong><\/p>\n\n\n\n<ul class=\"wp-block-list\">\n<li><a href=\"https:\/\/www.idescat.cat\/indicadors\/?id=aec&amp;n=15196\">https:\/\/www.idescat.cat\/indicadors\/?id=aec&amp;n=151<\/a>,&nbsp;IDESCAT.<\/li>\n\n\n\n<li><a href=\"https:\/\/seatemperature.info\/es\/mar-mediterraneo-temperatura-del-agua-del-mar.html\">https:\/\/seatemperature.info\/es\/mar-mediterraneo-temperatura-del-agua-del-mar.html<\/a>, Seatemperature.<\/li>\n<\/ul>\n\n\n\n<div class=\"wp-block-getwid-advanced-spacer\" style=\"height:20px\" aria-hidden=\"true\"><\/div>\n\n\n\n<div class=\"wp-block-button aligncenter\"><a class=\"wp-block-button__link has-text-color has-background wp-element-button\" href=\"https:\/\/serveiseducatius.xtec.cat\/cesire\/la-dana-del-pais-valencia\/\" style=\"color:#ffffff;background-color:#000000\">Per m\u00e9s informaci\u00f3<\/a><\/div>\n<\/div><\/div><\/div><\/div><\/div>\n","protected":false},"excerpt":{"rendered":"<p>A partir de la DANA i la situaci\u00f3 d\u2019emerg\u00e8ncia natural i social que es viu al Pa\u00eds Valenci\u00e0,\u00a0 el CESIRE us ofereix una s\u00e8rie de recursos i propostes did\u00e0ctiques per treballar amb l\u2019alumnat la complexitat <\/p>\n","protected":false},"author":1,"featured_media":21915,"comment_status":"closed","ping_status":"open","sticky":false,"template":"","format":"standard","meta":{"_bbp_topic_count":0,"_bbp_reply_count":0,"_bbp_total_topic_count":0,"_bbp_total_reply_count":0,"_bbp_voice_count":0,"_bbp_anonymous_reply_count":0,"_bbp_topic_count_hidden":0,"_bbp_reply_count_hidden":0,"_bbp_forum_subforum_count":0,"site-sidebar-layout":"default","site-content-layout":"","ast-site-content-layout":"","site-content-style":"default","site-sidebar-style":"default","ast-global-header-display":"","ast-banner-title-visibility":"","ast-main-header-display":"","ast-hfb-above-header-display":"","ast-hfb-below-header-display":"","ast-hfb-mobile-header-display":"","site-post-title":"","ast-breadcrumbs-content":"","ast-featured-img":"","footer-sml-layout":"","theme-transparent-header-meta":"","adv-header-id-meta":"","stick-header-meta":"","header-above-stick-meta":"","header-main-stick-meta":"","header-below-stick-meta":"","astra-migrate-meta-layouts":"default","ast-page-background-enabled":"default","ast-page-background-meta":{"desktop":{"background-color":"var(--ast-global-color-4)","background-image":"","background-repeat":"repeat","background-position":"center center","background-size":"auto","background-attachment":"scroll","background-type":"","background-media":"","overlay-type":"","overlay-color":"","overlay-opacity":"","overlay-gradient":""},"tablet":{"background-color":"","background-image":"","background-repeat":"repeat","background-position":"center center","background-size":"auto","background-attachment":"scroll","background-type":"","background-media":"","overlay-type":"","overlay-color":"","overlay-opacity":"","overlay-gradient":""},"mobile":{"background-color":"","background-image":"","background-repeat":"repeat","background-position":"center center","background-size":"auto","background-attachment":"scroll","background-type":"","background-media":"","overlay-type":"","overlay-color":"","overlay-opacity":"","overlay-gradient":""}},"ast-content-background-meta":{"desktop":{"background-color":"var(--ast-global-color-5)","background-image":"","background-repeat":"repeat","background-position":"center center","background-size":"auto","background-attachment":"scroll","background-type":"","background-media":"","overlay-type":"","overlay-color":"","overlay-opacity":"","overlay-gradient":""},"tablet":{"background-color":"var(--ast-global-color-5)","background-image":"","background-repeat":"repeat","background-position":"center center","background-size":"auto","background-attachment":"scroll","background-type":"","background-media":"","overlay-type":"","overlay-color":"","overlay-opacity":"","overlay-gradient":""},"mobile":{"background-color":"var(--ast-global-color-5)","background-image":"","background-repeat":"repeat","background-position":"center center","background-size":"auto","background-attachment":"scroll","background-type":"","background-media":"","overlay-type":"","overlay-color":"","overlay-opacity":"","overlay-gradient":""}},"footnotes":""},"categories":[739,65,29,76,747],"tags":[1116,943],"class_list":["post-21914","post","type-post","status-publish","format-standard","has-post-thumbnail","hentry","category-ciencies-naturals","category-crp","category-portada","category-recursos","category-steam","tag-dana","tag-ptc"],"post_mailing_queue_ids":[],"_links":{"self":[{"href":"https:\/\/serveiseducatius.xtec.cat\/hospitalet\/wp-json\/wp\/v2\/posts\/21914","targetHints":{"allow":["GET"]}}],"collection":[{"href":"https:\/\/serveiseducatius.xtec.cat\/hospitalet\/wp-json\/wp\/v2\/posts"}],"about":[{"href":"https:\/\/serveiseducatius.xtec.cat\/hospitalet\/wp-json\/wp\/v2\/types\/post"}],"author":[{"embeddable":true,"href":"https:\/\/serveiseducatius.xtec.cat\/hospitalet\/wp-json\/wp\/v2\/users\/1"}],"replies":[{"embeddable":true,"href":"https:\/\/serveiseducatius.xtec.cat\/hospitalet\/wp-json\/wp\/v2\/comments?post=21914"}],"version-history":[{"count":2,"href":"https:\/\/serveiseducatius.xtec.cat\/hospitalet\/wp-json\/wp\/v2\/posts\/21914\/revisions"}],"predecessor-version":[{"id":21917,"href":"https:\/\/serveiseducatius.xtec.cat\/hospitalet\/wp-json\/wp\/v2\/posts\/21914\/revisions\/21917"}],"wp:featuredmedia":[{"embeddable":true,"href":"https:\/\/serveiseducatius.xtec.cat\/hospitalet\/wp-json\/wp\/v2\/media\/21915"}],"wp:attachment":[{"href":"https:\/\/serveiseducatius.xtec.cat\/hospitalet\/wp-json\/wp\/v2\/media?parent=21914"}],"wp:term":[{"taxonomy":"category","embeddable":true,"href":"https:\/\/serveiseducatius.xtec.cat\/hospitalet\/wp-json\/wp\/v2\/categories?post=21914"},{"taxonomy":"post_tag","embeddable":true,"href":"https:\/\/serveiseducatius.xtec.cat\/hospitalet\/wp-json\/wp\/v2\/tags?post=21914"}],"curies":[{"name":"wp","href":"https:\/\/api.w.org\/{rel}","templated":true}]}}