{"id":21626,"date":"2024-10-03T10:39:51","date_gmt":"2024-10-03T08:39:51","guid":{"rendered":"https:\/\/serveiseducatius.xtec.cat\/hospitalet\/?p=21626"},"modified":"2025-06-26T09:29:52","modified_gmt":"2025-06-26T07:29:52","slug":"jornada-connectem-amb-les-plaques","status":"publish","type":"post","link":"https:\/\/serveiseducatius.xtec.cat\/hospitalet\/portada\/jornada-connectem-amb-les-plaques\/","title":{"rendered":"Jornada \u201cConnectem amb les plaques!\u201d"},"content":{"rendered":"<div class=\"wp-block-getwid-tabs font has-layout-horizontal-center getwid-init ui-tabs ui-corner-all ui-widget ui-widget-content\" data-active-tab=\"0\">\n<div id=\"tab-qChY9-0\" class=\"wp-block-getwid-tabs__tab-content-wrapper is-active-tab ui-tabs-panel ui-corner-bottom ui-widget-content\" role=\"tabpanel\" aria-labelledby=\"ui-id-1\" aria-hidden=\"false\">\n<div class=\"wp-block-getwid-tabs__tab-content\">\n<p><a href=\"https:\/\/serveiseducatius.xtec.cat\/hospitalet\/wp-content\/uploads\/usu542\/2024\/10\/GYzS47gWoAQG2zE-1.png\"><img loading=\"lazy\" decoding=\"async\" class=\"size-medium wp-image-21627 alignright\" src=\"https:\/\/serveiseducatius.xtec.cat\/hospitalet\/wp-content\/uploads\/usu542\/2024\/10\/GYzS47gWoAQG2zE-1-240x300.png\" alt=\"\" width=\"240\" height=\"300\" srcset=\"https:\/\/serveiseducatius.xtec.cat\/hospitalet\/wp-content\/uploads\/usu542\/2024\/10\/GYzS47gWoAQG2zE-1-240x300.png 240w, https:\/\/serveiseducatius.xtec.cat\/hospitalet\/wp-content\/uploads\/usu542\/2024\/10\/GYzS47gWoAQG2zE-1.png 544w\" sizes=\"auto, (max-width: 240px) 100vw, 240px\" \/><\/a>El\u00a0<strong>dissabte 23 de novembre<\/strong>,\u00a0<a href=\"https:\/\/www.bsm.upf.edu\/es\" target=\"_blank\" rel=\"noreferrer noopener\" data-type=\"link\" data-id=\"https:\/\/www.bsm.upf.edu\/es\"><strong>UPF Barcelona School of management<\/strong><\/a>\u00a0acollir\u00e0 la jornada<strong><em>\u00a0<\/em>\u201cConnectem amb les plaques!\u201d<\/strong>\u00a0dedicada al coneixement i programaci\u00f3 de les plaques programables, una eina fonamental en l\u2019ensenyament de la rob\u00f2tica i la programaci\u00f3. La jornada est\u00e0 dirigida a docents, professionals de l\u2019educaci\u00f3 i totes aquelles interessades en la integraci\u00f3 de la dotaci\u00f3 de rob\u00f2tica a les aules de prim\u00e0ria i secund\u00e0ria.<\/p>\n<div class=\"wp-block-group is-layout-constrained wp-block-group-is-layout-constrained\">\n<p class=\"has-background\"><strong>Informaci\u00f3 b\u00e0sica<\/strong><br \/>\n<strong>Dia:<\/strong>\u00a0dissabte, 23 de novembre<br \/>\n<strong>Hora:<\/strong>\u00a0de 9:00 a 14:00 h<br \/>\n<strong>Lloc:<\/strong>\u00a0<a href=\"https:\/\/www.google.com\/maps\/place\/UPF+Barcelona+School+of+Management\/@41.395958,2.1560359,15.25z\/data=!4m6!3m5!1s0x12a4a290ff886705:0x400a0058e0564602!8m2!3d41.3935706!4d2.1573545!16s%2Fg%2F11bx1b8xjk?entry=ttu&amp;g_ep=EgoyMDI0MDkxMS4wIKXMDSoASAFQAw%3D%3D\" target=\"_blank\" rel=\"noreferrer noopener\" data-type=\"link\" data-id=\"https:\/\/www.google.com\/maps\/place\/UPF+Barcelona+School+of+Management\/@41.395958,2.1560359,15.25z\/data=!4m6!3m5!1s0x12a4a290ff886705:0x400a0058e0564602!8m2!3d41.3935706!4d2.1573545!16s%2Fg%2F11bx1b8xjk?entry=ttu&amp;g_ep=EgoyMDI0MDkxMS4wIKXMDSoASAFQAw%3D%3D\">UPF Barcelona School of management, Barcelona<\/a><\/p>\n<\/div>\n<h4 class=\"wp-block-heading\"><strong>Objectius de la Jornada<\/strong><\/h4>\n<ul>\n<li><strong>Con\u00e8ixer les plaques programables:<\/strong>\u00a0Es realitzaran tallers de diferents nivells (inicial, intermedis i avan\u00e7ats) amb les diferents plaques programables incloses en la dotaci\u00f3 de rob\u00f2tica: micro:bit, ED1, Keyestudio UNO i ESP32 STEAMakers. Els assistents podran familiaritzar-se amb aquestes eines i entendre les seves aplicacions en l\u2019entorn educatiu mitjan\u00e7ant activitats pr\u00e0ctiques.<\/li>\n<li><strong>Presentaci\u00f3 del document \u201cOrientacions sobre la introducci\u00f3 del pensament computacional en els centres educatius\u201d:<\/strong>\u00a0Aquest document proporcionar\u00e0 una guia per a la integraci\u00f3 del pensament computacional en les aules d\u2019educaci\u00f3 infantil, prim\u00e0ria i secund\u00e0ria.<\/li>\n<li><strong>Promoure el desenvolupament del pensament computacional de l\u2019alumnat i la compet\u00e8ncia digital de l\u2019alumnat:<\/strong>\u00a0La jornada tamb\u00e9 tindr\u00e0 com a objectiu destacar la import\u00e0ncia d\u2019aplicar el pensament computacional en tots els nivells educatius.<\/li>\n<\/ul>\n<div class=\"wp-block-columns is-layout-flex wp-container-core-columns-is-layout-2 wp-block-columns-is-layout-flex\">\n<div class=\"wp-block-column is-layout-flow wp-block-column-is-layout-flow\">\n<h4 class=\"wp-block-heading\"><strong>A qui va dirigida?<\/strong><\/h4>\n<p>Aquesta jornada est\u00e0 pensada per a docents i professionals de l\u2019educaci\u00f3 interessats en la tecnologia i l\u2019educaci\u00f3, especialment aquells que volen con\u00e8ixer m\u00e9s sobre com les plaques programables i la rob\u00f2tica poden enriquir el proc\u00e9s d\u2019aprenentatge.<\/p>\n<h4 class=\"wp-block-heading\"><strong>Inscripcions<\/strong><\/h4>\n<p>El formulari d\u2019inscripcions estar\u00e0 disponible del\u00a0<strong>dimecres 23 al dijous 31 d\u2019octubre de 2024<\/strong>, tots dos inclosos. Les places s\u00f3n limitades.<\/p>\n<\/div>\n<div class=\"wp-block-column is-vertically-aligned-center is-layout-flow wp-block-column-is-layout-flow\">\n<figure class=\"wp-block-image aligncenter size-large is-resized\"><a href=\"https:\/\/projectes.xtec.cat\/pensament-computacional\/wp-content\/uploads\/usu2217\/2024\/09\/f4fffe7c-75de-4f85-969c-ee8ce6cba8c5-e1726643874965.jpg\"><img loading=\"lazy\" decoding=\"async\" class=\"wp-image-35945\" src=\"https:\/\/projectes.xtec.cat\/pensament-computacional\/wp-content\/uploads\/usu2217\/2024\/09\/f4fffe7c-75de-4f85-969c-ee8ce6cba8c5-e1726643874965-1024x630.jpg\" sizes=\"auto, (max-width: 1024px) 100vw, 1024px\" srcset=\"https:\/\/projectes.xtec.cat\/pensament-computacional\/wp-content\/uploads\/usu2217\/2024\/09\/f4fffe7c-75de-4f85-969c-ee8ce6cba8c5-e1726643874965-1024x630.jpg 1024w, https:\/\/projectes.xtec.cat\/pensament-computacional\/wp-content\/uploads\/usu2217\/2024\/09\/f4fffe7c-75de-4f85-969c-ee8ce6cba8c5-e1726643874965-300x184.jpg 300w, https:\/\/projectes.xtec.cat\/pensament-computacional\/wp-content\/uploads\/usu2217\/2024\/09\/f4fffe7c-75de-4f85-969c-ee8ce6cba8c5-e1726643874965-768x472.jpg 768w, https:\/\/projectes.xtec.cat\/pensament-computacional\/wp-content\/uploads\/usu2217\/2024\/09\/f4fffe7c-75de-4f85-969c-ee8ce6cba8c5-e1726643874965-1536x944.jpg 1536w, https:\/\/projectes.xtec.cat\/pensament-computacional\/wp-content\/uploads\/usu2217\/2024\/09\/f4fffe7c-75de-4f85-969c-ee8ce6cba8c5-e1726643874965.jpg 2048w\" alt=\"\" width=\"1024\" height=\"630\" \/><\/a><\/figure>\n<\/div>\n<\/div>\n<p class=\"has-background\">La jornada promet ser un esdeveniment enriquidor que proporcionar\u00e0 als assistents les eines i coneixements necessaris per incorporar la dotaci\u00f3 de rob\u00f2tica a les aules. No perdis l\u2019oportunitat de participar-hi!<\/p>\n<\/div>\n<\/div>\n<div id=\"tab-qChY9-1\" class=\"wp-block-getwid-tabs__tab-content-wrapper ui-tabs-panel ui-corner-bottom ui-widget-content\" role=\"tabpanel\" aria-labelledby=\"ui-id-2\" aria-hidden=\"true\">\n<div class=\"wp-block-getwid-tabs__tab-content\">\n<p class=\"has-background\">\n<\/div>\n<\/div>\n<\/div>\n<p><strong>Per saber-ne m\u00e9s<\/strong>\u00a0sobre aquestes plaques programables que permeten portar les idees m\u00e9s enll\u00e0 de la pantalla i crear projectes que interactuen amb el m\u00f3n f\u00edsic clica en\u00a0<a href=\"https:\/\/projectes.xtec.cat\/pensament-computacional\/activitats-robotica\/cataleg-activitats-robotica\/\" target=\"_blank\" rel=\"noreferrer noopener\" data-type=\"link\" data-id=\"https:\/\/projectes.xtec.cat\/pensament-computacional\/activitats-robotica\/cataleg-activitats-robotica\/\">aquest enlla\u00e7<\/a>. Podr\u00e0s desenvolupar projectes educatius atractius i din\u00e0mics en una gran varietat d\u2019\u00e0rees.<\/p>\n<p>&nbsp;<\/p>\n<p>Si necessiteu m\u00e9s informaci\u00f3, podeu consultar la <a href=\"https:\/\/projectes.xtec.cat\/pensament-computacional\/formacio-robotica\/jornades\/jornada-connectem-amb-les-plaques\/\">web<\/a>.<\/p>\n","protected":false},"excerpt":{"rendered":"<p>El\u00a0dissabte 23 de novembre,\u00a0UPF Barcelona School of management\u00a0acollir\u00e0 la jornada\u00a0\u201cConnectem amb les plaques!\u201d\u00a0dedicada al coneixement i programaci\u00f3 de les plaques programables, una eina fonamental en l\u2019ensenyament de la rob\u00f2tica i la programaci\u00f3. La jornada est\u00e0 dirigida a docents, professionals de l\u2019educaci\u00f3 i totes aquelles interessades en la integraci\u00f3 de la dotaci\u00f3 de rob\u00f2tica a les aules de prim\u00e0ria i secund\u00e0ria.<\/p>\n","protected":false},"author":1,"featured_media":21627,"comment_status":"closed","ping_status":"closed","sticky":false,"template":"","format":"standard","meta":{"_bbp_topic_count":0,"_bbp_reply_count":0,"_bbp_total_topic_count":0,"_bbp_total_reply_count":0,"_bbp_voice_count":0,"_bbp_anonymous_reply_count":0,"_bbp_topic_count_hidden":0,"_bbp_reply_count_hidden":0,"_bbp_forum_subforum_count":0,"site-sidebar-layout":"default","site-content-layout":"","ast-site-content-layout":"","site-content-style":"default","site-sidebar-style":"default","ast-global-header-display":"","ast-banner-title-visibility":"","ast-main-header-display":"","ast-hfb-above-header-display":"","ast-hfb-below-header-display":"","ast-hfb-mobile-header-display":"","site-post-title":"","ast-breadcrumbs-content":"","ast-featured-img":"","footer-sml-layout":"","theme-transparent-header-meta":"","adv-header-id-meta":"","stick-header-meta":"","header-above-stick-meta":"","header-main-stick-meta":"","header-below-stick-meta":"","astra-migrate-meta-layouts":"default","ast-page-background-enabled":"default","ast-page-background-meta":{"desktop":{"background-color":"var(--ast-global-color-4)","background-image":"","background-repeat":"repeat","background-position":"center center","background-size":"auto","background-attachment":"scroll","background-type":"","background-media":"","overlay-type":"","overlay-color":"","overlay-opacity":"","overlay-gradient":""},"tablet":{"background-color":"","background-image":"","background-repeat":"repeat","background-position":"center center","background-size":"auto","background-attachment":"scroll","background-type":"","background-media":"","overlay-type":"","overlay-color":"","overlay-opacity":"","overlay-gradient":""},"mobile":{"background-color":"","background-image":"","background-repeat":"repeat","background-position":"center center","background-size":"auto","background-attachment":"scroll","background-type":"","background-media":"","overlay-type":"","overlay-color":"","overlay-opacity":"","overlay-gradient":""}},"ast-content-background-meta":{"desktop":{"background-color":"var(--ast-global-color-5)","background-image":"","background-repeat":"repeat","background-position":"center center","background-size":"auto","background-attachment":"scroll","background-type":"","background-media":"","overlay-type":"","overlay-color":"","overlay-opacity":"","overlay-gradient":""},"tablet":{"background-color":"var(--ast-global-color-5)","background-image":"","background-repeat":"repeat","background-position":"center center","background-size":"auto","background-attachment":"scroll","background-type":"","background-media":"","overlay-type":"","overlay-color":"","overlay-opacity":"","overlay-gradient":""},"mobile":{"background-color":"var(--ast-global-color-5)","background-image":"","background-repeat":"repeat","background-position":"center center","background-size":"auto","background-attachment":"scroll","background-type":"","background-media":"","overlay-type":"","overlay-color":"","overlay-opacity":"","overlay-gradient":""}},"footnotes":""},"categories":[65,29,76,737],"tags":[704,109],"class_list":["post-21626","post","type-post","status-publish","format-standard","has-post-thumbnail","hentry","category-crp","category-portada","category-recursos","category-tecnologia","tag-jornada","tag-robotica"],"post_mailing_queue_ids":[],"_links":{"self":[{"href":"https:\/\/serveiseducatius.xtec.cat\/hospitalet\/wp-json\/wp\/v2\/posts\/21626","targetHints":{"allow":["GET"]}}],"collection":[{"href":"https:\/\/serveiseducatius.xtec.cat\/hospitalet\/wp-json\/wp\/v2\/posts"}],"about":[{"href":"https:\/\/serveiseducatius.xtec.cat\/hospitalet\/wp-json\/wp\/v2\/types\/post"}],"author":[{"embeddable":true,"href":"https:\/\/serveiseducatius.xtec.cat\/hospitalet\/wp-json\/wp\/v2\/users\/1"}],"replies":[{"embeddable":true,"href":"https:\/\/serveiseducatius.xtec.cat\/hospitalet\/wp-json\/wp\/v2\/comments?post=21626"}],"version-history":[{"count":3,"href":"https:\/\/serveiseducatius.xtec.cat\/hospitalet\/wp-json\/wp\/v2\/posts\/21626\/revisions"}],"predecessor-version":[{"id":21630,"href":"https:\/\/serveiseducatius.xtec.cat\/hospitalet\/wp-json\/wp\/v2\/posts\/21626\/revisions\/21630"}],"wp:featuredmedia":[{"embeddable":true,"href":"https:\/\/serveiseducatius.xtec.cat\/hospitalet\/wp-json\/wp\/v2\/media\/21627"}],"wp:attachment":[{"href":"https:\/\/serveiseducatius.xtec.cat\/hospitalet\/wp-json\/wp\/v2\/media?parent=21626"}],"wp:term":[{"taxonomy":"category","embeddable":true,"href":"https:\/\/serveiseducatius.xtec.cat\/hospitalet\/wp-json\/wp\/v2\/categories?post=21626"},{"taxonomy":"post_tag","embeddable":true,"href":"https:\/\/serveiseducatius.xtec.cat\/hospitalet\/wp-json\/wp\/v2\/tags?post=21626"}],"curies":[{"name":"wp","href":"https:\/\/api.w.org\/{rel}","templated":true}]}}