{"id":21106,"date":"2024-05-15T08:00:47","date_gmt":"2024-05-15T06:00:47","guid":{"rendered":"https:\/\/serveiseducatius.xtec.cat\/hospitalet\/?p=21106"},"modified":"2025-07-07T08:56:22","modified_gmt":"2025-07-07T06:56:22","slug":"dia-mundial-de-la-diversitat-cultural-per-al-dialeg-i-el-desenvolupament","status":"publish","type":"post","link":"https:\/\/serveiseducatius.xtec.cat\/hospitalet\/portada\/dia-mundial-de-la-diversitat-cultural-per-al-dialeg-i-el-desenvolupament\/","title":{"rendered":"Dia Mundial de la Diversitat Cultural per al Di\u00e0leg i el Desenvolupament"},"content":{"rendered":"<div>\n<div class=\"entradeta__wrapper\">\n<div class=\"row\">\n<div class=\"basic_text_peq col-xs-12\">\n<div class=\"pd-15x link-dotted\" data-crawling=\"principal-body\">\n<p><a href=\"https:\/\/serveiseducatius.xtec.cat\/hospitalet\/wp-content\/uploads\/usu542\/2024\/05\/299x299-dia-mundial-diversitat-cultural-24.png_30133267.png\"><img loading=\"lazy\" decoding=\"async\" class=\"size-full wp-image-21107 alignleft\" src=\"https:\/\/serveiseducatius.xtec.cat\/hospitalet\/wp-content\/uploads\/usu542\/2024\/05\/299x299-dia-mundial-diversitat-cultural-24.png_30133267.png\" alt=\"\" width=\"299\" height=\"299\" srcset=\"https:\/\/serveiseducatius.xtec.cat\/hospitalet\/wp-content\/uploads\/usu542\/2024\/05\/299x299-dia-mundial-diversitat-cultural-24.png_30133267.png 299w, https:\/\/serveiseducatius.xtec.cat\/hospitalet\/wp-content\/uploads\/usu542\/2024\/05\/299x299-dia-mundial-diversitat-cultural-24.png_30133267-150x150.png 150w\" sizes=\"auto, (max-width: 299px) 100vw, 299px\" \/><\/a>El 21 de maig es celebra el Dia Mundial de la Diversitat Cultural per al Di\u00e0leg i el Desenvolupament, declarat per\u00a0<strong><a title=\"l'Assemblea General de les Nacions Unides\" href=\"https:\/\/www.un.org\/es\/observances\/cultural-diversity-day\" target=\"_blank\" rel=\"noopener\">l&#8217;Assemblea General de les Nacions Unides<\/a><\/strong>\u00a0l&#8217;any 2002. Un dia de celebraci\u00f3 i visibilitzaci\u00f3. Aquest dia cal celebrar la riquesa de les cultures del m\u00f3n i el paper essencial del di\u00e0leg intercultural per aconseguir la pau i el desenvolupament sostenible.<\/p>\n<p>Els objectius proposats per desenvolupar aquest dia s\u00f3n:<\/p>\n<p>&#8211; Promoure la\u00a0<strong>conscienciaci\u00f3<\/strong>\u00a0sobre la import\u00e0ncia del\u00a0<strong>di\u00e0leg intercultura<\/strong>l, la\u00a0<strong>diversitat i la inclusi\u00f3.<\/strong><\/p>\n<p>&#8211; Aconseguir que totes les persones es<strong>\u00a0comprometen<\/strong>\u00a0i donem suport a la diversitat mitjan\u00e7ant gestos reals i quotidians<\/p>\n<p>&#8211;\u00a0<strong>Combatre la polaritzaci\u00f3 i els estereotips<\/strong>\u00a0per millorar l&#8217;enteniment i la cooperaci\u00f3 entre la gent de diferents cultures.<\/p>\n<p><strong>Per aconseguir tot aix\u00f2, en aquest espai podreu trobar recursos per treballar amb l\u2019alumnat la diversitat cultural, recursos adre\u00e7ats al professorat per aprofundir en les estrat\u00e8gies per treballar a l&#8217;aula i una selecci\u00f3 de recursos per treballar amb l&#8217;alumnat els ODS vinculats al desenvolupament sostenible.<\/strong><\/p>\n<p>Aix\u00ed mateix, compartim el\u00a0<a title=\"Manifest\" href=\"https:\/\/xtec.gencat.cat\/web\/.content\/centres\/celebracions\/2024\/Dia-mundial-de-la-diversitat-cultural-per-al-dialeg-i-el-desenvolupament\/Manifest-del-21-de-maig.pdf\" target=\"_blank\" rel=\"noopener\"><strong>Manifest<\/strong><\/a>\u00a0elaborat pel Departament i us animem a commemorar aquest dia amb la comunitat educativa i compartir-lo a la web del centre.<\/p>\n<\/div>\n<ul style=\"list-style-type: square;\">\n<li class=\"panel-title\"><a class=\"collapsed\" href=\"https:\/\/xtec.gencat.cat\/ca\/centres\/celebracions\/2024\/dia-mundial-de-la-diversitat-cultural-per-al-dialeg-i-el-desenvolupament\/#bloc1_87e5136f-0eb9-11ef-8638-005056ba51b2\" data-toggle=\"collapse\">Recursos per treballar amb l\u2019alumnat<\/a><\/li>\n<li class=\"panel-title\"><a class=\"collapsed\" href=\"https:\/\/xtec.gencat.cat\/ca\/centres\/celebracions\/2024\/dia-mundial-de-la-diversitat-cultural-per-al-dialeg-i-el-desenvolupament\/#bloc2_87e5136f-0eb9-11ef-8638-005056ba51b2\" data-toggle=\"collapse\">Recursos adre\u00e7ats al professorat i professionals d\u2019atenci\u00f3 educativa<\/a><\/li>\n<li class=\"panel-title\"><a class=\"collapsed\" href=\"https:\/\/xtec.gencat.cat\/ca\/centres\/celebracions\/2024\/dia-mundial-de-la-diversitat-cultural-per-al-dialeg-i-el-desenvolupament\/#bloc3_87e5136f-0eb9-11ef-8638-005056ba51b2\" data-toggle=\"collapse\">ODS<\/a><\/li>\n<\/ul>\n<\/div>\n<\/div>\n<\/div>\n<\/div>\n<div class=\"blocs llistat_collapse blocs-acordio\" data-crawling=\"blocks\">\n<div id=\"acordio_distribuidora_87e5136f-0eb9-11ef-8638-005056ba51b2\" class=\"panel-group llistat_collapse_cont\"><\/div>\n<\/div>\n","protected":false},"excerpt":{"rendered":"<p>Aquest dia cal celebrar la riquesa de les cultures del m\u00f3n i el paper essencial del di\u00e0leg intercultural per aconseguir la pau i el desenvolupament sostenible.<\/p>\n","protected":false},"author":1,"featured_media":21107,"comment_status":"closed","ping_status":"closed","sticky":false,"template":"","format":"standard","meta":{"_bbp_topic_count":0,"_bbp_reply_count":0,"_bbp_total_topic_count":0,"_bbp_total_reply_count":0,"_bbp_voice_count":0,"_bbp_anonymous_reply_count":0,"_bbp_topic_count_hidden":0,"_bbp_reply_count_hidden":0,"_bbp_forum_subforum_count":0,"site-sidebar-layout":"default","site-content-layout":"","ast-site-content-layout":"","site-content-style":"default","site-sidebar-style":"default","ast-global-header-display":"","ast-banner-title-visibility":"","ast-main-header-display":"","ast-hfb-above-header-display":"","ast-hfb-below-header-display":"","ast-hfb-mobile-header-display":"","site-post-title":"","ast-breadcrumbs-content":"","ast-featured-img":"","footer-sml-layout":"","theme-transparent-header-meta":"","adv-header-id-meta":"","stick-header-meta":"","header-above-stick-meta":"","header-main-stick-meta":"","header-below-stick-meta":"","astra-migrate-meta-layouts":"default","ast-page-background-enabled":"default","ast-page-background-meta":{"desktop":{"background-color":"var(--ast-global-color-4)","background-image":"","background-repeat":"repeat","background-position":"center center","background-size":"auto","background-attachment":"scroll","background-type":"","background-media":"","overlay-type":"","overlay-color":"","overlay-opacity":"","overlay-gradient":""},"tablet":{"background-color":"","background-image":"","background-repeat":"repeat","background-position":"center center","background-size":"auto","background-attachment":"scroll","background-type":"","background-media":"","overlay-type":"","overlay-color":"","overlay-opacity":"","overlay-gradient":""},"mobile":{"background-color":"","background-image":"","background-repeat":"repeat","background-position":"center center","background-size":"auto","background-attachment":"scroll","background-type":"","background-media":"","overlay-type":"","overlay-color":"","overlay-opacity":"","overlay-gradient":""}},"ast-content-background-meta":{"desktop":{"background-color":"var(--ast-global-color-5)","background-image":"","background-repeat":"repeat","background-position":"center center","background-size":"auto","background-attachment":"scroll","background-type":"","background-media":"","overlay-type":"","overlay-color":"","overlay-opacity":"","overlay-gradient":""},"tablet":{"background-color":"var(--ast-global-color-5)","background-image":"","background-repeat":"repeat","background-position":"center center","background-size":"auto","background-attachment":"scroll","background-type":"","background-media":"","overlay-type":"","overlay-color":"","overlay-opacity":"","overlay-gradient":""},"mobile":{"background-color":"var(--ast-global-color-5)","background-image":"","background-repeat":"repeat","background-position":"center center","background-size":"auto","background-attachment":"scroll","background-type":"","background-media":"","overlay-type":"","overlay-color":"","overlay-opacity":"","overlay-gradient":""}},"footnotes":""},"categories":[810,65,29],"tags":[303],"class_list":["post-21106","post","type-post","status-publish","format-standard","has-post-thumbnail","hentry","category-convivencia","category-crp","category-portada","tag-diversitat"],"post_mailing_queue_ids":[],"_links":{"self":[{"href":"https:\/\/serveiseducatius.xtec.cat\/hospitalet\/wp-json\/wp\/v2\/posts\/21106","targetHints":{"allow":["GET"]}}],"collection":[{"href":"https:\/\/serveiseducatius.xtec.cat\/hospitalet\/wp-json\/wp\/v2\/posts"}],"about":[{"href":"https:\/\/serveiseducatius.xtec.cat\/hospitalet\/wp-json\/wp\/v2\/types\/post"}],"author":[{"embeddable":true,"href":"https:\/\/serveiseducatius.xtec.cat\/hospitalet\/wp-json\/wp\/v2\/users\/1"}],"replies":[{"embeddable":true,"href":"https:\/\/serveiseducatius.xtec.cat\/hospitalet\/wp-json\/wp\/v2\/comments?post=21106"}],"version-history":[{"count":3,"href":"https:\/\/serveiseducatius.xtec.cat\/hospitalet\/wp-json\/wp\/v2\/posts\/21106\/revisions"}],"predecessor-version":[{"id":21110,"href":"https:\/\/serveiseducatius.xtec.cat\/hospitalet\/wp-json\/wp\/v2\/posts\/21106\/revisions\/21110"}],"wp:featuredmedia":[{"embeddable":true,"href":"https:\/\/serveiseducatius.xtec.cat\/hospitalet\/wp-json\/wp\/v2\/media\/21107"}],"wp:attachment":[{"href":"https:\/\/serveiseducatius.xtec.cat\/hospitalet\/wp-json\/wp\/v2\/media?parent=21106"}],"wp:term":[{"taxonomy":"category","embeddable":true,"href":"https:\/\/serveiseducatius.xtec.cat\/hospitalet\/wp-json\/wp\/v2\/categories?post=21106"},{"taxonomy":"post_tag","embeddable":true,"href":"https:\/\/serveiseducatius.xtec.cat\/hospitalet\/wp-json\/wp\/v2\/tags?post=21106"}],"curies":[{"name":"wp","href":"https:\/\/api.w.org\/{rel}","templated":true}]}}