{"id":21034,"date":"2024-04-29T10:10:56","date_gmt":"2024-04-29T08:10:56","guid":{"rendered":"https:\/\/serveiseducatius.xtec.cat\/hospitalet\/?p=21034"},"modified":"2025-06-25T12:51:34","modified_gmt":"2025-06-25T10:51:34","slug":"dia-internacional-contra-lhomofobia-la-lesbofobia-la-transfobia-la-bifobia-i-la-interfobia","status":"publish","type":"post","link":"https:\/\/serveiseducatius.xtec.cat\/hospitalet\/portada\/dia-internacional-contra-lhomofobia-la-lesbofobia-la-transfobia-la-bifobia-i-la-interfobia\/","title":{"rendered":"Dia Internacional contra l\u2019Homof\u00f2bia, la Lesbof\u00f2bia, la Transf\u00f2bia, la Bif\u00f2bia i la Interf\u00f2bia"},"content":{"rendered":"<p><a href=\"https:\/\/serveiseducatius.xtec.cat\/hospitalet\/wp-content\/uploads\/usu542\/2024\/04\/299x299-dia-internacional-contra-homofobia.png_30133267.png\"><img loading=\"lazy\" decoding=\"async\" class=\"size-full wp-image-21035 alignleft\" src=\"https:\/\/serveiseducatius.xtec.cat\/hospitalet\/wp-content\/uploads\/usu542\/2024\/04\/299x299-dia-internacional-contra-homofobia.png_30133267.png\" alt=\"\" width=\"299\" height=\"299\" srcset=\"https:\/\/serveiseducatius.xtec.cat\/hospitalet\/wp-content\/uploads\/usu542\/2024\/04\/299x299-dia-internacional-contra-homofobia.png_30133267.png 299w, https:\/\/serveiseducatius.xtec.cat\/hospitalet\/wp-content\/uploads\/usu542\/2024\/04\/299x299-dia-internacional-contra-homofobia.png_30133267-150x150.png 150w\" sizes=\"auto, (max-width: 299px) 100vw, 299px\" \/><\/a>A\u00a0<strong><a title=\"17 de maig\" href=\"https:\/\/igualtat.gencat.cat\/ca\/ambits-dactuacio\/lgbti\/dies-internacionals-lgbti\/\" target=\"_blank\" rel=\"noopener\">17 de maig<\/a><\/strong>\u00a0es commemora la lluita contra l\u2019LGBTI-f\u00f2bia i, des de l\u2019\u00e0mbit educatiu, ens sumem al lema\u00a0<strong><a title=\"Que ning\u00fa es quedi enrere: igualtat i just\u00edcia per a tothom\" href=\"https:\/\/may17.org\/about\/idahobit-2024\/\" target=\"_blank\" rel=\"noopener\">Que ning\u00fa es quedi enrere: igualtat i just\u00edcia per a tothom<\/a><\/strong>\u00a0i treballem per garantir els drets de les persones LGBTI+ (lesbianes, gais, bisexuals, transg\u00e8neres, intersexuals\u2026) a fi que la identitat afectivosexual de tots i totes sigui viscuda en confian\u00e7a amb l\u2019entorn, de forma saludable, que vagi acompanyat del creixement personal.<\/p>\n<p>Acompanyem en l\u2019educaci\u00f3 afectivosexual de l\u2019alumnat, fomentem un esperit cr\u00edtic envers els estereotips de g\u00e8nere limitadors, treballem per unes relacions lliures de conductes abusives.<\/p>\n<p><a href=\"https:\/\/xtec.gencat.cat\/ca\/centres\/celebracions\/2024\/dia-internacional-contra-lhomofobia-la-lesbofobia-la-transfobia-la-bifobia-i-la-interfobia\/#bloc1_0db9db85-0391-11ef-87f6-005056ba51b2\">Proposta d&#8217;activitats<\/a><\/p>\n<p><a href=\"https:\/\/xtec.gencat.cat\/ca\/centres\/celebracions\/2024\/dia-internacional-contra-lhomofobia-la-lesbofobia-la-transfobia-la-bifobia-i-la-interfobia\/#bloc2_0db9db85-0391-11ef-87f6-005056ba51b2\">Recursos did\u00e0ctics del Departament d&#8217;Educaci\u00f3<\/a><\/p>\n<div class=\"blocs llistat_collapse blocs-acordio\" data-crawling=\"blocks\">\n<div id=\"acordio_distribuidora_0db9db85-0391-11ef-87f6-005056ba51b2\" class=\"panel-group llistat_collapse_cont\">\n<div class=\"panel panel-default\">\n<div class=\"panel-heading\"><\/div>\n<\/div>\n<\/div>\n<\/div>\n","protected":false},"excerpt":{"rendered":"<p>A\u00a017 de maig\u00a0es commemora la lluita contra l\u2019LGBTI-f\u00f2bia i, des de l\u2019\u00e0mbit educatiu, ens sumem al lema\u00a0Que ning\u00fa es quedi enrere: igualtat i just\u00edcia per a tothom\u00a0<\/p>\n","protected":false},"author":1,"featured_media":21035,"comment_status":"closed","ping_status":"closed","sticky":false,"template":"","format":"standard","meta":{"_bbp_topic_count":0,"_bbp_reply_count":0,"_bbp_total_topic_count":0,"_bbp_total_reply_count":0,"_bbp_voice_count":0,"_bbp_anonymous_reply_count":0,"_bbp_topic_count_hidden":0,"_bbp_reply_count_hidden":0,"_bbp_forum_subforum_count":0,"site-sidebar-layout":"default","site-content-layout":"","ast-site-content-layout":"default","site-content-style":"default","site-sidebar-style":"default","ast-global-header-display":"","ast-banner-title-visibility":"","ast-main-header-display":"","ast-hfb-above-header-display":"","ast-hfb-below-header-display":"","ast-hfb-mobile-header-display":"","site-post-title":"","ast-breadcrumbs-content":"","ast-featured-img":"","footer-sml-layout":"","theme-transparent-header-meta":"","adv-header-id-meta":"","stick-header-meta":"","header-above-stick-meta":"","header-main-stick-meta":"","header-below-stick-meta":"","astra-migrate-meta-layouts":"set","ast-page-background-enabled":"default","ast-page-background-meta":{"desktop":{"background-color":"var(--ast-global-color-4)","background-image":"","background-repeat":"repeat","background-position":"center center","background-size":"auto","background-attachment":"scroll","background-type":"","background-media":"","overlay-type":"","overlay-color":"","overlay-opacity":"","overlay-gradient":""},"tablet":{"background-color":"","background-image":"","background-repeat":"repeat","background-position":"center center","background-size":"auto","background-attachment":"scroll","background-type":"","background-media":"","overlay-type":"","overlay-color":"","overlay-opacity":"","overlay-gradient":""},"mobile":{"background-color":"","background-image":"","background-repeat":"repeat","background-position":"center center","background-size":"auto","background-attachment":"scroll","background-type":"","background-media":"","overlay-type":"","overlay-color":"","overlay-opacity":"","overlay-gradient":""}},"ast-content-background-meta":{"desktop":{"background-color":"var(--ast-global-color-5)","background-image":"","background-repeat":"repeat","background-position":"center center","background-size":"auto","background-attachment":"scroll","background-type":"","background-media":"","overlay-type":"","overlay-color":"","overlay-opacity":"","overlay-gradient":""},"tablet":{"background-color":"var(--ast-global-color-5)","background-image":"","background-repeat":"repeat","background-position":"center center","background-size":"auto","background-attachment":"scroll","background-type":"","background-media":"","overlay-type":"","overlay-color":"","overlay-opacity":"","overlay-gradient":""},"mobile":{"background-color":"var(--ast-global-color-5)","background-image":"","background-repeat":"repeat","background-position":"center center","background-size":"auto","background-attachment":"scroll","background-type":"","background-media":"","overlay-type":"","overlay-color":"","overlay-opacity":"","overlay-gradient":""}},"footnotes":""},"categories":[810,65,977,29],"tags":[303,1204],"class_list":["post-21034","post","type-post","status-publish","format-standard","has-post-thumbnail","hentry","category-convivencia","category-crp","category-inclusio","category-portada","tag-diversitat","tag-lgbti"],"post_mailing_queue_ids":[],"_links":{"self":[{"href":"https:\/\/serveiseducatius.xtec.cat\/hospitalet\/wp-json\/wp\/v2\/posts\/21034","targetHints":{"allow":["GET"]}}],"collection":[{"href":"https:\/\/serveiseducatius.xtec.cat\/hospitalet\/wp-json\/wp\/v2\/posts"}],"about":[{"href":"https:\/\/serveiseducatius.xtec.cat\/hospitalet\/wp-json\/wp\/v2\/types\/post"}],"author":[{"embeddable":true,"href":"https:\/\/serveiseducatius.xtec.cat\/hospitalet\/wp-json\/wp\/v2\/users\/1"}],"replies":[{"embeddable":true,"href":"https:\/\/serveiseducatius.xtec.cat\/hospitalet\/wp-json\/wp\/v2\/comments?post=21034"}],"version-history":[{"count":6,"href":"https:\/\/serveiseducatius.xtec.cat\/hospitalet\/wp-json\/wp\/v2\/posts\/21034\/revisions"}],"predecessor-version":[{"id":23030,"href":"https:\/\/serveiseducatius.xtec.cat\/hospitalet\/wp-json\/wp\/v2\/posts\/21034\/revisions\/23030"}],"wp:featuredmedia":[{"embeddable":true,"href":"https:\/\/serveiseducatius.xtec.cat\/hospitalet\/wp-json\/wp\/v2\/media\/21035"}],"wp:attachment":[{"href":"https:\/\/serveiseducatius.xtec.cat\/hospitalet\/wp-json\/wp\/v2\/media?parent=21034"}],"wp:term":[{"taxonomy":"category","embeddable":true,"href":"https:\/\/serveiseducatius.xtec.cat\/hospitalet\/wp-json\/wp\/v2\/categories?post=21034"},{"taxonomy":"post_tag","embeddable":true,"href":"https:\/\/serveiseducatius.xtec.cat\/hospitalet\/wp-json\/wp\/v2\/tags?post=21034"}],"curies":[{"name":"wp","href":"https:\/\/api.w.org\/{rel}","templated":true}]}}