{"id":20797,"date":"2024-03-07T08:34:22","date_gmt":"2024-03-07T07:34:22","guid":{"rendered":"https:\/\/serveiseducatius.xtec.cat\/hospitalet\/?p=20797"},"modified":"2024-03-07T17:17:13","modified_gmt":"2024-03-07T16:17:13","slug":"com-integrar-la-perspectiva-de-genere-de-manera-significativa-i-efectiva-en-el-teu-context-educatiu","status":"publish","type":"post","link":"https:\/\/serveiseducatius.xtec.cat\/hospitalet\/portada\/com-integrar-la-perspectiva-de-genere-de-manera-significativa-i-efectiva-en-el-teu-context-educatiu\/","title":{"rendered":"Com integrar la perspectiva de g\u00e8nere de manera significativa i efectiva en el teu context educatiu?"},"content":{"rendered":"<p><span style=\"font-family: inherit; font-size: 1em;\">Explora la nostra selecci\u00f3 de recursos i descobreix com integrar la perspectiva de g\u00e8nere de manera significativa i efectiva en el teu context educatiu. Junts, podem contribuir a construir un m\u00f3n m\u00e9s igualitari i respectu\u00f3s, on cada individu tingui l\u2019oportunitat de cr\u00e9ixer i prosperar sense importar el seu g\u00e8nere.\u00a0 Aquesta p\u00e0gina estar\u00e0 dedicada a proporcionar recursos did\u00e0ctics per a treballar la perspectiva de g\u00e8nere. En un m\u00f3n en constant evoluci\u00f3, \u00e9s essencial promoure la igualtat i la comprensi\u00f3 de les diverses identitats de g\u00e8nere. Aqu\u00ed trobar\u00e0s una varietat d\u2019eines que facilitaran la reflexi\u00f3, el di\u00e0leg i l\u2019aprenentatge.\u00a0<\/span><\/p>\n<div class=\"wp-block-columns is-layout-flex wp-container-3 wp-block-columns-is-layout-flex\">\n<div class=\"wp-block-column is-layout-flow wp-block-column-is-layout-flow\">\n<div class=\"video-responsive\"><iframe loading=\"lazy\" title=\"YouTube video player\" src=\"https:\/\/www.youtube.com\/embed\/M8WOnGIWlUU\" width=\"186\" height=\"105\" frameborder=\"0\" allowfullscreen=\"allowfullscreen\" data-mce-fragment=\"1\"><\/iframe><\/div>\n<\/div>\n<\/div>\n<div class=\"wp-block-spacer\" aria-hidden=\"true\"><\/div>\n<h2><\/h2>\n<h2 class=\"wp-block-heading\">Noies i nois en relaci\u00f3.<\/h2>\n<h3 class=\"wp-block-heading has-text-color\">Materials de coeducaci\u00f3 i masculinitats a l\u2019etapa d\u2019educaci\u00f3 secund\u00e0ria<\/h3>\n<div class=\"wp-block-columns is-layout-flex wp-container-6 wp-block-columns-is-layout-flex\">\n<div class=\"wp-block-column is-layout-flow wp-block-column-is-layout-flow\">\n<p>Aquests materials responen a una revisi\u00f3 i actualitzaci\u00f3 dels publicats pels mateixos autors l\u2019any 2011 a Icaria Editorial amb el t\u00edtol de Chicos y chicas en relaci\u00f3n.<\/p>\n<p>L\u2019actualitzaci\u00f3 l\u2019hem feta pensant en els nous contextos educatius actuals. Tamb\u00e9 hem tingut en compte el canvi de format i de suport (de paper a virtual). Tanmateix, hem mantingut els objectius de la versi\u00f3 anterior: oferir al professorat, a l\u2019alumnat i a les fam\u00edlies uns materials que contemplin la coeducaci\u00f3 (\u00e9s a dir, l\u2019educaci\u00f3, perqu\u00e8 el fet educatiu no el podem entendre sense la perspectiva integral de g\u00e8nere) de manera inclusiva. Dit altrament, amb una mirada que contempli tamb\u00e9 les masculinitats, especialment en aquesta etapa tan important de la vida com \u00e9s l\u2019adolesc\u00e8ncia.<\/p>\n<p class=\"has-text-color has-medium-font-size\"><strong>Cita dels autors: Grup Orfeu, masculinitats i coeducaci\u00f3<\/strong><\/p>\n<\/div>\n<div class=\"wp-block-column is-layout-flow wp-block-column-is-layout-flow\">\n<figure class=\"wp-block-image alignright size-full is-resized\"><a href=\"https:\/\/projectes.xtec.cat\/nou-curriculum\/wp-content\/uploads\/usu2072\/2024\/02\/NOIES-I-NOIS-EN-RELACIO_GENER_DEF_-150124.pdf\"><img loading=\"lazy\" decoding=\"async\" class=\"wp-image-12856\" src=\"https:\/\/projectes.xtec.cat\/nou-curriculum\/wp-content\/uploads\/usu2072\/2024\/02\/Noies-i-nois-en-relacio.png\" sizes=\"auto, (max-width: 342px) 100vw, 342px\" srcset=\"https:\/\/projectes.xtec.cat\/nou-curriculum\/wp-content\/uploads\/usu2072\/2024\/02\/Noies-i-nois-en-relacio.png 342w, https:\/\/projectes.xtec.cat\/nou-curriculum\/wp-content\/uploads\/usu2072\/2024\/02\/Noies-i-nois-en-relacio-215x300.png 215w\" alt=\"\" width=\"230\" height=\"321\" \/><\/a><\/figure>\n<\/div>\n<\/div>\n<div class=\"wp-block-spacer\" aria-hidden=\"true\"><\/div>\n<h2><\/h2>\n<h2 class=\"wp-block-heading\">Nous v\u00eddeos per aprofundir en la coeducaci\u00f3.<\/h2>\n<div class=\"wp-block-spacer\" aria-hidden=\"true\"><\/div>\n<div class=\"wp-block-columns is-layout-flex wp-container-10 wp-block-columns-is-layout-flex\">\n<div class=\"wp-block-column caixa educacio-basica is-layout-flow wp-block-column-is-layout-flow\">\n<h4 class=\"wp-block-heading has-text-align-center\">Coeducaci\u00f3 al nou curr\u00edculum<\/h4>\n<div class=\"wp-block-spacer\" aria-hidden=\"true\"><\/div>\n<p><iframe loading=\"lazy\" title=\"YouTube video player\" src=\"https:\/\/www.youtube.com\/embed\/MvamMA9ksX0?si=KXC_VMOyEGSqNAju\" width=\"560\" height=\"315\" frameborder=\"0\" allowfullscreen=\"allowfullscreen\" data-mce-fragment=\"1\"><\/iframe><\/p>\n<\/div>\n<div class=\"wp-block-column caixa educacio-basica is-layout-flow wp-block-column-is-layout-flow\">\n<h4 class=\"wp-block-heading has-text-align-center\">Coeducaci\u00f3 \u00e9s educaci\u00f3<\/h4>\n<div class=\"wp-block-spacer\" aria-hidden=\"true\"><\/div>\n<p><iframe loading=\"lazy\" title=\"YouTube video player\" src=\"https:\/\/www.youtube.com\/embed\/-VjS9r2IYTU?si=Bee0ftcMBAaco5Do\" width=\"560\" height=\"315\" frameborder=\"0\" allowfullscreen=\"allowfullscreen\" data-mce-fragment=\"1\"><\/iframe><\/p>\n<\/div>\n<div class=\"wp-block-column caixa educacio-basica is-layout-flow wp-block-column-is-layout-flow\">\n<h4 class=\"wp-block-heading has-text-align-center\">Coeducaci\u00f3, qu\u00e8 fem i qu\u00e8 queda per fer?<\/h4>\n<p><iframe loading=\"lazy\" title=\"YouTube video player\" src=\"https:\/\/www.youtube.com\/embed\/IE1qpbL-fgQ?si=Fk6bn9nay8SGqhww\" width=\"560\" height=\"315\" frameborder=\"0\" allowfullscreen=\"allowfullscreen\" data-mce-fragment=\"1\"><\/iframe><\/p>\n<\/div>\n<\/div>\n<div class=\"wp-block-spacer\" aria-hidden=\"true\"><\/div>\n<div class=\"wp-block-columns is-layout-flex wp-container-14 wp-block-columns-is-layout-flex\">\n<div class=\"wp-block-column caixa educacio-basica is-layout-flow wp-block-column-is-layout-flow\">\n<h4 class=\"wp-block-heading\">La coeducaci\u00f3 als centres educatius<\/h4>\n<div class=\"wp-block-spacer\" aria-hidden=\"true\"><\/div>\n<p><iframe loading=\"lazy\" title=\"YouTube video player\" src=\"https:\/\/www.youtube.com\/embed\/MOPUOcoIaAI?si=W12pA_MPLY_jLE4g\" width=\"560\" height=\"315\" frameborder=\"0\" allowfullscreen=\"allowfullscreen\" data-mce-fragment=\"1\"><\/iframe><\/p>\n<\/div>\n<div class=\"wp-block-column caixa educacio-basica is-layout-flow wp-block-column-is-layout-flow\">\n<h4 class=\"wp-block-heading\">Com implementem el vector de g\u00e8nere en un centre de prim\u00e0ria?<\/h4>\n<p><iframe loading=\"lazy\" title=\"YouTube video player\" src=\"https:\/\/www.youtube.com\/embed\/vtnChDclB4s?si=_OB9GBTttavvHp1U\" width=\"560\" height=\"315\" frameborder=\"0\" allowfullscreen=\"allowfullscreen\" data-mce-fragment=\"1\"><\/iframe><\/p>\n<\/div>\n<div class=\"wp-block-column caixa educacio-basica is-layout-flow wp-block-column-is-layout-flow\">\n<h4 class=\"wp-block-heading\">Com treballem la coeducaci\u00f3 a l\u2019institut?<\/h4>\n<div class=\"wp-block-spacer\" aria-hidden=\"true\"><\/div>\n<p><iframe loading=\"lazy\" title=\"YouTube video player\" src=\"https:\/\/www.youtube.com\/embed\/froe_4wwwF4?si=fTlkTDnLA-hOq1PD\" width=\"560\" height=\"315\" frameborder=\"0\" allowfullscreen=\"allowfullscreen\" data-mce-fragment=\"1\"><\/iframe><\/p>\n<\/div>\n<\/div>\n<div class=\"wp-block-spacer\" aria-hidden=\"true\"><\/div>\n<div class=\"wp-block-columns is-layout-flex wp-container-18 wp-block-columns-is-layout-flex\">\n<div class=\"wp-block-column caixa educacio-basica is-layout-flow wp-block-column-is-layout-flow\">\n<h4 class=\"wp-block-heading\">La coeducaci\u00f3 des de la universalitat<\/h4>\n<p><iframe loading=\"lazy\" title=\"YouTube video player\" src=\"https:\/\/www.youtube.com\/embed\/MxHtvGsKFT8?si=oSxB4ILKZW1jviKs\" width=\"560\" height=\"315\" frameborder=\"0\" allowfullscreen=\"allowfullscreen\" data-mce-fragment=\"1\"><\/iframe><\/p>\n<\/div>\n<div class=\"wp-block-column caixa educacio-basica is-layout-flow wp-block-column-is-layout-flow\">\n<h4 class=\"wp-block-heading\">Noves masculinitats<\/h4>\n<div class=\"wp-block-spacer\" aria-hidden=\"true\"><\/div>\n<p><iframe loading=\"lazy\" title=\"YouTube video player\" src=\"https:\/\/www.youtube.com\/embed\/ZVDvFDUbQaE?si=p0BfY8QOJalBqB75\" width=\"560\" height=\"315\" frameborder=\"0\" allowfullscreen=\"allowfullscreen\" data-mce-fragment=\"1\"><\/iframe><\/p>\n<\/div>\n<\/div>\n<p>&nbsp;<\/p>\n","protected":false},"excerpt":{"rendered":"<p>Aquesta p\u00e0gina una varietat d\u2019eines que facilitaran la reflexi\u00f3, el di\u00e0leg i l\u2019aprenentatge.\u00a0<\/p>\n","protected":false},"author":1,"featured_media":20800,"comment_status":"closed","ping_status":"closed","sticky":false,"template":"","format":"standard","meta":{"_bbp_topic_count":0,"_bbp_reply_count":0,"_bbp_total_topic_count":0,"_bbp_total_reply_count":0,"_bbp_voice_count":0,"_bbp_anonymous_reply_count":0,"_bbp_topic_count_hidden":0,"_bbp_reply_count_hidden":0,"_bbp_forum_subforum_count":0,"site-sidebar-layout":"default","site-content-layout":"","ast-site-content-layout":"","site-content-style":"default","site-sidebar-style":"default","ast-global-header-display":"","ast-banner-title-visibility":"","ast-main-header-display":"","ast-hfb-above-header-display":"","ast-hfb-below-header-display":"","ast-hfb-mobile-header-display":"","site-post-title":"","ast-breadcrumbs-content":"","ast-featured-img":"","footer-sml-layout":"","theme-transparent-header-meta":"","adv-header-id-meta":"","stick-header-meta":"","header-above-stick-meta":"","header-main-stick-meta":"","header-below-stick-meta":"","astra-migrate-meta-layouts":"default","ast-page-background-enabled":"default","ast-page-background-meta":{"desktop":{"background-color":"var(--ast-global-color-4)","background-image":"","background-repeat":"repeat","background-position":"center center","background-size":"auto","background-attachment":"scroll","background-type":"","background-media":"","overlay-type":"","overlay-color":"","overlay-opacity":"","overlay-gradient":""},"tablet":{"background-color":"","background-image":"","background-repeat":"repeat","background-position":"center center","background-size":"auto","background-attachment":"scroll","background-type":"","background-media":"","overlay-type":"","overlay-color":"","overlay-opacity":"","overlay-gradient":""},"mobile":{"background-color":"","background-image":"","background-repeat":"repeat","background-position":"center center","background-size":"auto","background-attachment":"scroll","background-type":"","background-media":"","overlay-type":"","overlay-color":"","overlay-opacity":"","overlay-gradient":""}},"ast-content-background-meta":{"desktop":{"background-color":"var(--ast-global-color-5)","background-image":"","background-repeat":"repeat","background-position":"center center","background-size":"auto","background-attachment":"scroll","background-type":"","background-media":"","overlay-type":"","overlay-color":"","overlay-opacity":"","overlay-gradient":""},"tablet":{"background-color":"var(--ast-global-color-5)","background-image":"","background-repeat":"repeat","background-position":"center center","background-size":"auto","background-attachment":"scroll","background-type":"","background-media":"","overlay-type":"","overlay-color":"","overlay-opacity":"","overlay-gradient":""},"mobile":{"background-color":"var(--ast-global-color-5)","background-image":"","background-repeat":"repeat","background-position":"center center","background-size":"auto","background-attachment":"scroll","background-type":"","background-media":"","overlay-type":"","overlay-color":"","overlay-opacity":"","overlay-gradient":""}},"footnotes":""},"categories":[267,65,1009,29],"tags":[],"class_list":["post-20797","post","type-post","status-publish","format-standard","has-post-thumbnail","hentry","category-coeducacio","category-crp","category-curriculum","category-portada"],"post_mailing_queue_ids":[],"_links":{"self":[{"href":"https:\/\/serveiseducatius.xtec.cat\/hospitalet\/wp-json\/wp\/v2\/posts\/20797","targetHints":{"allow":["GET"]}}],"collection":[{"href":"https:\/\/serveiseducatius.xtec.cat\/hospitalet\/wp-json\/wp\/v2\/posts"}],"about":[{"href":"https:\/\/serveiseducatius.xtec.cat\/hospitalet\/wp-json\/wp\/v2\/types\/post"}],"author":[{"embeddable":true,"href":"https:\/\/serveiseducatius.xtec.cat\/hospitalet\/wp-json\/wp\/v2\/users\/1"}],"replies":[{"embeddable":true,"href":"https:\/\/serveiseducatius.xtec.cat\/hospitalet\/wp-json\/wp\/v2\/comments?post=20797"}],"version-history":[{"count":4,"href":"https:\/\/serveiseducatius.xtec.cat\/hospitalet\/wp-json\/wp\/v2\/posts\/20797\/revisions"}],"predecessor-version":[{"id":20814,"href":"https:\/\/serveiseducatius.xtec.cat\/hospitalet\/wp-json\/wp\/v2\/posts\/20797\/revisions\/20814"}],"wp:featuredmedia":[{"embeddable":true,"href":"https:\/\/serveiseducatius.xtec.cat\/hospitalet\/wp-json\/wp\/v2\/media\/20800"}],"wp:attachment":[{"href":"https:\/\/serveiseducatius.xtec.cat\/hospitalet\/wp-json\/wp\/v2\/media?parent=20797"}],"wp:term":[{"taxonomy":"category","embeddable":true,"href":"https:\/\/serveiseducatius.xtec.cat\/hospitalet\/wp-json\/wp\/v2\/categories?post=20797"},{"taxonomy":"post_tag","embeddable":true,"href":"https:\/\/serveiseducatius.xtec.cat\/hospitalet\/wp-json\/wp\/v2\/tags?post=20797"}],"curies":[{"name":"wp","href":"https:\/\/api.w.org\/{rel}","templated":true}]}}