{"id":20573,"date":"2024-02-13T09:10:17","date_gmt":"2024-02-13T08:10:17","guid":{"rendered":"https:\/\/serveiseducatius.xtec.cat\/hospitalet\/?p=20573"},"modified":"2024-02-13T09:10:17","modified_gmt":"2024-02-13T08:10:17","slug":"orientacions-per-treballar-leducacio-literaria-en-tots-els-nivells-educatius","status":"publish","type":"post","link":"https:\/\/serveiseducatius.xtec.cat\/hospitalet\/portada\/orientacions-per-treballar-leducacio-literaria-en-tots-els-nivells-educatius\/","title":{"rendered":"Orientacions per treballar l\u2019educaci\u00f3 liter\u00e0ria en tots els nivells educatius"},"content":{"rendered":"<p><span style=\"font-weight: 400;\"><a href=\"https:\/\/serveiseducatius.xtec.cat\/hospitalet\/wp-content\/uploads\/usu542\/2024\/02\/Captura-de-pantalla-2024-02-13-090639.png\"><img loading=\"lazy\" decoding=\"async\" class=\"size-medium wp-image-20575 alignleft\" src=\"https:\/\/serveiseducatius.xtec.cat\/hospitalet\/wp-content\/uploads\/usu542\/2024\/02\/Captura-de-pantalla-2024-02-13-090639-214x300.png\" alt=\"\" width=\"214\" height=\"300\" srcset=\"https:\/\/serveiseducatius.xtec.cat\/hospitalet\/wp-content\/uploads\/usu542\/2024\/02\/Captura-de-pantalla-2024-02-13-090639-214x300.png 214w, https:\/\/serveiseducatius.xtec.cat\/hospitalet\/wp-content\/uploads\/usu542\/2024\/02\/Captura-de-pantalla-2024-02-13-090639.png 400w\" sizes=\"auto, (max-width: 214px) 100vw, 214px\" \/><\/a>Per tal d\u2019acompanyar els docents en el desplegament del curr\u00edculum, el Departament d\u2019Educaci\u00f3 acaba de publicar tres documents d\u2019orientacions per treballar l\u2019educaci\u00f3 liter\u00e0ria en tots els nivells educatius. Els podeu consultar i descarregar\u00a0<\/span><a href=\"https:\/\/repositori.educacio.gencat.cat\/handle\/20.500.12694\/169\"><span style=\"font-weight: 400;\">en aquest enlla\u00e7<\/span><\/a><span style=\"font-weight: 400;\">\u00a0del Repositori Digital d\u2019Educaci\u00f3 o al nodes <\/span><a href=\"https:\/\/projectes.xtec.cat\/nou-curriculum\/general\/la-lectura-literaria-a-laula-orientacions-didactiques-de-0-a-18-anys\/\"><span style=\"font-weight: 400;\">El nou curr\u00edculum<\/span><\/a><span style=\"font-weight: 400;\">. Una oportunitat per aprendre amb sentit.<\/span><\/p>\n<p><span style=\"font-weight: 400;\">S\u00f3n els seg\u00fcents:<\/span><\/p>\n<p><a href=\"https:\/\/repositori.educacio.gencat.cat\/handle\/20.500.12694\/5709#page=1\"><span style=\"font-weight: 400;\">La lectura liter\u00e0ria a infantil. Orientacions per a l\u2019ensenyament de la literatura<\/span><\/a><\/p>\n<p><a href=\"https:\/\/repositori.educacio.gencat.cat\/handle\/20.500.12694\/5710#page=1\"><span style=\"font-weight: 400;\">La lectura liter\u00e0ria a prim\u00e0ria. Orientacions per a l\u2019ensenyament de la literatura<\/span><\/a><\/p>\n<p><a href=\"https:\/\/repositori.educacio.gencat.cat\/handle\/20.500.12694\/5711#page=1\"><span style=\"font-weight: 400;\">La lectura liter\u00e0ria a ESO i batxillerat. Orientacions per a la lectura guiada.<\/span><\/a><\/p>\n<p><a href=\"https:\/\/repositori.educacio.gencat.cat\/handle\/20.500.12694\/5711#page=1\"><span style=\"font-weight: 400;\">Els itineraris literaris de lectura guiada: dos exemples.<\/span><\/a><\/p>\n<p><span style=\"font-weight: 400;\">Amb el prop\u00f2sit de donar-los a con\u00e8ixer a la comunitat educativa, us convidem a la sessi\u00f3 de presentaci\u00f3 dels documents, que tindr\u00e0 lloc en l\u00ednia el proper\u00a0<\/span><b>dimecres 28 de febrer de 17:30 a 19h.<\/b><\/p>\n<p><span style=\"font-weight: 400;\">En\u00a0<\/span><a href=\"https:\/\/drive.google.com\/file\/d\/1_EUzngiYczYwtQGMfxXj-nDycXG3juoo\/view?usp=sharing\"><span style=\"font-weight: 400;\">aquesta infografia<\/span><\/a><span style=\"font-weight: 400;\">\u00a0en trobareu tota la informaci\u00f3 detallada. Podeu inscriure-us a l\u2019activitat a l\u2019apartat de<\/span><a href=\"https:\/\/aplicacions.gestioeducativa.gencat.cat\/pls\/soloas\/pk_for_mod_ins.p_for_detall_activitat?p_header=Llista%20d%27activitats%5Epk_for_mod_ins.p_for_cons_activitats?p_codi=9001230555,9001200555%26p_any=2023-2024%26p_totes=N%26p_inici=1%26p_excloure_crp_rec=T&amp;p_codi=9001200555&amp;p_curs=2023-2024&amp;p_excloure_crp_rec=T\"><span style=\"font-weight: 400;\">\u00a0formaci\u00f3 en compet\u00e8ncia liter\u00e0ria\u00a0<\/span><\/a><span style=\"font-weight: 400;\">del web d\u2019xtec.<\/span><\/p>\n<p>&nbsp;<\/p>\n","protected":false},"excerpt":{"rendered":"<p>documents d\u2019orientacions per treballar l\u2019educaci\u00f3 liter\u00e0ria en tots els nivells educatius<\/p>\n","protected":false},"author":1,"featured_media":20575,"comment_status":"closed","ping_status":"closed","sticky":false,"template":"","format":"standard","meta":{"_bbp_topic_count":0,"_bbp_reply_count":0,"_bbp_total_topic_count":0,"_bbp_total_reply_count":0,"_bbp_voice_count":0,"_bbp_anonymous_reply_count":0,"_bbp_topic_count_hidden":0,"_bbp_reply_count_hidden":0,"_bbp_forum_subforum_count":0,"site-sidebar-layout":"default","site-content-layout":"","ast-site-content-layout":"","site-content-style":"default","site-sidebar-style":"default","ast-global-header-display":"","ast-banner-title-visibility":"","ast-main-header-display":"","ast-hfb-above-header-display":"","ast-hfb-below-header-display":"","ast-hfb-mobile-header-display":"","site-post-title":"","ast-breadcrumbs-content":"","ast-featured-img":"","footer-sml-layout":"","theme-transparent-header-meta":"","adv-header-id-meta":"","stick-header-meta":"","header-above-stick-meta":"","header-main-stick-meta":"","header-below-stick-meta":"","astra-migrate-meta-layouts":"default","ast-page-background-enabled":"default","ast-page-background-meta":{"desktop":{"background-color":"var(--ast-global-color-4)","background-image":"","background-repeat":"repeat","background-position":"center center","background-size":"auto","background-attachment":"scroll","background-type":"","background-media":"","overlay-type":"","overlay-color":"","overlay-opacity":"","overlay-gradient":""},"tablet":{"background-color":"","background-image":"","background-repeat":"repeat","background-position":"center center","background-size":"auto","background-attachment":"scroll","background-type":"","background-media":"","overlay-type":"","overlay-color":"","overlay-opacity":"","overlay-gradient":""},"mobile":{"background-color":"","background-image":"","background-repeat":"repeat","background-position":"center center","background-size":"auto","background-attachment":"scroll","background-type":"","background-media":"","overlay-type":"","overlay-color":"","overlay-opacity":"","overlay-gradient":""}},"ast-content-background-meta":{"desktop":{"background-color":"var(--ast-global-color-5)","background-image":"","background-repeat":"repeat","background-position":"center center","background-size":"auto","background-attachment":"scroll","background-type":"","background-media":"","overlay-type":"","overlay-color":"","overlay-opacity":"","overlay-gradient":""},"tablet":{"background-color":"var(--ast-global-color-5)","background-image":"","background-repeat":"repeat","background-position":"center center","background-size":"auto","background-attachment":"scroll","background-type":"","background-media":"","overlay-type":"","overlay-color":"","overlay-opacity":"","overlay-gradient":""},"mobile":{"background-color":"var(--ast-global-color-5)","background-image":"","background-repeat":"repeat","background-position":"center center","background-size":"auto","background-attachment":"scroll","background-type":"","background-media":"","overlay-type":"","overlay-color":"","overlay-opacity":"","overlay-gradient":""}},"footnotes":""},"categories":[833,65,29,676],"tags":[],"class_list":["post-20573","post","type-post","status-publish","format-standard","has-post-thumbnail","hentry","category-competencia-linguistica","category-crp","category-portada","category-publicacions-del-departament"],"post_mailing_queue_ids":[],"_links":{"self":[{"href":"https:\/\/serveiseducatius.xtec.cat\/hospitalet\/wp-json\/wp\/v2\/posts\/20573","targetHints":{"allow":["GET"]}}],"collection":[{"href":"https:\/\/serveiseducatius.xtec.cat\/hospitalet\/wp-json\/wp\/v2\/posts"}],"about":[{"href":"https:\/\/serveiseducatius.xtec.cat\/hospitalet\/wp-json\/wp\/v2\/types\/post"}],"author":[{"embeddable":true,"href":"https:\/\/serveiseducatius.xtec.cat\/hospitalet\/wp-json\/wp\/v2\/users\/1"}],"replies":[{"embeddable":true,"href":"https:\/\/serveiseducatius.xtec.cat\/hospitalet\/wp-json\/wp\/v2\/comments?post=20573"}],"version-history":[{"count":3,"href":"https:\/\/serveiseducatius.xtec.cat\/hospitalet\/wp-json\/wp\/v2\/posts\/20573\/revisions"}],"predecessor-version":[{"id":20578,"href":"https:\/\/serveiseducatius.xtec.cat\/hospitalet\/wp-json\/wp\/v2\/posts\/20573\/revisions\/20578"}],"wp:featuredmedia":[{"embeddable":true,"href":"https:\/\/serveiseducatius.xtec.cat\/hospitalet\/wp-json\/wp\/v2\/media\/20575"}],"wp:attachment":[{"href":"https:\/\/serveiseducatius.xtec.cat\/hospitalet\/wp-json\/wp\/v2\/media?parent=20573"}],"wp:term":[{"taxonomy":"category","embeddable":true,"href":"https:\/\/serveiseducatius.xtec.cat\/hospitalet\/wp-json\/wp\/v2\/categories?post=20573"},{"taxonomy":"post_tag","embeddable":true,"href":"https:\/\/serveiseducatius.xtec.cat\/hospitalet\/wp-json\/wp\/v2\/tags?post=20573"}],"curies":[{"name":"wp","href":"https:\/\/api.w.org\/{rel}","templated":true}]}}