{"id":20450,"date":"2024-01-25T11:59:36","date_gmt":"2024-01-25T10:59:36","guid":{"rendered":"https:\/\/serveiseducatius.xtec.cat\/hospitalet\/?p=20450"},"modified":"2024-01-26T11:15:18","modified_gmt":"2024-01-26T10:15:18","slug":"la-diferencia-videocontes-i-recursos-didactics-per-a-una-educacio-inclusiva-amb-perspectiva-de-genere-i-lgbtiq","status":"publish","type":"post","link":"https:\/\/serveiseducatius.xtec.cat\/hospitalet\/portada\/la-diferencia-videocontes-i-recursos-didactics-per-a-una-educacio-inclusiva-amb-perspectiva-de-genere-i-lgbtiq\/","title":{"rendered":"La Difer\u00e8ncia: Videocontes i recursos did\u00e0ctics per a una educaci\u00f3 inclusiva amb perspectiva de g\u00e8nere i LGBTIQ+"},"content":{"rendered":"<p><a href=\"https:\/\/serveiseducatius.xtec.cat\/hospitalet\/wp-content\/uploads\/usu542\/2024\/01\/La-diferencia-jpg.webp\"><img loading=\"lazy\" decoding=\"async\" class=\"size-medium wp-image-20451 alignleft\" src=\"https:\/\/serveiseducatius.xtec.cat\/hospitalet\/wp-content\/uploads\/usu542\/2024\/01\/La-diferencia-jpg-300x169.webp\" alt=\"\" width=\"300\" height=\"169\" srcset=\"https:\/\/serveiseducatius.xtec.cat\/hospitalet\/wp-content\/uploads\/usu542\/2024\/01\/La-diferencia-jpg-300x169.webp 300w, https:\/\/serveiseducatius.xtec.cat\/hospitalet\/wp-content\/uploads\/usu542\/2024\/01\/La-diferencia-jpg-768x432.webp 768w, https:\/\/serveiseducatius.xtec.cat\/hospitalet\/wp-content\/uploads\/usu542\/2024\/01\/La-diferencia-jpg.webp 960w\" sizes=\"auto, (max-width: 300px) 100vw, 300px\" \/><\/a>En aquest espai trobareu recursos per a DOCENTS, per a les AFA, per a les FAM\u00cdLIES, que us poden ser d&#8217;utilitat i que anirem actualitzant amb la vostra ajuda. Tamb\u00e9 trobareu tots els SERVEIS D&#8217;ATENCI\u00d3 INTEGRAL LGBTI i les ENTITATS LGBTIQ+ de Catalunya.<\/p>\n<p>A trav\u00e9s de<strong>\u00a0<a href=\"https:\/\/ladiferencia.cat\/\">videocontes creats per a diferents franges d\u2019edat<\/a><\/strong>, s\u2019introdueixen temes com l\u2019expressi\u00f3 de g\u00e8nere, la diversitat de corporalitats, l\u2019assetjament per LGTB-f\u00f2bia entre d\u2019altres. Cada videoconte va acompanyat de\u00a0<strong>propostes did\u00e0ctiques<\/strong> descarregables per incorporar la diversitat sexoafectiva a la programaci\u00f3 d\u2019aula.<\/p>\n","protected":false},"excerpt":{"rendered":"<p>En aquest espai trobareu recursos per a DOCENTS, per a les AFA i per a les FAM\u00cdLIES.<\/p>\n","protected":false},"author":1,"featured_media":20451,"comment_status":"closed","ping_status":"closed","sticky":false,"template":"","format":"standard","meta":{"_bbp_topic_count":0,"_bbp_reply_count":0,"_bbp_total_topic_count":0,"_bbp_total_reply_count":0,"_bbp_voice_count":0,"_bbp_anonymous_reply_count":0,"_bbp_topic_count_hidden":0,"_bbp_reply_count_hidden":0,"_bbp_forum_subforum_count":0,"site-sidebar-layout":"default","site-content-layout":"","ast-site-content-layout":"","site-content-style":"default","site-sidebar-style":"default","ast-global-header-display":"","ast-banner-title-visibility":"","ast-main-header-display":"","ast-hfb-above-header-display":"","ast-hfb-below-header-display":"","ast-hfb-mobile-header-display":"","site-post-title":"","ast-breadcrumbs-content":"","ast-featured-img":"","footer-sml-layout":"","theme-transparent-header-meta":"","adv-header-id-meta":"","stick-header-meta":"","header-above-stick-meta":"","header-main-stick-meta":"","header-below-stick-meta":"","astra-migrate-meta-layouts":"default","ast-page-background-enabled":"default","ast-page-background-meta":{"desktop":{"background-color":"var(--ast-global-color-4)","background-image":"","background-repeat":"repeat","background-position":"center center","background-size":"auto","background-attachment":"scroll","background-type":"","background-media":"","overlay-type":"","overlay-color":"","overlay-opacity":"","overlay-gradient":""},"tablet":{"background-color":"","background-image":"","background-repeat":"repeat","background-position":"center center","background-size":"auto","background-attachment":"scroll","background-type":"","background-media":"","overlay-type":"","overlay-color":"","overlay-opacity":"","overlay-gradient":""},"mobile":{"background-color":"","background-image":"","background-repeat":"repeat","background-position":"center center","background-size":"auto","background-attachment":"scroll","background-type":"","background-media":"","overlay-type":"","overlay-color":"","overlay-opacity":"","overlay-gradient":""}},"ast-content-background-meta":{"desktop":{"background-color":"var(--ast-global-color-5)","background-image":"","background-repeat":"repeat","background-position":"center center","background-size":"auto","background-attachment":"scroll","background-type":"","background-media":"","overlay-type":"","overlay-color":"","overlay-opacity":"","overlay-gradient":""},"tablet":{"background-color":"var(--ast-global-color-5)","background-image":"","background-repeat":"repeat","background-position":"center center","background-size":"auto","background-attachment":"scroll","background-type":"","background-media":"","overlay-type":"","overlay-color":"","overlay-opacity":"","overlay-gradient":""},"mobile":{"background-color":"var(--ast-global-color-5)","background-image":"","background-repeat":"repeat","background-position":"center center","background-size":"auto","background-attachment":"scroll","background-type":"","background-media":"","overlay-type":"","overlay-color":"","overlay-opacity":"","overlay-gradient":""}},"footnotes":""},"categories":[267,65,29],"tags":[],"class_list":["post-20450","post","type-post","status-publish","format-standard","has-post-thumbnail","hentry","category-coeducacio","category-crp","category-portada"],"post_mailing_queue_ids":[],"_links":{"self":[{"href":"https:\/\/serveiseducatius.xtec.cat\/hospitalet\/wp-json\/wp\/v2\/posts\/20450","targetHints":{"allow":["GET"]}}],"collection":[{"href":"https:\/\/serveiseducatius.xtec.cat\/hospitalet\/wp-json\/wp\/v2\/posts"}],"about":[{"href":"https:\/\/serveiseducatius.xtec.cat\/hospitalet\/wp-json\/wp\/v2\/types\/post"}],"author":[{"embeddable":true,"href":"https:\/\/serveiseducatius.xtec.cat\/hospitalet\/wp-json\/wp\/v2\/users\/1"}],"replies":[{"embeddable":true,"href":"https:\/\/serveiseducatius.xtec.cat\/hospitalet\/wp-json\/wp\/v2\/comments?post=20450"}],"version-history":[{"count":3,"href":"https:\/\/serveiseducatius.xtec.cat\/hospitalet\/wp-json\/wp\/v2\/posts\/20450\/revisions"}],"predecessor-version":[{"id":20487,"href":"https:\/\/serveiseducatius.xtec.cat\/hospitalet\/wp-json\/wp\/v2\/posts\/20450\/revisions\/20487"}],"wp:featuredmedia":[{"embeddable":true,"href":"https:\/\/serveiseducatius.xtec.cat\/hospitalet\/wp-json\/wp\/v2\/media\/20451"}],"wp:attachment":[{"href":"https:\/\/serveiseducatius.xtec.cat\/hospitalet\/wp-json\/wp\/v2\/media?parent=20450"}],"wp:term":[{"taxonomy":"category","embeddable":true,"href":"https:\/\/serveiseducatius.xtec.cat\/hospitalet\/wp-json\/wp\/v2\/categories?post=20450"},{"taxonomy":"post_tag","embeddable":true,"href":"https:\/\/serveiseducatius.xtec.cat\/hospitalet\/wp-json\/wp\/v2\/tags?post=20450"}],"curies":[{"name":"wp","href":"https:\/\/api.w.org\/{rel}","templated":true}]}}