{"id":20185,"date":"2023-11-15T09:00:00","date_gmt":"2023-11-15T08:00:00","guid":{"rendered":"https:\/\/serveiseducatius.xtec.cat\/hospitalet\/?p=20185"},"modified":"2023-11-16T09:08:59","modified_gmt":"2023-11-16T08:08:59","slug":"abordatge-de-situacions-de-conflicte-als-centres-educatius-reunions-restauratives-i-cercles-restauratius","status":"publish","type":"post","link":"https:\/\/serveiseducatius.xtec.cat\/hospitalet\/general\/abordatge-de-situacions-de-conflicte-als-centres-educatius-reunions-restauratives-i-cercles-restauratius\/","title":{"rendered":"Abordatge de situacions de conflicte als centres educatius. Reunions restauratives i cercles restauratius."},"content":{"rendered":"<p><a href=\"https:\/\/serveiseducatius.xtec.cat\/hospitalet\/wp-content\/uploads\/usu542\/2023\/11\/Jean-Smithz.png\"><img loading=\"lazy\" decoding=\"async\" class=\"size-full wp-image-20186 alignleft\" src=\"https:\/\/serveiseducatius.xtec.cat\/hospitalet\/wp-content\/uploads\/usu542\/2023\/11\/Jean-Smithz.png\" alt=\"\" width=\"365\" height=\"275\" \/><\/a>XARXA DE CENTRES RESTAURATIUS DE L\u2019HOSPITALET DE LLOBREGAT<br \/>\nAbordatge de situacions de conflicte als centres educatius. Reunions restauratives i cercles restauratius<br \/>\nA c\u00e0rrec de Jean Smithz<\/p>\n<p>Dia: dimarts 21 de novembre de de 17,30h a 20h.<br \/>\nLloc: CRP L\u2019Hospitalet<br \/>\nLa sessi\u00f3 formativa estar\u00e0 centrada en la resoluci\u00f3 de conflictes mitjan\u00e7ant l&#8217;enfocament restauratiu. Durant aquesta sessi\u00f3, s&#8217;emfatitzar\u00e0 la import\u00e0ncia de promoure un clima de<br \/>\nrespecte i empatia, fomentant la comunicaci\u00f3 oberta i l&#8217;enteniment mutu. Es presentaran eines clau, com els cercles restauratius i les reunions restauratives, que permeten a estudiants, docents i fam\u00edlies abordar els conflictes a trav\u00e9s d&#8217;un proc\u00e9s de reflexi\u00f3, assumpci\u00f3 de responsabilitat i reparaci\u00f3 de danys en lloc de la simple atribuci\u00f3 de culpa i aplicaci\u00f3 de c\u00e0stigs.<br \/>\nEn aquesta sessi\u00f3, s&#8217;espera que les persones participants augmentin la comprensi\u00f3 i el poder dels processos restauratius per a gestionar conflictes de manera constructiva i promoure la<br \/>\nrestauraci\u00f3 de les relacions la reparaci\u00f3 de dany, si \u00e9s possible.<br \/>\nAqu\u00ed us enviem l&#8217;enlla\u00e7 per les <a href=\"https:\/\/docs.google.com\/forms\/d\/e\/1FAIpQLSdms4cqEddGAHQIoxGxCNbqFGCwy0FvM3PbU6SLccxPdD0j1A\/viewform\">inscripcions<\/a>.<\/p>\n","protected":false},"excerpt":{"rendered":"<p>C\u00e0psula Restaurativa de la m\u00e0 del Jean Smithz centrada en la resoluci\u00f3 de conflictes mitjan\u00e7ant l&#8217;enfocament restauratiu. <\/p>\n","protected":false},"author":1,"featured_media":20186,"comment_status":"closed","ping_status":"closed","sticky":false,"template":"","format":"standard","meta":{"_bbp_topic_count":0,"_bbp_reply_count":0,"_bbp_total_topic_count":0,"_bbp_total_reply_count":0,"_bbp_voice_count":0,"_bbp_anonymous_reply_count":0,"_bbp_topic_count_hidden":0,"_bbp_reply_count_hidden":0,"_bbp_forum_subforum_count":0,"site-sidebar-layout":"default","site-content-layout":"","ast-site-content-layout":"","site-content-style":"default","site-sidebar-style":"default","ast-global-header-display":"","ast-banner-title-visibility":"","ast-main-header-display":"","ast-hfb-above-header-display":"","ast-hfb-below-header-display":"","ast-hfb-mobile-header-display":"","site-post-title":"","ast-breadcrumbs-content":"","ast-featured-img":"","footer-sml-layout":"","theme-transparent-header-meta":"","adv-header-id-meta":"","stick-header-meta":"","header-above-stick-meta":"","header-main-stick-meta":"","header-below-stick-meta":"","astra-migrate-meta-layouts":"default","ast-page-background-enabled":"default","ast-page-background-meta":{"desktop":{"background-color":"var(--ast-global-color-4)","background-image":"","background-repeat":"repeat","background-position":"center center","background-size":"auto","background-attachment":"scroll","background-type":"","background-media":"","overlay-type":"","overlay-color":"","overlay-opacity":"","overlay-gradient":""},"tablet":{"background-color":"","background-image":"","background-repeat":"repeat","background-position":"center center","background-size":"auto","background-attachment":"scroll","background-type":"","background-media":"","overlay-type":"","overlay-color":"","overlay-opacity":"","overlay-gradient":""},"mobile":{"background-color":"","background-image":"","background-repeat":"repeat","background-position":"center center","background-size":"auto","background-attachment":"scroll","background-type":"","background-media":"","overlay-type":"","overlay-color":"","overlay-opacity":"","overlay-gradient":""}},"ast-content-background-meta":{"desktop":{"background-color":"var(--ast-global-color-5)","background-image":"","background-repeat":"repeat","background-position":"center center","background-size":"auto","background-attachment":"scroll","background-type":"","background-media":"","overlay-type":"","overlay-color":"","overlay-opacity":"","overlay-gradient":""},"tablet":{"background-color":"var(--ast-global-color-5)","background-image":"","background-repeat":"repeat","background-position":"center center","background-size":"auto","background-attachment":"scroll","background-type":"","background-media":"","overlay-type":"","overlay-color":"","overlay-opacity":"","overlay-gradient":""},"mobile":{"background-color":"var(--ast-global-color-5)","background-image":"","background-repeat":"repeat","background-position":"center center","background-size":"auto","background-attachment":"scroll","background-type":"","background-media":"","overlay-type":"","overlay-color":"","overlay-opacity":"","overlay-gradient":""}},"footnotes":""},"categories":[810,266,1,29],"tags":[],"class_list":["post-20185","post","type-post","status-publish","format-standard","has-post-thumbnail","hentry","category-convivencia","category-educacio-emocional","category-general","category-portada"],"post_mailing_queue_ids":[],"_links":{"self":[{"href":"https:\/\/serveiseducatius.xtec.cat\/hospitalet\/wp-json\/wp\/v2\/posts\/20185","targetHints":{"allow":["GET"]}}],"collection":[{"href":"https:\/\/serveiseducatius.xtec.cat\/hospitalet\/wp-json\/wp\/v2\/posts"}],"about":[{"href":"https:\/\/serveiseducatius.xtec.cat\/hospitalet\/wp-json\/wp\/v2\/types\/post"}],"author":[{"embeddable":true,"href":"https:\/\/serveiseducatius.xtec.cat\/hospitalet\/wp-json\/wp\/v2\/users\/1"}],"replies":[{"embeddable":true,"href":"https:\/\/serveiseducatius.xtec.cat\/hospitalet\/wp-json\/wp\/v2\/comments?post=20185"}],"version-history":[{"count":2,"href":"https:\/\/serveiseducatius.xtec.cat\/hospitalet\/wp-json\/wp\/v2\/posts\/20185\/revisions"}],"predecessor-version":[{"id":20212,"href":"https:\/\/serveiseducatius.xtec.cat\/hospitalet\/wp-json\/wp\/v2\/posts\/20185\/revisions\/20212"}],"wp:featuredmedia":[{"embeddable":true,"href":"https:\/\/serveiseducatius.xtec.cat\/hospitalet\/wp-json\/wp\/v2\/media\/20186"}],"wp:attachment":[{"href":"https:\/\/serveiseducatius.xtec.cat\/hospitalet\/wp-json\/wp\/v2\/media?parent=20185"}],"wp:term":[{"taxonomy":"category","embeddable":true,"href":"https:\/\/serveiseducatius.xtec.cat\/hospitalet\/wp-json\/wp\/v2\/categories?post=20185"},{"taxonomy":"post_tag","embeddable":true,"href":"https:\/\/serveiseducatius.xtec.cat\/hospitalet\/wp-json\/wp\/v2\/tags?post=20185"}],"curies":[{"name":"wp","href":"https:\/\/api.w.org\/{rel}","templated":true}]}}