{"id":18334,"date":"2022-07-01T08:54:00","date_gmt":"2022-07-01T06:54:00","guid":{"rendered":"https:\/\/serveiseducatius.xtec.cat\/hospitalet\/?p=18334"},"modified":"2025-06-25T12:08:41","modified_gmt":"2025-06-25T10:08:41","slug":"convocatoria-de-projectes-daprenentatge-servei-i-servei-comunitari-ambiental-curs-2022-2023","status":"publish","type":"post","link":"https:\/\/serveiseducatius.xtec.cat\/hospitalet\/general\/convocatoria-de-projectes-daprenentatge-servei-i-servei-comunitari-ambiental-curs-2022-2023\/","title":{"rendered":"Convocat\u00f2ria de projectes d&#8217;Aprenentatge Servei i Servei Comunitari Ambiental (Curs 2022-2023)"},"content":{"rendered":"<p style=\"font-weight: 400;\"><strong><u><a href=\"https:\/\/serveiseducatius.xtec.cat\/hospitalet\/wp-content\/uploads\/usu542\/2022\/07\/AMB-e1656658234689.png\"><img loading=\"lazy\" decoding=\"async\" class=\"size-full wp-image-18335 alignleft\" src=\"https:\/\/serveiseducatius.xtec.cat\/hospitalet\/wp-content\/uploads\/usu542\/2022\/07\/AMB-e1656658234689.png\" alt=\"\" width=\"300\" height=\"241\" \/><\/a>6 DE JULIOL<\/u><\/strong><strong>: FI DEL TERMINI PER PRESENTAR ELS VOSTRES PROJECTES D\u2019APRENENTATGE SERVEI I SERVEI COMUNITARI AMBIENTAL A LA CONVOCAT\u00d2RIA DEL CURS 2022 \u2013 2023<\/strong><\/p>\n<p style=\"font-weight: 400;\">Benvolgudes i benvolguts,<\/p>\n<p style=\"font-weight: 400;\">Des del Compartim un Futur, el Programa Metropolit\u00e0 d\u2019Educaci\u00f3 per la Sostenibilitat de l\u2019\u00c0rea Metropolitana de Barcelona, us recordem que el termini perqu\u00e8 ens envieu les vostres propostes\u00a0<a href=\"https:\/\/www.amb.cat\/web\/ecologia\/sostenibilitat\/educacio-ambiental\/aps\/oferta-projectes\" data-saferedirecturl=\"https:\/\/www.google.com\/url?q=https:\/\/www.amb.cat\/web\/ecologia\/sostenibilitat\/educacio-ambiental\/aps\/oferta-projectes&amp;source=gmail&amp;ust=1656744172412000&amp;usg=AOvVaw1_btDHtUKKp4DaZ7mm6AAG\">projectes d\u2019Aprenentatge Servei i Servei Comunitari Ambiental del curs 2022 \u2013 2023<\/a><u>\u00a0<strong>finalitza el proper dimecres 6 de juliol<\/strong><\/u>.<\/p>\n<p style=\"font-weight: 400;\"><strong>\u00a0<\/strong>Els projectes seleccionats s\u2019executaran durant el segon i\/o tercer trimestre del curs 2022-2023.<\/p>\n<p style=\"font-weight: 400;\">Podeu presentar\u00a0propostes d&#8217; ApS ambiental\u00a0dels\u00a0dos tipus de projectes que impulsem, segons nivells educatius :<\/p>\n<ul style=\"font-weight: 400;\">\n<li><strong>Projectes coprodu\u00efts per\u00a0<\/strong><strong>CFGM, CFGS, PFI, Formaci\u00f3 per a persones adultes<\/strong>\u00a0<strong>i Universitats<\/strong><strong>:\u00a0<\/strong>dissenyats des dels centres educatius (alumnat i equip docent) en xarxa amb entitats del tercer sector, ajuntaments, AMB etc.<\/li>\n<li><strong>Projectes guiats per<\/strong><strong>\u00a0prim\u00e0ria<\/strong>,\u00a0<strong>ESO, Batxillerat, CFGM i CFGS<\/strong>: parteixen d\u2019una proposta concreta que els centres adapten. Al cat\u00e0leg adjunt trobareu els 5 projectes que podeu fer.<\/li>\n<\/ul>\n<p style=\"font-weight: 400;\">En tots dos casos, des del Compartim un Futur oferim serveis educatius gratu\u00efts com\u00a0 assessorament i acompanyament \u00a0(presencial i telem\u00e0tic), suport durant la realitzaci\u00f3, eines i recursos educatius, formaci\u00f3 i visibilitat dels projectes.<\/p>\n<p style=\"font-weight: 400;\">Us adjuntem els detalls de la convocat\u00f2ria amb les condicions i criteris de selecci\u00f3 i la taula que heu d\u2019omplir amb\u00a0<strong>el vostre projecte<\/strong>\u00a0per presentar-vos. \u00a0Tamb\u00e9 trobareu adjuntat el cat\u00e0leg de projectes on trobareu tota la informaci\u00f3 dels ApS que oferim.<\/p>\n<p style=\"font-weight: 400;\">Per a presentar la vostra candidatura us recomanem seguir els seg\u00fcents passos:<\/p>\n<ol style=\"font-weight: 400;\">\n<li>Consulteu el document de\u00a0<strong>condicions i criteris de selecci\u00f3 de projectes<\/strong>.<\/li>\n<li>Empleneu la\u00a0<strong>taula amb el vostre projecte<\/strong>. Us recomanem aprofitar l\u2019apartat d\u2019objectius i motivacions per compartir amb nosaltres perqu\u00e8 voleu participar en un dels nostres projectes.<\/li>\n<li>Envieu la taula a l\u2019adre\u00e7a de correu\u00a0<a href=\"mailto:assessoria.compartim@amb.cat\"><strong>assessoria.compartim@amb.cat<\/strong><\/a>\u00a0abans del proper\u00a0<strong>dimecres 06\/07\/22<\/strong>.<\/li>\n<\/ol>\n<p style=\"font-weight: 400;\">Preveiem comunicar el\u00a0<strong>resultat al llarg de la segona setmana de juliol<\/strong>. En cas de ser seleccionats, es preveu realitzar les sessions d\u2019informaci\u00f3 i assessorament durant el primer trimestre del curs 22-23.<\/p>\n<p style=\"font-weight: 400;\">Aprofitem per informar-vos que si el vostre centre es troba proper a un\u00a0<strong>parc o platja metropolit\u00e0<\/strong>, pot sol\u00b7licitar suport per desenvolupar un\u00a0<strong>projecte participatiu (ApS i servei comunitari)<\/strong>, promoguts pel Servei de promoci\u00f3 i conservaci\u00f3 de l\u2019Espai P\u00fablic al correu\u00a0<strong><a href=\"mailto:aprenem.parcsplatges@amb.cat\">aprenem.parcsplatges@amb.cat<\/a><\/strong>. Per a m\u00e9s informaci\u00f3 podeu consultar aqu\u00ed:\u00a0<a href=\"https:\/\/www.amb.cat\/web\/territori\/espai-public\/projectes-participatius\" data-saferedirecturl=\"https:\/\/www.google.com\/url?q=https:\/\/www.amb.cat\/web\/territori\/espai-public\/projectes-participatius&amp;source=gmail&amp;ust=1656744172413000&amp;usg=AOvVaw01STzzBPX_KoEhGPpHuqQA\">https:\/\/www.amb.cat\/web\/territori\/espai-public\/projectes-participatius<\/a><\/p>\n<p style=\"font-weight: 400;\">Si teniu qualsevol dubte o comentari ens podeu trobar a\u00a0<a href=\"mailto:assessoria.com@amb.cat\">assessoria.com@amb.cat<\/a>\u00a0i al\u00a0tel\u00e8fon 671 33 23 12.<\/p>\n<p style=\"font-weight: 400;\">Desitgem que aquesta convocat\u00f2ria sigui del vostre inter\u00e8s.<\/p>\n","protected":false},"excerpt":{"rendered":"<p>El proper 6 de juliol \u00e9s \u00faltim dia per presentar el vostre centre <\/p>\n","protected":false},"author":1,"featured_media":18335,"comment_status":"closed","ping_status":"closed","sticky":false,"template":"","format":"standard","meta":{"_bbp_topic_count":0,"_bbp_reply_count":0,"_bbp_total_topic_count":0,"_bbp_total_reply_count":0,"_bbp_voice_count":0,"_bbp_anonymous_reply_count":0,"_bbp_topic_count_hidden":0,"_bbp_reply_count_hidden":0,"_bbp_forum_subforum_count":0,"site-sidebar-layout":"default","site-content-layout":"","ast-site-content-layout":"","site-content-style":"default","site-sidebar-style":"default","ast-global-header-display":"","ast-banner-title-visibility":"","ast-main-header-display":"","ast-hfb-above-header-display":"","ast-hfb-below-header-display":"","ast-hfb-mobile-header-display":"","site-post-title":"","ast-breadcrumbs-content":"","ast-featured-img":"","footer-sml-layout":"","theme-transparent-header-meta":"","adv-header-id-meta":"","stick-header-meta":"","header-above-stick-meta":"","header-main-stick-meta":"","header-below-stick-meta":"","astra-migrate-meta-layouts":"default","ast-page-background-enabled":"default","ast-page-background-meta":{"desktop":{"background-color":"var(--ast-global-color-4)","background-image":"","background-repeat":"repeat","background-position":"center center","background-size":"auto","background-attachment":"scroll","background-type":"","background-media":"","overlay-type":"","overlay-color":"","overlay-opacity":"","overlay-gradient":""},"tablet":{"background-color":"","background-image":"","background-repeat":"repeat","background-position":"center center","background-size":"auto","background-attachment":"scroll","background-type":"","background-media":"","overlay-type":"","overlay-color":"","overlay-opacity":"","overlay-gradient":""},"mobile":{"background-color":"","background-image":"","background-repeat":"repeat","background-position":"center center","background-size":"auto","background-attachment":"scroll","background-type":"","background-media":"","overlay-type":"","overlay-color":"","overlay-opacity":"","overlay-gradient":""}},"ast-content-background-meta":{"desktop":{"background-color":"var(--ast-global-color-5)","background-image":"","background-repeat":"repeat","background-position":"center center","background-size":"auto","background-attachment":"scroll","background-type":"","background-media":"","overlay-type":"","overlay-color":"","overlay-opacity":"","overlay-gradient":""},"tablet":{"background-color":"var(--ast-global-color-5)","background-image":"","background-repeat":"repeat","background-position":"center center","background-size":"auto","background-attachment":"scroll","background-type":"","background-media":"","overlay-type":"","overlay-color":"","overlay-opacity":"","overlay-gradient":""},"mobile":{"background-color":"var(--ast-global-color-5)","background-image":"","background-repeat":"repeat","background-position":"center center","background-size":"auto","background-attachment":"scroll","background-type":"","background-media":"","overlay-type":"","overlay-color":"","overlay-opacity":"","overlay-gradient":""}},"footnotes":""},"categories":[77,1,262,29],"tags":[],"class_list":["post-18334","post","type-post","status-publish","format-standard","has-post-thumbnail","hentry","category-servei-comunitari","category-general","category-mediambient","category-portada"],"post_mailing_queue_ids":[],"_links":{"self":[{"href":"https:\/\/serveiseducatius.xtec.cat\/hospitalet\/wp-json\/wp\/v2\/posts\/18334","targetHints":{"allow":["GET"]}}],"collection":[{"href":"https:\/\/serveiseducatius.xtec.cat\/hospitalet\/wp-json\/wp\/v2\/posts"}],"about":[{"href":"https:\/\/serveiseducatius.xtec.cat\/hospitalet\/wp-json\/wp\/v2\/types\/post"}],"author":[{"embeddable":true,"href":"https:\/\/serveiseducatius.xtec.cat\/hospitalet\/wp-json\/wp\/v2\/users\/1"}],"replies":[{"embeddable":true,"href":"https:\/\/serveiseducatius.xtec.cat\/hospitalet\/wp-json\/wp\/v2\/comments?post=18334"}],"version-history":[{"count":2,"href":"https:\/\/serveiseducatius.xtec.cat\/hospitalet\/wp-json\/wp\/v2\/posts\/18334\/revisions"}],"predecessor-version":[{"id":18337,"href":"https:\/\/serveiseducatius.xtec.cat\/hospitalet\/wp-json\/wp\/v2\/posts\/18334\/revisions\/18337"}],"wp:featuredmedia":[{"embeddable":true,"href":"https:\/\/serveiseducatius.xtec.cat\/hospitalet\/wp-json\/wp\/v2\/media\/18335"}],"wp:attachment":[{"href":"https:\/\/serveiseducatius.xtec.cat\/hospitalet\/wp-json\/wp\/v2\/media?parent=18334"}],"wp:term":[{"taxonomy":"category","embeddable":true,"href":"https:\/\/serveiseducatius.xtec.cat\/hospitalet\/wp-json\/wp\/v2\/categories?post=18334"},{"taxonomy":"post_tag","embeddable":true,"href":"https:\/\/serveiseducatius.xtec.cat\/hospitalet\/wp-json\/wp\/v2\/tags?post=18334"}],"curies":[{"name":"wp","href":"https:\/\/api.w.org\/{rel}","templated":true}]}}