{"id":16250,"date":"2021-06-04T07:59:55","date_gmt":"2021-06-04T05:59:55","guid":{"rendered":"http:\/\/serveiseducatius.xtec.cat\/hospitalet\/?p=16250"},"modified":"2025-06-30T12:53:01","modified_gmt":"2025-06-30T10:53:01","slug":"xxv-trobada-pedagogica-a-lhospitalet-creactivat-la-importancia-de-la-creativitat-a-laprenentatge","status":"publish","type":"post","link":"https:\/\/serveiseducatius.xtec.cat\/hospitalet\/general\/xxv-trobada-pedagogica-a-lhospitalet-creactivat-la-importancia-de-la-creativitat-a-laprenentatge\/","title":{"rendered":"XXV Trobada Pedag\u00f2gica a l&#8217;Hospitalet. CREACTIVA&#8217;T: la import\u00e0ncia de la creativitat a l&#8217;aprenentatge."},"content":{"rendered":"<p><a href=\"https:\/\/view.genial.ly\/60ae2864179a700d38f4ea51\" target=\"_blank\" rel=\"noopener noreferrer\"><img loading=\"lazy\" decoding=\"async\" class=\"alignleft wp-image-16254\" src=\"https:\/\/serveiseducatius.xtec.cat\/hospitalet\/wp-content\/uploads\/usu542\/2021\/06\/IMG_1276-300x167.jpg\" alt=\"\" width=\"357\" height=\"199\" srcset=\"https:\/\/serveiseducatius.xtec.cat\/hospitalet\/wp-content\/uploads\/usu542\/2021\/06\/IMG_1276-300x167.jpg 300w, https:\/\/serveiseducatius.xtec.cat\/hospitalet\/wp-content\/uploads\/usu542\/2021\/06\/IMG_1276-768x429.jpg 768w, https:\/\/serveiseducatius.xtec.cat\/hospitalet\/wp-content\/uploads\/usu542\/2021\/06\/IMG_1276-1024x572.jpg 1024w, https:\/\/serveiseducatius.xtec.cat\/hospitalet\/wp-content\/uploads\/usu542\/2021\/06\/IMG_1276.jpg 2048w\" sizes=\"auto, (max-width: 357px) 100vw, 357px\" \/><\/a><strong>Dijous 1 de juliol<\/strong> de 2021 es far\u00e0 la <strong>XXV Trobada Pedag\u00f2gica a l&#8217;Hospitalet.<\/strong><\/p>\n<p>El tema ser\u00e0: <strong>CREACTIVA&#8217;T: la import\u00e0ncia de la creativitat a l&#8217;aprenentatge.<\/strong><\/p>\n<p>A c\u00e0rrec de N\u00faria Pujol\u00e0s Puigdom\u00e8nech, Santi Serratosa L\u00f3pez i Eul\u00e0lia Tramuns Figueres.<\/p>\n<p>Us esperem!<\/p>\n<p>&nbsp;<\/p>\n<p><a href=\"https:\/\/view.genial.ly\/60ae2864179a700d38f4ea51\">M\u00e9s informaci\u00f3 i inscripcions<\/a><\/p>\n<p>&nbsp;<\/p>\n<p>&nbsp;<\/p>\n","protected":false},"excerpt":{"rendered":"<p>Dijous 1 de juliol de 2021 es far\u00e0 la XXV Trobada Pedag\u00f2gica a l&#8217;Hospitalet.<\/p>\n","protected":false},"author":1,"featured_media":16254,"comment_status":"closed","ping_status":"closed","sticky":false,"template":"","format":"standard","meta":{"_bbp_topic_count":0,"_bbp_reply_count":0,"_bbp_total_topic_count":0,"_bbp_total_reply_count":0,"_bbp_voice_count":0,"_bbp_anonymous_reply_count":0,"_bbp_topic_count_hidden":0,"_bbp_reply_count_hidden":0,"_bbp_forum_subforum_count":0,"site-sidebar-layout":"default","site-content-layout":"","ast-site-content-layout":"","site-content-style":"default","site-sidebar-style":"default","ast-global-header-display":"","ast-banner-title-visibility":"","ast-main-header-display":"","ast-hfb-above-header-display":"","ast-hfb-below-header-display":"","ast-hfb-mobile-header-display":"","site-post-title":"","ast-breadcrumbs-content":"","ast-featured-img":"","footer-sml-layout":"","theme-transparent-header-meta":"","adv-header-id-meta":"","stick-header-meta":"","header-above-stick-meta":"","header-main-stick-meta":"","header-below-stick-meta":"","astra-migrate-meta-layouts":"default","ast-page-background-enabled":"default","ast-page-background-meta":{"desktop":{"background-color":"var(--ast-global-color-4)","background-image":"","background-repeat":"repeat","background-position":"center center","background-size":"auto","background-attachment":"scroll","background-type":"","background-media":"","overlay-type":"","overlay-color":"","overlay-opacity":"","overlay-gradient":""},"tablet":{"background-color":"","background-image":"","background-repeat":"repeat","background-position":"center center","background-size":"auto","background-attachment":"scroll","background-type":"","background-media":"","overlay-type":"","overlay-color":"","overlay-opacity":"","overlay-gradient":""},"mobile":{"background-color":"","background-image":"","background-repeat":"repeat","background-position":"center center","background-size":"auto","background-attachment":"scroll","background-type":"","background-media":"","overlay-type":"","overlay-color":"","overlay-opacity":"","overlay-gradient":""}},"ast-content-background-meta":{"desktop":{"background-color":"var(--ast-global-color-5)","background-image":"","background-repeat":"repeat","background-position":"center center","background-size":"auto","background-attachment":"scroll","background-type":"","background-media":"","overlay-type":"","overlay-color":"","overlay-opacity":"","overlay-gradient":""},"tablet":{"background-color":"var(--ast-global-color-5)","background-image":"","background-repeat":"repeat","background-position":"center center","background-size":"auto","background-attachment":"scroll","background-type":"","background-media":"","overlay-type":"","overlay-color":"","overlay-opacity":"","overlay-gradient":""},"mobile":{"background-color":"var(--ast-global-color-5)","background-image":"","background-repeat":"repeat","background-position":"center center","background-size":"auto","background-attachment":"scroll","background-type":"","background-media":"","overlay-type":"","overlay-color":"","overlay-opacity":"","overlay-gradient":""}},"footnotes":""},"categories":[65,1,29,297],"tags":[1066],"class_list":["post-16250","post","type-post","status-publish","format-standard","has-post-thumbnail","hentry","category-crp","category-general","category-portada","category-trobades","tag-trobada-pedagogica"],"post_mailing_queue_ids":[],"_links":{"self":[{"href":"https:\/\/serveiseducatius.xtec.cat\/hospitalet\/wp-json\/wp\/v2\/posts\/16250","targetHints":{"allow":["GET"]}}],"collection":[{"href":"https:\/\/serveiseducatius.xtec.cat\/hospitalet\/wp-json\/wp\/v2\/posts"}],"about":[{"href":"https:\/\/serveiseducatius.xtec.cat\/hospitalet\/wp-json\/wp\/v2\/types\/post"}],"author":[{"embeddable":true,"href":"https:\/\/serveiseducatius.xtec.cat\/hospitalet\/wp-json\/wp\/v2\/users\/1"}],"replies":[{"embeddable":true,"href":"https:\/\/serveiseducatius.xtec.cat\/hospitalet\/wp-json\/wp\/v2\/comments?post=16250"}],"version-history":[{"count":3,"href":"https:\/\/serveiseducatius.xtec.cat\/hospitalet\/wp-json\/wp\/v2\/posts\/16250\/revisions"}],"predecessor-version":[{"id":16257,"href":"https:\/\/serveiseducatius.xtec.cat\/hospitalet\/wp-json\/wp\/v2\/posts\/16250\/revisions\/16257"}],"wp:featuredmedia":[{"embeddable":true,"href":"https:\/\/serveiseducatius.xtec.cat\/hospitalet\/wp-json\/wp\/v2\/media\/16254"}],"wp:attachment":[{"href":"https:\/\/serveiseducatius.xtec.cat\/hospitalet\/wp-json\/wp\/v2\/media?parent=16250"}],"wp:term":[{"taxonomy":"category","embeddable":true,"href":"https:\/\/serveiseducatius.xtec.cat\/hospitalet\/wp-json\/wp\/v2\/categories?post=16250"},{"taxonomy":"post_tag","embeddable":true,"href":"https:\/\/serveiseducatius.xtec.cat\/hospitalet\/wp-json\/wp\/v2\/tags?post=16250"}],"curies":[{"name":"wp","href":"https:\/\/api.w.org\/{rel}","templated":true}]}}