{"id":13000,"date":"2019-01-25T10:00:59","date_gmt":"2019-01-25T09:00:59","guid":{"rendered":"http:\/\/serveiseducatius.xtec.cat\/hospitalet\/?p=13000"},"modified":"2025-06-26T09:24:12","modified_gmt":"2025-06-26T07:24:12","slug":"xvi-jornades-internacionals-de-recerca-en-didactica-de-les-ciencies-socials","status":"publish","type":"post","link":"https:\/\/serveiseducatius.xtec.cat\/hospitalet\/general\/xvi-jornades-internacionals-de-recerca-en-didactica-de-les-ciencies-socials\/","title":{"rendered":"XVI Jornades Internacionals de Recerca en Did\u00e0ctica de les Ci\u00e8ncies Socials"},"content":{"rendered":"<p><strong><a href=\" http:\/\/jornades.uab.cat\/dcs\/\" target=\"_blank\" rel=\"noopener noreferrer\"><img loading=\"lazy\" decoding=\"async\" class=\"alignleft wp-image-13007\" src=\"https:\/\/serveiseducatius.xtec.cat\/hospitalet\/wp-content\/uploads\/usu542\/2019\/01\/socials-2-150x150.png\" alt=\"\" width=\"130\" height=\"130\" \/><\/a>XVI\u00a0<\/strong><strong>Jornades Internacionals de Recerca en Did\u00e0ctica de les Ci\u00e8ncies Socials<\/strong><\/p>\n<p>Organitzades pel Grup GREDICS i la Unitat de Did\u00e0ctica de les Ci\u00e8ncies Socials de la Universitat Aut\u00f2noma de Barcelona<\/p>\n<p>Facultat de Ci\u00e8ncies de l\u2019Educaci\u00f3<\/p>\n<p>Els dies\u00a0<b><span style=\"color: #990000;\">7, 8 i 9 de febrer<\/span><\/b>\u00a0es celebren les\u00a0<b><span style=\"color: #990000;\">XVI Jornades Internacionals de Recerca en Did\u00e0ctica de les Ci\u00e8ncies Socials<\/span><\/b>, a la facultat d&#8217;educaci\u00f3 de la Universitat Aut\u00f2noma de Barcelona. \u00c9s una molt bona oportunitat per compartir experi\u00e8ncies i posar en relaci\u00f3 la pr\u00e0ctica i la teoria, la universitat i les aules. Activitat reconeguda pel Departament d\u2019Ensenyament de la Generalitat de Catalunya, com a formaci\u00f3 del professorat, amb 20 hores.\u00a0Podeu trobar m\u00e9s informaci\u00f3 en aquest <a href=\"http:\/\/jornades.uab.cat\/dcs\/\">enlla\u00e7<\/a>.<\/p>\n<p><strong>Programa:\u00a0<\/strong><\/p>\n<p><b>Dijous 7\u00a0(16:00 \u2013 20:00)<\/b><\/p>\n<p>15:30-16:00 Entrega dels\u00a0materials<\/p>\n<p>16:00-16:30 Inauguraci\u00f3<\/p>\n<p>16:30-18:00 Confer\u00e8ncia inaugural a c\u00e0rrec de Catherine Duquette<\/p>\n<p>18:00-18:30 Pausa-Caf\u00e8<\/p>\n<p>18:30-20:00 Comunicacions. Experi\u00e8ncies i recerques en E.I, E.P i ESO<\/p>\n<p>&nbsp;<\/p>\n<p><b>Divendres 8\u00a0(9:00 \u2013 19.30)<\/b><\/p>\n<p>9:00-10:30 Comunicacions. Recerques i experi\u00e8ncies en Formaci\u00f3 del Professorat<\/p>\n<p>10:30-11:00 Pausa-Caf\u00e8<\/p>\n<p>11:00-12:30\u00a0Confer\u00e8ncia a c\u00e0rrec de Jordi Nomen<\/p>\n<p>12:30:14:00 Comunicacions. Recerques i experi\u00e8ncies en Professorat en Actiu<\/p>\n<p>&nbsp;<\/p>\n<p>16:00-17:30 Confer\u00e8ncia a c\u00e0rrec de Sonia Miranda<\/p>\n<p>17:30-18:00 Pausa-Caf\u00e8<\/p>\n<p>18:00-19:30 Comunicacions. Experi\u00e8ncies i recerques en EI, EP i ESO<\/p>\n<p>&nbsp;<\/p>\n<p><b>Dissabte 19\u00a0(9.30 \u2013 14.00)<\/b><\/p>\n<p>9:30-11:00 \u201cLes investigacions de GREDICS\u201d<\/p>\n<p>11:00-11:30 Pausa-Caf\u00e8<\/p>\n<p>11:30-13:00\u00a0Taula Rodona sobre les aportacions de Josep Fontana al camp de\u00a0l&#8217;educaci\u00f3 i la did\u00e0ctica de les ci\u00e8ncies socials<\/p>\n<p>13:30-14:00 Presentaci\u00f3\u00a0de les conclusions i\u00a0clausura de les jornades<\/p>\n<p>&nbsp;<\/p>\n","protected":false},"excerpt":{"rendered":"<p>Els dies\u00a07, 8 i 9 de febrer\u00a0es celebren les\u00a0XVI Jornades Internacionals de Recerca en Did\u00e0ctica de les Ci\u00e8ncies Socials<\/p>\n","protected":false},"author":1,"featured_media":13007,"comment_status":"closed","ping_status":"closed","sticky":false,"template":"","format":"standard","meta":{"_bbp_topic_count":0,"_bbp_reply_count":0,"_bbp_total_topic_count":0,"_bbp_total_reply_count":0,"_bbp_voice_count":0,"_bbp_anonymous_reply_count":0,"_bbp_topic_count_hidden":0,"_bbp_reply_count_hidden":0,"_bbp_forum_subforum_count":0,"site-sidebar-layout":"default","site-content-layout":"","ast-site-content-layout":"","site-content-style":"default","site-sidebar-style":"default","ast-global-header-display":"","ast-banner-title-visibility":"","ast-main-header-display":"","ast-hfb-above-header-display":"","ast-hfb-below-header-display":"","ast-hfb-mobile-header-display":"","site-post-title":"","ast-breadcrumbs-content":"","ast-featured-img":"","footer-sml-layout":"","theme-transparent-header-meta":"","adv-header-id-meta":"","stick-header-meta":"","header-above-stick-meta":"","header-main-stick-meta":"","header-below-stick-meta":"","astra-migrate-meta-layouts":"default","ast-page-background-enabled":"default","ast-page-background-meta":{"desktop":{"background-color":"var(--ast-global-color-4)","background-image":"","background-repeat":"repeat","background-position":"center center","background-size":"auto","background-attachment":"scroll","background-type":"","background-media":"","overlay-type":"","overlay-color":"","overlay-opacity":"","overlay-gradient":""},"tablet":{"background-color":"","background-image":"","background-repeat":"repeat","background-position":"center center","background-size":"auto","background-attachment":"scroll","background-type":"","background-media":"","overlay-type":"","overlay-color":"","overlay-opacity":"","overlay-gradient":""},"mobile":{"background-color":"","background-image":"","background-repeat":"repeat","background-position":"center center","background-size":"auto","background-attachment":"scroll","background-type":"","background-media":"","overlay-type":"","overlay-color":"","overlay-opacity":"","overlay-gradient":""}},"ast-content-background-meta":{"desktop":{"background-color":"var(--ast-global-color-5)","background-image":"","background-repeat":"repeat","background-position":"center center","background-size":"auto","background-attachment":"scroll","background-type":"","background-media":"","overlay-type":"","overlay-color":"","overlay-opacity":"","overlay-gradient":""},"tablet":{"background-color":"var(--ast-global-color-5)","background-image":"","background-repeat":"repeat","background-position":"center center","background-size":"auto","background-attachment":"scroll","background-type":"","background-media":"","overlay-type":"","overlay-color":"","overlay-opacity":"","overlay-gradient":""},"mobile":{"background-color":"var(--ast-global-color-5)","background-image":"","background-repeat":"repeat","background-position":"center center","background-size":"auto","background-attachment":"scroll","background-type":"","background-media":"","overlay-type":"","overlay-color":"","overlay-opacity":"","overlay-gradient":""}},"footnotes":""},"categories":[1],"tags":[226,704,385],"class_list":["post-13000","post","type-post","status-publish","format-standard","has-post-thumbnail","hentry","category-general","tag-formacio","tag-jornada","tag-socials"],"post_mailing_queue_ids":[],"_links":{"self":[{"href":"https:\/\/serveiseducatius.xtec.cat\/hospitalet\/wp-json\/wp\/v2\/posts\/13000","targetHints":{"allow":["GET"]}}],"collection":[{"href":"https:\/\/serveiseducatius.xtec.cat\/hospitalet\/wp-json\/wp\/v2\/posts"}],"about":[{"href":"https:\/\/serveiseducatius.xtec.cat\/hospitalet\/wp-json\/wp\/v2\/types\/post"}],"author":[{"embeddable":true,"href":"https:\/\/serveiseducatius.xtec.cat\/hospitalet\/wp-json\/wp\/v2\/users\/1"}],"replies":[{"embeddable":true,"href":"https:\/\/serveiseducatius.xtec.cat\/hospitalet\/wp-json\/wp\/v2\/comments?post=13000"}],"version-history":[{"count":3,"href":"https:\/\/serveiseducatius.xtec.cat\/hospitalet\/wp-json\/wp\/v2\/posts\/13000\/revisions"}],"predecessor-version":[{"id":13827,"href":"https:\/\/serveiseducatius.xtec.cat\/hospitalet\/wp-json\/wp\/v2\/posts\/13000\/revisions\/13827"}],"wp:featuredmedia":[{"embeddable":true,"href":"https:\/\/serveiseducatius.xtec.cat\/hospitalet\/wp-json\/wp\/v2\/media\/13007"}],"wp:attachment":[{"href":"https:\/\/serveiseducatius.xtec.cat\/hospitalet\/wp-json\/wp\/v2\/media?parent=13000"}],"wp:term":[{"taxonomy":"category","embeddable":true,"href":"https:\/\/serveiseducatius.xtec.cat\/hospitalet\/wp-json\/wp\/v2\/categories?post=13000"},{"taxonomy":"post_tag","embeddable":true,"href":"https:\/\/serveiseducatius.xtec.cat\/hospitalet\/wp-json\/wp\/v2\/tags?post=13000"}],"curies":[{"name":"wp","href":"https:\/\/api.w.org\/{rel}","templated":true}]}}