{"id":12165,"date":"2018-03-20T13:18:46","date_gmt":"2018-03-20T12:18:46","guid":{"rendered":"http:\/\/serveiseducatius.xtec.cat\/hospitalet\/?p=12165"},"modified":"2025-06-26T09:21:09","modified_gmt":"2025-06-26T07:21:09","slug":"jornada-deducacio-fisica-com-ha-de-ser-leducacio-fisica-per-afavorir-que-lalumnat-sigui-competent","status":"publish","type":"post","link":"https:\/\/serveiseducatius.xtec.cat\/hospitalet\/dinamitzacio\/jornada-deducacio-fisica-com-ha-de-ser-leducacio-fisica-per-afavorir-que-lalumnat-sigui-competent\/","title":{"rendered":"Jornada d&#8217;Educaci\u00f3 F\u00edsica: Com ha de ser l&#8217;educaci\u00f3 f\u00edsica per afavorir que l&#8217;alumnat sigui competent?"},"content":{"rendered":"<p><a href=\"http:\/\/serveiseducatius.xtec.cat\/hospitalet\/wp-content\/uploads\/usu542\/2018\/03\/Jornada-EF.png\"><img loading=\"lazy\" decoding=\"async\" class=\" wp-image-12170 alignleft\" src=\"http:\/\/serveiseducatius.xtec.cat\/hospitalet\/wp-content\/uploads\/usu542\/2018\/03\/Jornada-EF.png\" alt=\"\" width=\"162\" height=\"257\" \/><\/a><\/p>\n<p>El Departament d\u2019Ensenyament organitzar\u00e0 el proper <strong>14 d&#8217;abril <\/strong>a l&#8217;Institut Nacional d\u2019Educaci\u00f3 F\u00edsica de Catalunya (Avinguda de l\u2019Estadi 14, Barcelona)\u00a0 la <a href=\"http:\/\/blocs.xtec.cat\/jornadamef\/\" target=\"_blank\" rel=\"noopener noreferrer\"><strong>1\u00aa Jornada d&#8217;Educaci\u00f3 F\u00edsica<\/strong><\/a>: Com ha de ser l\u2019educaci\u00f3 f\u00edsica per afavorir que l\u2019alumnat sigui competent? adre\u00e7ada a mestres d\u2019educaci\u00f3 f\u00edsica de prim\u00e0ria.<\/p>\n<p>L\u2019objectiu d\u2019aquesta jornada \u00e9s compartir el nou\u00a0document d\u2019identificaci\u00f3 i desplegament de les compet\u00e8ncies b\u00e0siques de l\u2019\u00e0mbit de l\u2019educaci\u00f3 f\u00edsica, per tal de facilitar als mestres desenvolupar la seva programaci\u00f3 i difondre experi\u00e8ncies competencials.<\/p>\n<p>Aqu\u00ed us podreu <a href=\"https:\/\/docs.google.com\/forms\/d\/1ulCmybD3OGiA99RMELnF4zjIya7eqNpcDOa90vwt-KY\/viewform?edit_requested=true\" target=\"_blank\" rel=\"noopener noreferrer\"><strong>inscriure<\/strong><\/a><\/p>\n<p>&nbsp;<\/p>\n","protected":false},"excerpt":{"rendered":"<p>El proper 14 d&#8217;abril s&#8217;organitza la 1\u00aa Jornada d&#8217;Educaci\u00f3 F\u00edsica per l&#8217;INEFC.<\/p>\n","protected":false},"author":1,"featured_media":12170,"comment_status":"closed","ping_status":"closed","sticky":false,"template":"","format":"standard","meta":{"_bbp_topic_count":0,"_bbp_reply_count":0,"_bbp_total_topic_count":0,"_bbp_total_reply_count":0,"_bbp_voice_count":0,"_bbp_anonymous_reply_count":0,"_bbp_topic_count_hidden":0,"_bbp_reply_count_hidden":0,"_bbp_forum_subforum_count":0,"site-sidebar-layout":"default","site-content-layout":"","ast-site-content-layout":"","site-content-style":"default","site-sidebar-style":"default","ast-global-header-display":"","ast-banner-title-visibility":"","ast-main-header-display":"","ast-hfb-above-header-display":"","ast-hfb-below-header-display":"","ast-hfb-mobile-header-display":"","site-post-title":"","ast-breadcrumbs-content":"","ast-featured-img":"","footer-sml-layout":"","theme-transparent-header-meta":"","adv-header-id-meta":"","stick-header-meta":"","header-above-stick-meta":"","header-main-stick-meta":"","header-below-stick-meta":"","astra-migrate-meta-layouts":"default","ast-page-background-enabled":"default","ast-page-background-meta":{"desktop":{"background-color":"var(--ast-global-color-4)","background-image":"","background-repeat":"repeat","background-position":"center center","background-size":"auto","background-attachment":"scroll","background-type":"","background-media":"","overlay-type":"","overlay-color":"","overlay-opacity":"","overlay-gradient":""},"tablet":{"background-color":"","background-image":"","background-repeat":"repeat","background-position":"center center","background-size":"auto","background-attachment":"scroll","background-type":"","background-media":"","overlay-type":"","overlay-color":"","overlay-opacity":"","overlay-gradient":""},"mobile":{"background-color":"","background-image":"","background-repeat":"repeat","background-position":"center center","background-size":"auto","background-attachment":"scroll","background-type":"","background-media":"","overlay-type":"","overlay-color":"","overlay-opacity":"","overlay-gradient":""}},"ast-content-background-meta":{"desktop":{"background-color":"var(--ast-global-color-5)","background-image":"","background-repeat":"repeat","background-position":"center center","background-size":"auto","background-attachment":"scroll","background-type":"","background-media":"","overlay-type":"","overlay-color":"","overlay-opacity":"","overlay-gradient":""},"tablet":{"background-color":"var(--ast-global-color-5)","background-image":"","background-repeat":"repeat","background-position":"center center","background-size":"auto","background-attachment":"scroll","background-type":"","background-media":"","overlay-type":"","overlay-color":"","overlay-opacity":"","overlay-gradient":""},"mobile":{"background-color":"var(--ast-global-color-5)","background-image":"","background-repeat":"repeat","background-position":"center center","background-size":"auto","background-attachment":"scroll","background-type":"","background-media":"","overlay-type":"","overlay-color":"","overlay-opacity":"","overlay-gradient":""}},"footnotes":""},"categories":[66,642],"tags":[228,704],"class_list":["post-12165","post","type-post","status-publish","format-standard","has-post-thumbnail","hentry","category-dinamitzacio","category-ef","tag-educacio-fisica","tag-jornada"],"post_mailing_queue_ids":[],"_links":{"self":[{"href":"https:\/\/serveiseducatius.xtec.cat\/hospitalet\/wp-json\/wp\/v2\/posts\/12165","targetHints":{"allow":["GET"]}}],"collection":[{"href":"https:\/\/serveiseducatius.xtec.cat\/hospitalet\/wp-json\/wp\/v2\/posts"}],"about":[{"href":"https:\/\/serveiseducatius.xtec.cat\/hospitalet\/wp-json\/wp\/v2\/types\/post"}],"author":[{"embeddable":true,"href":"https:\/\/serveiseducatius.xtec.cat\/hospitalet\/wp-json\/wp\/v2\/users\/1"}],"replies":[{"embeddable":true,"href":"https:\/\/serveiseducatius.xtec.cat\/hospitalet\/wp-json\/wp\/v2\/comments?post=12165"}],"version-history":[{"count":3,"href":"https:\/\/serveiseducatius.xtec.cat\/hospitalet\/wp-json\/wp\/v2\/posts\/12165\/revisions"}],"predecessor-version":[{"id":12171,"href":"https:\/\/serveiseducatius.xtec.cat\/hospitalet\/wp-json\/wp\/v2\/posts\/12165\/revisions\/12171"}],"wp:featuredmedia":[{"embeddable":true,"href":"https:\/\/serveiseducatius.xtec.cat\/hospitalet\/wp-json\/wp\/v2\/media\/12170"}],"wp:attachment":[{"href":"https:\/\/serveiseducatius.xtec.cat\/hospitalet\/wp-json\/wp\/v2\/media?parent=12165"}],"wp:term":[{"taxonomy":"category","embeddable":true,"href":"https:\/\/serveiseducatius.xtec.cat\/hospitalet\/wp-json\/wp\/v2\/categories?post=12165"},{"taxonomy":"post_tag","embeddable":true,"href":"https:\/\/serveiseducatius.xtec.cat\/hospitalet\/wp-json\/wp\/v2\/tags?post=12165"}],"curies":[{"name":"wp","href":"https:\/\/api.w.org\/{rel}","templated":true}]}}