{"id":12697,"date":"2026-02-02T12:36:48","date_gmt":"2026-02-02T11:36:48","guid":{"rendered":"https:\/\/serveiseducatius.xtec.cat\/horta-guinardo\/?p=12697"},"modified":"2026-03-24T11:41:14","modified_gmt":"2026-03-24T10:41:14","slug":"oferta-formativa-per-a-docents-de-la-ciutat-2","status":"publish","type":"post","link":"https:\/\/serveiseducatius.xtec.cat\/horta-guinardo\/portada\/oferta-formativa-per-a-docents-de-la-ciutat-2\/","title":{"rendered":"Neuroci\u00e8ncia i Educaci\u00f3 a l\u2019etapa 0-6"},"content":{"rendered":"\n<div><span style=\"font-size: revert; background-color: rgba(0, 0, 0, 0); font-weight: inherit;\">El <\/span><strong style=\"font-size: revert; background-color: rgba(0, 0, 0, 0);\">dimarts 10 de febrer<\/strong><span style=\"font-size: revert; background-color: rgba(0, 0, 0, 0); font-weight: inherit;\">, de&nbsp;<\/span><strong style=\"font-size: revert; background-color: rgba(0, 0, 0, 0);\">17.30 h a 19.30 h<\/strong><span style=\"font-size: revert; background-color: rgba(0, 0, 0, 0); font-weight: inherit;\">, al&nbsp;&nbsp;<\/span><a style=\"font-size: revert; background-color: rgba(0, 0, 0, 0); font-weight: inherit;\" href=\"https:\/\/www.google.com\/maps\/place\/Centre+C%C3%ADvic+Guinard%C3%B3\/@41.4163506,2.1694982,853m\/data=!3m2!1e3!4b1!4m6!3m5!1s0x12a4a2cc158f101f:0x215a1deee2ad8d8e!8m2!3d41.4163466!4d2.1720731!16s%2Fg%2F1tf12qnx?entry=ttu&amp;g_ep=EgoyMDI2MDEyNy4wIKXMDSoASAFQAw%3D%3D\" target=\"_blank\" rel=\"noopener\" data-saferedirecturl=\"https:\/\/www.google.com\/url?q=https:\/\/www.google.com\/maps\/place\/Centre%2BC%25C3%25ADvic%2BGuinard%25C3%25B3\/@41.4163506,2.1694982,853m\/data%3D!3m2!1e3!4b1!4m6!3m5!1s0x12a4a2cc158f101f:0x215a1deee2ad8d8e!8m2!3d41.4163466!4d2.1720731!16s%252Fg%252F1tf12qnx?entry%3Dttu%26g_ep%3DEgoyMDI2MDEyNy4wIKXMDSoASAFQAw%253D%253D&amp;source=gmail&amp;ust=1770118421304000&amp;usg=AOvVaw0zYYlMQRuN0AzLRaEfrNX0\">Centre C\u00edvic Guinard\u00f3<\/a><span style=\"font-size: revert; background-color: rgba(0, 0, 0, 0); font-weight: inherit;\">, el&nbsp;CRP Horta-Guinard\u00f3&nbsp;durem a terme la&nbsp;confer\u00e8ncia-taller&nbsp;<\/span><em style=\"font-size: revert; background-color: rgba(0, 0, 0, 0); font-weight: inherit;\"><b>Neuroci\u00e8<wbr>ncia i Educaci\u00f3 a l\u2019etapa 0-6<\/b><\/em><span style=\"font-size: revert; background-color: rgba(0, 0, 0, 0); font-weight: inherit;\">, a c\u00e0rrec de&nbsp;l\u2019<\/span><b style=\"font-size: revert; background-color: rgba(0, 0, 0, 0);\">Anna Carballo M\u00e0rquez<\/b><span style=\"font-size: revert; background-color: rgba(0, 0, 0, 0); font-weight: inherit;\">, psic\u00f2loga i doctora en Neuroci\u00e8ncies per la Universitat Aut\u00f2noma de Barcelona, professora lectora del Grau en Psicologia i de la Facultat d\u2019Educaci\u00f3 de la Universitat Internacional de Catalunya.<\/span><\/div>\n<div>&nbsp;<\/div>\n<div>Aquesta proposta neix arran del Seminari&nbsp;d&#8217;Intercanvi 0-6 del CRP&nbsp;d&#8217;Horta-Guinard\u00f3 i \u00e9s oberta al conjunt de professionals de les escoles bressol, mestres d&#8217;educaci\u00f3 infantil i mestres d&#8217;educaci\u00f3 prim\u00e0ria.<\/div>\n<div>&nbsp;<\/div>\n\n\n\n<div data-wp-interactive=\"core\/file\" class=\"wp-block-file\"><object data-wp-bind--hidden=\"!state.hasPdfPreview\" hidden class=\"wp-block-file__embed\" data=\"https:\/\/serveiseducatius.xtec.cat\/horta-guinardo\/wp-content\/uploads\/usu1124\/2026\/02\/Neurociencia.pdf\" type=\"application\/pdf\" style=\"width:100%;height:600px\" aria-label=\"Incrustaci\u00f3 del fitxer Neuroci\u00e8ncia.\"><\/object><a id=\"wp-block-file--media-ce145a55-7916-4a46-ac6b-fb707f6c0462\" href=\"https:\/\/serveiseducatius.xtec.cat\/horta-guinardo\/wp-content\/uploads\/usu1124\/2026\/02\/Neurociencia.pdf\">Neuroci\u00e8ncia<\/a><a href=\"https:\/\/serveiseducatius.xtec.cat\/horta-guinardo\/wp-content\/uploads\/usu1124\/2026\/02\/Neurociencia.pdf\" class=\"wp-block-file__button wp-element-button\" download aria-describedby=\"wp-block-file--media-ce145a55-7916-4a46-ac6b-fb707f6c0462\">Baixa<\/a><\/div>\n\n\n\n<div>\n<div>\n<div>L\u2019Anna Carballo M\u00e0rquez \u00e9s col\u00b7laboradora del\u00a0M\u00e0ster en Crian\u00e7a 0-3\u00a0de la Universitat de Barcelona, del\u00a0M\u00e0ster en Neuroeducaci\u00f3\u00a0de la Universitat Complutense de Madrid, coautora del llibre\u00a0<em>10 ideas clave. Neurociencia y Educaci\u00f3n: Aportaciones para el aula<\/em>\u00a0(Editorial Gra\u00f3) i autora de diversos articles cient\u00edfics i de divulgaci\u00f3.<\/div>\n<\/div>\n<div>L&#8217;objectiu del taller\u00a0\u00e9s oferir una mirada cient\u00edfica i rigorosa sobre les possibles aplicacions del coneixement neurocient\u00edfic a la pr\u00e0ctica educativa.<\/div>\n<div>\u00a0<\/div>\n<div>Per tal de poder assistir-hi cal fer la inscripci\u00f3 pr\u00e8via a l&#8217;activitat\u00a0<a href=\"https:\/\/aplicacions.gestioeducativa.gencat.cat\/ords\/pls\/soloas\/pk_for_mod_ins.p_for_detall_activitat?p_header=Llista%20d%27activitatspk_for_mod_ins.p_for_cons_activitats?p_crp=107%26p_crp_txt=Horta-Guinard%C2%BF%26p_totes=S%26p_inici=71%26p_excloure_crp_rec=F&amp;p_codi=1078021107&amp;p_curs=2025-2026&amp;p_excloure_crp_rec=F\" target=\"_blank\" rel=\"noopener\" data-saferedirecturl=\"https:\/\/www.google.com\/url?q=https:\/\/aplicacions.gestioeducativa.gencat.cat\/ords\/pls\/soloas\/pk_for_mod_ins.p_for_detall_activitat?p_header%3DLlista%2520d%2527activitatspk_for_mod_ins.p_for_cons_activitats?p_crp%3D107%2526p_crp_txt%3DHorta-Guinard%25C2%25BF%2526p_totes%3DS%2526p_inici%3D71%2526p_excloure_crp_rec%3DF%26p_codi%3D1078021107%26p_curs%3D2025-2026%26p_excloure_crp_rec%3DF&amp;source=gmail&amp;ust=1770118421304000&amp;usg=AOvVaw14LqQ8M_w3iLIKILZmXW9d\">1078021107 &#8211;\u00a0 Neuroci\u00e8ncia i Educaci\u00f3 a l&#8217;etapa 0-6<\/a>.<\/div>\n<\/div>\n<div>\u00a0<\/div>\n<div>Esperem que sigui del vostre inter\u00e8s i que en feu\u00a0difusi\u00f3 a qui pugui interpel\u00b7lar.<\/div>\n","protected":false},"excerpt":{"rendered":"<p>El dimarts 10 de febrer, de&nbsp;17.30 h a 19.30 h, al&nbsp;&nbsp;Centre C\u00edvic Guinard\u00f3, el&nbsp;CRP Horta-Guinard\u00f3&nbsp;durem a terme la&nbsp;confer\u00e8ncia-taller&nbsp;Neuroci\u00e8ncia i Educaci\u00f3 a l\u2019etapa 0-6, a c\u00e0rrec de&nbsp;l\u2019Anna Carballo M\u00e0rquez, psic\u00f2loga i doctora en Neuroci\u00e8ncies per la Universitat Aut\u00f2noma de Barcelona, professora lectora del Grau en Psicologia i de la Facultat d\u2019Educaci\u00f3 de la Universitat Internacional de [&hellip;]<\/p>\n","protected":false},"author":1,"featured_media":12703,"comment_status":"open","ping_status":"open","sticky":false,"template":"","format":"standard","meta":{"_bbp_topic_count":0,"_bbp_reply_count":0,"_bbp_total_topic_count":0,"_bbp_total_reply_count":0,"_bbp_voice_count":0,"_bbp_anonymous_reply_count":0,"_bbp_topic_count_hidden":0,"_bbp_reply_count_hidden":0,"_bbp_forum_subforum_count":0,"site-sidebar-layout":"no-sidebar","site-content-layout":"","ast-site-content-layout":"default","site-content-style":"default","site-sidebar-style":"default","ast-global-header-display":"","ast-banner-title-visibility":"","ast-main-header-display":"","ast-hfb-above-header-display":"","ast-hfb-below-header-display":"","ast-hfb-mobile-header-display":"","site-post-title":"","ast-breadcrumbs-content":"","ast-featured-img":"","footer-sml-layout":"","theme-transparent-header-meta":"","adv-header-id-meta":"","stick-header-meta":"","header-above-stick-meta":"","header-main-stick-meta":"","header-below-stick-meta":"","astra-migrate-meta-layouts":"set","ast-page-background-enabled":"default","ast-page-background-meta":{"desktop":{"background-color":"var(--ast-global-color-4)","background-image":"","background-repeat":"repeat","background-position":"center center","background-size":"auto","background-attachment":"scroll","background-type":"","background-media":"","overlay-type":"","overlay-color":"","overlay-opacity":"","overlay-gradient":""},"tablet":{"background-color":"","background-image":"","background-repeat":"repeat","background-position":"center center","background-size":"auto","background-attachment":"scroll","background-type":"","background-media":"","overlay-type":"","overlay-color":"","overlay-opacity":"","overlay-gradient":""},"mobile":{"background-color":"","background-image":"","background-repeat":"repeat","background-position":"center center","background-size":"auto","background-attachment":"scroll","background-type":"","background-media":"","overlay-type":"","overlay-color":"","overlay-opacity":"","overlay-gradient":""}},"ast-content-background-meta":{"desktop":{"background-color":"var(--ast-global-color-5)","background-image":"","background-repeat":"repeat","background-position":"center center","background-size":"auto","background-attachment":"scroll","background-type":"","background-media":"","overlay-type":"","overlay-color":"","overlay-opacity":"","overlay-gradient":""},"tablet":{"background-color":"var(--ast-global-color-5)","background-image":"","background-repeat":"repeat","background-position":"center center","background-size":"auto","background-attachment":"scroll","background-type":"","background-media":"","overlay-type":"","overlay-color":"","overlay-opacity":"","overlay-gradient":""},"mobile":{"background-color":"var(--ast-global-color-5)","background-image":"","background-repeat":"repeat","background-position":"center center","background-size":"auto","background-attachment":"scroll","background-type":"","background-media":"","overlay-type":"","overlay-color":"","overlay-opacity":"","overlay-gradient":""}},"footnotes":""},"categories":[390,29],"tags":[],"class_list":["post-12697","post","type-post","status-publish","format-standard","has-post-thumbnail","hentry","category-intercanvi_0_6","category-portada"],"post_mailing_queue_ids":[],"_links":{"self":[{"href":"https:\/\/serveiseducatius.xtec.cat\/horta-guinardo\/wp-json\/wp\/v2\/posts\/12697","targetHints":{"allow":["GET"]}}],"collection":[{"href":"https:\/\/serveiseducatius.xtec.cat\/horta-guinardo\/wp-json\/wp\/v2\/posts"}],"about":[{"href":"https:\/\/serveiseducatius.xtec.cat\/horta-guinardo\/wp-json\/wp\/v2\/types\/post"}],"author":[{"embeddable":true,"href":"https:\/\/serveiseducatius.xtec.cat\/horta-guinardo\/wp-json\/wp\/v2\/users\/1"}],"replies":[{"embeddable":true,"href":"https:\/\/serveiseducatius.xtec.cat\/horta-guinardo\/wp-json\/wp\/v2\/comments?post=12697"}],"version-history":[{"count":2,"href":"https:\/\/serveiseducatius.xtec.cat\/horta-guinardo\/wp-json\/wp\/v2\/posts\/12697\/revisions"}],"predecessor-version":[{"id":12702,"href":"https:\/\/serveiseducatius.xtec.cat\/horta-guinardo\/wp-json\/wp\/v2\/posts\/12697\/revisions\/12702"}],"wp:featuredmedia":[{"embeddable":true,"href":"https:\/\/serveiseducatius.xtec.cat\/horta-guinardo\/wp-json\/wp\/v2\/media\/12703"}],"wp:attachment":[{"href":"https:\/\/serveiseducatius.xtec.cat\/horta-guinardo\/wp-json\/wp\/v2\/media?parent=12697"}],"wp:term":[{"taxonomy":"category","embeddable":true,"href":"https:\/\/serveiseducatius.xtec.cat\/horta-guinardo\/wp-json\/wp\/v2\/categories?post=12697"},{"taxonomy":"post_tag","embeddable":true,"href":"https:\/\/serveiseducatius.xtec.cat\/horta-guinardo\/wp-json\/wp\/v2\/tags?post=12697"}],"curies":[{"name":"wp","href":"https:\/\/api.w.org\/{rel}","templated":true}]}}