{"id":11959,"date":"2024-10-21T17:17:21","date_gmt":"2024-10-21T15:17:21","guid":{"rendered":"https:\/\/serveiseducatius.xtec.cat\/horta-guinardo\/?p=11959"},"modified":"2024-10-25T08:49:11","modified_gmt":"2024-10-25T06:49:11","slug":"educacio-inclusiva-guia-per-a-la-deteccio-de-les-necessitats-educatives-de-lalumnat-de-3-a-16-anys","status":"publish","type":"post","link":"https:\/\/serveiseducatius.xtec.cat\/horta-guinardo\/portada\/educacio-inclusiva-guia-per-a-la-deteccio-de-les-necessitats-educatives-de-lalumnat-de-3-a-16-anys\/","title":{"rendered":"Educaci\u00f3 inclusiva &#8211; Guia per a la detecci\u00f3 de les necessitats educatives de l\u2019alumnat de 3 a 16 anys"},"content":{"rendered":"<p>El Consorci d&#8217;Educaci\u00f3 de Barcelona va realitzar durant el primer trimestre de 2024 un <a href=\"https:\/\/www.edubcn.cat\/rcs_gene\/extra\/04_inclusiva\/01_Estudi_inclusiva_2024_web.pdf\"><strong>Estudi de les necessitats educatives<\/strong><\/a>\u00a0a partir d\u2019una mostra representativa de 10.000 alumnes de 400 grups classe de tota la ciutat. Aquest estudi va ser fruit de l&#8217;esfor\u00e7 col\u00b7lectiu dels serveis educatius i dels equips t\u00e8cnics del Consorci d\u2019Educaci\u00f3.<a href=\"https:\/\/www.edubcn.cat\/rcs_gene\/extra\/04_inclusiva\/Guia_NESE\/AF_240626_CEB_guia_NESE_DIGITAL_v1.pdf\"><img loading=\"lazy\" decoding=\"async\" class=\"alignright wp-image-11960 size-medium\" src=\"https:\/\/serveiseducatius.xtec.cat\/horta-guinardo\/wp-content\/uploads\/usu1124\/2024\/10\/Captura-de-pantalla-2024-10-21-171346-202x300.jpg\" alt=\"\" width=\"202\" height=\"300\" srcset=\"https:\/\/serveiseducatius.xtec.cat\/horta-guinardo\/wp-content\/uploads\/usu1124\/2024\/10\/Captura-de-pantalla-2024-10-21-171346-202x300.jpg 202w, https:\/\/serveiseducatius.xtec.cat\/horta-guinardo\/wp-content\/uploads\/usu1124\/2024\/10\/Captura-de-pantalla-2024-10-21-171346.jpg 300w\" sizes=\"auto, (max-width: 202px) 100vw, 202px\" \/><\/a><\/p>\n<p>Gr\u00e0cies a aquest estudi s&#8217;ha elaborat la <strong><a href=\"https:\/\/www.edubcn.cat\/rcs_gene\/extra\/04_inclusiva\/Guia_NESE\/AF_240626_CEB_guia_NESE_DIGITAL_v1.pdf\">Guia per a la detecci\u00f3 de les necessitats educatives de l\u2019alumnat de 3 a 16 anys<\/a><\/strong> que mostra una mirada psicopedag\u00f2gica i deixa enrere la mirada cl\u00ednica. Aquest canvi t\u00e9 efectes a tots els nivells: des de la detecci\u00f3 i reconeixement, fins a la planificaci\u00f3, l\u2019escolaritzaci\u00f3 i la focalitzaci\u00f3 amb les mesures adequades. Aquest model ha perm\u00e8s crear un sistema d\u2019identificaci\u00f3 dels aspectes del desenvolupament de l\u2019alumnat amb uns descriptors psicopedag\u00f2gics de funcionament, organitzats per \u00e0mbits i amb una gradaci\u00f3 de dificultats que proposa diferents nivells d\u2019in<span style=\"font-family: inherit; font-size: 1em;\">tensitat de suport que faciliten l\u2019acc\u00e9s en la participaci\u00f3 i l\u2019aprenentatge.<\/span><\/p>\n<p>Podeu trobar m\u00e9s informaci\u00f3 al <a href=\"https:\/\/www.edubcn.cat\/ca\/centres_serveis_educatius\/educacio_inclusiva\">web del CEB<\/a>.<\/p>\n","protected":false},"excerpt":{"rendered":"<p>El Consorci d&#8217;Educaci\u00f3 de Barcelona va realitzar durant el primer trimestre de 2024 un Estudi de les necessitats educatives\u00a0a partir d\u2019una mostra representativa de 10.000 alumnes de 400 grups classe de tota la ciutat. Aquest estudi va ser fruit de l&#8217;esfor\u00e7 col\u00b7lectiu dels serveis educatius i dels equips t\u00e8cnics del Consorci d\u2019Educaci\u00f3. Gr\u00e0cies a aquest [&hellip;]<\/p>\n","protected":false},"author":1,"featured_media":11960,"comment_status":"open","ping_status":"closed","sticky":false,"template":"","format":"standard","meta":{"_bbp_topic_count":0,"_bbp_reply_count":0,"_bbp_total_topic_count":0,"_bbp_total_reply_count":0,"_bbp_voice_count":0,"_bbp_anonymous_reply_count":0,"_bbp_topic_count_hidden":0,"_bbp_reply_count_hidden":0,"_bbp_forum_subforum_count":0,"site-sidebar-layout":"default","site-content-layout":"","ast-site-content-layout":"","site-content-style":"default","site-sidebar-style":"default","ast-global-header-display":"","ast-banner-title-visibility":"","ast-main-header-display":"","ast-hfb-above-header-display":"","ast-hfb-below-header-display":"","ast-hfb-mobile-header-display":"","site-post-title":"","ast-breadcrumbs-content":"","ast-featured-img":"","footer-sml-layout":"","theme-transparent-header-meta":"","adv-header-id-meta":"","stick-header-meta":"","header-above-stick-meta":"","header-main-stick-meta":"","header-below-stick-meta":"","astra-migrate-meta-layouts":"default","ast-page-background-enabled":"default","ast-page-background-meta":{"desktop":{"background-color":"var(--ast-global-color-4)","background-image":"","background-repeat":"repeat","background-position":"center center","background-size":"auto","background-attachment":"scroll","background-type":"","background-media":"","overlay-type":"","overlay-color":"","overlay-opacity":"","overlay-gradient":""},"tablet":{"background-color":"","background-image":"","background-repeat":"repeat","background-position":"center center","background-size":"auto","background-attachment":"scroll","background-type":"","background-media":"","overlay-type":"","overlay-color":"","overlay-opacity":"","overlay-gradient":""},"mobile":{"background-color":"","background-image":"","background-repeat":"repeat","background-position":"center center","background-size":"auto","background-attachment":"scroll","background-type":"","background-media":"","overlay-type":"","overlay-color":"","overlay-opacity":"","overlay-gradient":""}},"ast-content-background-meta":{"desktop":{"background-color":"var(--ast-global-color-5)","background-image":"","background-repeat":"repeat","background-position":"center center","background-size":"auto","background-attachment":"scroll","background-type":"","background-media":"","overlay-type":"","overlay-color":"","overlay-opacity":"","overlay-gradient":""},"tablet":{"background-color":"var(--ast-global-color-5)","background-image":"","background-repeat":"repeat","background-position":"center center","background-size":"auto","background-attachment":"scroll","background-type":"","background-media":"","overlay-type":"","overlay-color":"","overlay-opacity":"","overlay-gradient":""},"mobile":{"background-color":"var(--ast-global-color-5)","background-image":"","background-repeat":"repeat","background-position":"center center","background-size":"auto","background-attachment":"scroll","background-type":"","background-media":"","overlay-type":"","overlay-color":"","overlay-opacity":"","overlay-gradient":""}},"footnotes":""},"categories":[29],"tags":[413],"class_list":["post-11959","post","type-post","status-publish","format-standard","has-post-thumbnail","hentry","category-portada","tag-educacio-inclusiva"],"post_mailing_queue_ids":[],"_links":{"self":[{"href":"https:\/\/serveiseducatius.xtec.cat\/horta-guinardo\/wp-json\/wp\/v2\/posts\/11959","targetHints":{"allow":["GET"]}}],"collection":[{"href":"https:\/\/serveiseducatius.xtec.cat\/horta-guinardo\/wp-json\/wp\/v2\/posts"}],"about":[{"href":"https:\/\/serveiseducatius.xtec.cat\/horta-guinardo\/wp-json\/wp\/v2\/types\/post"}],"author":[{"embeddable":true,"href":"https:\/\/serveiseducatius.xtec.cat\/horta-guinardo\/wp-json\/wp\/v2\/users\/1"}],"replies":[{"embeddable":true,"href":"https:\/\/serveiseducatius.xtec.cat\/horta-guinardo\/wp-json\/wp\/v2\/comments?post=11959"}],"version-history":[{"count":3,"href":"https:\/\/serveiseducatius.xtec.cat\/horta-guinardo\/wp-json\/wp\/v2\/posts\/11959\/revisions"}],"predecessor-version":[{"id":11963,"href":"https:\/\/serveiseducatius.xtec.cat\/horta-guinardo\/wp-json\/wp\/v2\/posts\/11959\/revisions\/11963"}],"wp:featuredmedia":[{"embeddable":true,"href":"https:\/\/serveiseducatius.xtec.cat\/horta-guinardo\/wp-json\/wp\/v2\/media\/11960"}],"wp:attachment":[{"href":"https:\/\/serveiseducatius.xtec.cat\/horta-guinardo\/wp-json\/wp\/v2\/media?parent=11959"}],"wp:term":[{"taxonomy":"category","embeddable":true,"href":"https:\/\/serveiseducatius.xtec.cat\/horta-guinardo\/wp-json\/wp\/v2\/categories?post=11959"},{"taxonomy":"post_tag","embeddable":true,"href":"https:\/\/serveiseducatius.xtec.cat\/horta-guinardo\/wp-json\/wp\/v2\/tags?post=11959"}],"curies":[{"name":"wp","href":"https:\/\/api.w.org\/{rel}","templated":true}]}}