{"id":11200,"date":"2023-05-14T18:52:49","date_gmt":"2023-05-14T16:52:49","guid":{"rendered":"https:\/\/serveiseducatius.xtec.cat\/horta-guinardo\/?p=11200"},"modified":"2023-05-14T19:06:43","modified_gmt":"2023-05-14T17:06:43","slug":"addiccions-a-les-tic-en-joves-i-adolescents-conferencia-a-la-biblioteca-biblioteca-guinardo-merce-rodoreda","status":"publish","type":"post","link":"https:\/\/serveiseducatius.xtec.cat\/horta-guinardo\/general\/addiccions-a-les-tic-en-joves-i-adolescents-conferencia-a-la-biblioteca-biblioteca-guinardo-merce-rodoreda\/","title":{"rendered":"Addiccions a les TIC en joves i adolescents. Confer\u00e8ncia a la Biblioteca Guinard\u00f3- Merc\u00e8 Rodoreda"},"content":{"rendered":"<p>El proper<strong> 24 de maig<\/strong> en <strong>Jordi Bernabeu<\/strong>, psic\u00f2leg de la Divisi\u00f3 de Salut Mental Xarxa Assistencial Universit\u00e0ria Manresa\u00a0 i Professor de la Facultat d&#8217;Educaci\u00f3 de la Universitat de Vic-Universitat Central de Catalunya (UVic), participar\u00e0 en una de les sessions del <strong>seminari de salut mental<\/strong> organitzat per l&#8217;<strong>EAP d&#8217;Horta Guinard\u00f3<\/strong>. Ser\u00e0 una sessi\u00f3 oberta al districte per a tots els professionals de m\u00f3n educatiu. Per poder participar \u00e9s necessari <strong>confirmar l&#8217;assist\u00e8ncia<\/strong> a trav\u00e9s del seg\u00fcent correu: <a href=\"mailto:mmedin34@xtec.cat\">mmedin34@xtec.cat\u00a0<\/a><\/p>\n<p>Lloc: <strong><b>Biblioteca Guinard\u00f3- Merc\u00e8 Rodoreda <\/b><\/strong>(c\/ de le Cam\u00e8lies, 76)<\/p>\n<p><a href=\"https:\/\/ajuntament.barcelona.cat\/biblioteques\/bibmercerodoreda\/ca\">https:\/\/ajuntament.barcelona.cat\/biblioteques\/bibmercerodoreda\/ca<\/a><\/p>\n<p>Hora: de 17:30h- 19:30h<\/p>\n<p><img loading=\"lazy\" decoding=\"async\" class=\"wp-image-11201 aligncenter\" src=\"https:\/\/serveiseducatius.xtec.cat\/horta-guinardo\/wp-content\/uploads\/usu1124\/2023\/05\/image.png\" alt=\"\" width=\"358\" height=\"255\" srcset=\"https:\/\/serveiseducatius.xtec.cat\/horta-guinardo\/wp-content\/uploads\/usu1124\/2023\/05\/image.png 400w, https:\/\/serveiseducatius.xtec.cat\/horta-guinardo\/wp-content\/uploads\/usu1124\/2023\/05\/image-300x214.png 300w\" sizes=\"auto, (max-width: 358px) 100vw, 358px\" \/><\/p>\n<p>&nbsp;<\/p>\n","protected":false},"excerpt":{"rendered":"<p>El proper 24 de maig en Jordi Bernabeu, psic\u00f2leg de la Divisi\u00f3 de Salut Mental Xarxa Assistencial Universit\u00e0ria Manresa\u00a0 i Professor de la Facultat d&#8217;Educaci\u00f3 de la Universitat de Vic-Universitat Central de Catalunya (UVic), participar\u00e0 en una de les sessions del seminari de salut mental organitzat per l&#8217;EAP d&#8217;Horta Guinard\u00f3. Ser\u00e0 una sessi\u00f3 oberta al [&hellip;]<\/p>\n","protected":false},"author":1,"featured_media":11201,"comment_status":"open","ping_status":"closed","sticky":false,"template":"","format":"standard","meta":{"_bbp_topic_count":0,"_bbp_reply_count":0,"_bbp_total_topic_count":0,"_bbp_total_reply_count":0,"_bbp_voice_count":0,"_bbp_anonymous_reply_count":0,"_bbp_topic_count_hidden":0,"_bbp_reply_count_hidden":0,"_bbp_forum_subforum_count":0,"site-sidebar-layout":"default","site-content-layout":"","ast-site-content-layout":"","site-content-style":"default","site-sidebar-style":"default","ast-global-header-display":"","ast-banner-title-visibility":"","ast-main-header-display":"","ast-hfb-above-header-display":"","ast-hfb-below-header-display":"","ast-hfb-mobile-header-display":"","site-post-title":"","ast-breadcrumbs-content":"","ast-featured-img":"","footer-sml-layout":"","theme-transparent-header-meta":"","adv-header-id-meta":"","stick-header-meta":"","header-above-stick-meta":"","header-main-stick-meta":"","header-below-stick-meta":"","astra-migrate-meta-layouts":"default","ast-page-background-enabled":"default","ast-page-background-meta":{"desktop":{"background-color":"var(--ast-global-color-4)","background-image":"","background-repeat":"repeat","background-position":"center center","background-size":"auto","background-attachment":"scroll","background-type":"","background-media":"","overlay-type":"","overlay-color":"","overlay-opacity":"","overlay-gradient":""},"tablet":{"background-color":"","background-image":"","background-repeat":"repeat","background-position":"center center","background-size":"auto","background-attachment":"scroll","background-type":"","background-media":"","overlay-type":"","overlay-color":"","overlay-opacity":"","overlay-gradient":""},"mobile":{"background-color":"","background-image":"","background-repeat":"repeat","background-position":"center center","background-size":"auto","background-attachment":"scroll","background-type":"","background-media":"","overlay-type":"","overlay-color":"","overlay-opacity":"","overlay-gradient":""}},"ast-content-background-meta":{"desktop":{"background-color":"var(--ast-global-color-5)","background-image":"","background-repeat":"repeat","background-position":"center center","background-size":"auto","background-attachment":"scroll","background-type":"","background-media":"","overlay-type":"","overlay-color":"","overlay-opacity":"","overlay-gradient":""},"tablet":{"background-color":"var(--ast-global-color-5)","background-image":"","background-repeat":"repeat","background-position":"center center","background-size":"auto","background-attachment":"scroll","background-type":"","background-media":"","overlay-type":"","overlay-color":"","overlay-opacity":"","overlay-gradient":""},"mobile":{"background-color":"var(--ast-global-color-5)","background-image":"","background-repeat":"repeat","background-position":"center center","background-size":"auto","background-attachment":"scroll","background-type":"","background-media":"","overlay-type":"","overlay-color":"","overlay-opacity":"","overlay-gradient":""}},"footnotes":""},"categories":[1,29],"tags":[],"class_list":["post-11200","post","type-post","status-publish","format-standard","has-post-thumbnail","hentry","category-general","category-portada"],"post_mailing_queue_ids":[],"_links":{"self":[{"href":"https:\/\/serveiseducatius.xtec.cat\/horta-guinardo\/wp-json\/wp\/v2\/posts\/11200","targetHints":{"allow":["GET"]}}],"collection":[{"href":"https:\/\/serveiseducatius.xtec.cat\/horta-guinardo\/wp-json\/wp\/v2\/posts"}],"about":[{"href":"https:\/\/serveiseducatius.xtec.cat\/horta-guinardo\/wp-json\/wp\/v2\/types\/post"}],"author":[{"embeddable":true,"href":"https:\/\/serveiseducatius.xtec.cat\/horta-guinardo\/wp-json\/wp\/v2\/users\/1"}],"replies":[{"embeddable":true,"href":"https:\/\/serveiseducatius.xtec.cat\/horta-guinardo\/wp-json\/wp\/v2\/comments?post=11200"}],"version-history":[{"count":3,"href":"https:\/\/serveiseducatius.xtec.cat\/horta-guinardo\/wp-json\/wp\/v2\/posts\/11200\/revisions"}],"predecessor-version":[{"id":11205,"href":"https:\/\/serveiseducatius.xtec.cat\/horta-guinardo\/wp-json\/wp\/v2\/posts\/11200\/revisions\/11205"}],"wp:featuredmedia":[{"embeddable":true,"href":"https:\/\/serveiseducatius.xtec.cat\/horta-guinardo\/wp-json\/wp\/v2\/media\/11201"}],"wp:attachment":[{"href":"https:\/\/serveiseducatius.xtec.cat\/horta-guinardo\/wp-json\/wp\/v2\/media?parent=11200"}],"wp:term":[{"taxonomy":"category","embeddable":true,"href":"https:\/\/serveiseducatius.xtec.cat\/horta-guinardo\/wp-json\/wp\/v2\/categories?post=11200"},{"taxonomy":"post_tag","embeddable":true,"href":"https:\/\/serveiseducatius.xtec.cat\/horta-guinardo\/wp-json\/wp\/v2\/tags?post=11200"}],"curies":[{"name":"wp","href":"https:\/\/api.w.org\/{rel}","templated":true}]}}