{"id":10949,"date":"2023-02-09T10:00:03","date_gmt":"2023-02-09T09:00:03","guid":{"rendered":"https:\/\/serveiseducatius.xtec.cat\/horta-guinardo\/?p=10949"},"modified":"2024-03-15T12:44:38","modified_gmt":"2024-03-15T11:44:38","slug":"conferencia-el-respecte-durant-el-proces-del-control-desfinters-amb-la-silvia-blanch","status":"publish","type":"post","link":"https:\/\/serveiseducatius.xtec.cat\/horta-guinardo\/portada\/conferencia-el-respecte-durant-el-proces-del-control-desfinters-amb-la-silvia-blanch\/","title":{"rendered":"Confer\u00e8ncia el respecte durant el proc\u00e9s del control d&#8217;esf\u00ednters amb la S\u00edlvia Blanch"},"content":{"rendered":"<p>Aquest dimarts vam poder escoltar la S\u00edlvia Blanch parlar sobre el <strong>proc\u00e9s del control d&#8217;esf\u00ednters i l&#8217;abandonament del bolquer<\/strong> i com <span style=\"font-family: inherit; font-size: 1em;\">fer un bon acompanyament tant a infants com a fam\u00edlies amb una mirada m\u00e9s respectuosa cap els infants que comencen aquest proc\u00e9s. <\/span><\/p>\n<p><span style=\"font-family: inherit; font-size: 1em;\">U<\/span>na trobada pedag\u00f2gica que va reunir vora un centenar de mestres, educadores i professionals de l&#8217;etapa 0-6. L&#8217;\u00e8xit de participaci\u00f3 posa en valor l&#8217;inter\u00e8s i la implicaci\u00f3 mostrats per aquesta tem\u00e0tica i les ganes de seguir treballant conjuntament demostrant la professionalitat i ganes de millorar i canviar per all\u00f2 que realment es creu important. La confer\u00e8ncia va n\u00e9ixer per la demanda del Seminari d&#8217;Intercanvi 0-6 d&#8217;Horta-Guinard\u00f3 que enguany est\u00e0 treballant al voltant d&#8217;aquest tema, creient prou important la tem\u00e0tica per convidar a professionals de l&#8217;educaci\u00f3 de tots els districtes.<\/p>\n<p><img loading=\"lazy\" decoding=\"async\" class=\"alignnone wp-image-10950\" src=\"https:\/\/serveiseducatius.xtec.cat\/horta-guinardo\/wp-content\/uploads\/usu1124\/2023\/02\/1.gif\" alt=\"\" width=\"433\" height=\"325\" \/> <img loading=\"lazy\" decoding=\"async\" class=\"alignnone wp-image-10951\" src=\"https:\/\/serveiseducatius.xtec.cat\/horta-guinardo\/wp-content\/uploads\/usu1124\/2023\/02\/IMG-20230209-WA0003.jpg\" alt=\"\" width=\"431\" height=\"323\" srcset=\"https:\/\/serveiseducatius.xtec.cat\/horta-guinardo\/wp-content\/uploads\/usu1124\/2023\/02\/IMG-20230209-WA0003.jpg 800w, https:\/\/serveiseducatius.xtec.cat\/horta-guinardo\/wp-content\/uploads\/usu1124\/2023\/02\/IMG-20230209-WA0003-300x225.jpg 300w, https:\/\/serveiseducatius.xtec.cat\/horta-guinardo\/wp-content\/uploads\/usu1124\/2023\/02\/IMG-20230209-WA0003-768x576.jpg 768w, https:\/\/serveiseducatius.xtec.cat\/horta-guinardo\/wp-content\/uploads\/usu1124\/2023\/02\/IMG-20230209-WA0003-200x150.jpg 200w\" sizes=\"auto, (max-width: 431px) 100vw, 431px\" \/> <img loading=\"lazy\" decoding=\"async\" class=\"wp-image-10952 aligncenter\" src=\"https:\/\/serveiseducatius.xtec.cat\/horta-guinardo\/wp-content\/uploads\/usu1124\/2023\/02\/IMG_20230207_175447-1-scaled.jpg\" alt=\"\" width=\"352\" height=\"469\" srcset=\"https:\/\/serveiseducatius.xtec.cat\/horta-guinardo\/wp-content\/uploads\/usu1124\/2023\/02\/IMG_20230207_175447-1-scaled.jpg 1920w, https:\/\/serveiseducatius.xtec.cat\/horta-guinardo\/wp-content\/uploads\/usu1124\/2023\/02\/IMG_20230207_175447-1-225x300.jpg 225w, https:\/\/serveiseducatius.xtec.cat\/horta-guinardo\/wp-content\/uploads\/usu1124\/2023\/02\/IMG_20230207_175447-1-768x1024.jpg 768w, https:\/\/serveiseducatius.xtec.cat\/horta-guinardo\/wp-content\/uploads\/usu1124\/2023\/02\/IMG_20230207_175447-1-1152x1536.jpg 1152w, https:\/\/serveiseducatius.xtec.cat\/horta-guinardo\/wp-content\/uploads\/usu1124\/2023\/02\/IMG_20230207_175447-1-1536x2048.jpg 1536w\" sizes=\"auto, (max-width: 352px) 100vw, 352px\" \/><\/p>\n<p>&nbsp;<\/p>\n","protected":false},"excerpt":{"rendered":"<p>Aquest dimarts vam poder escoltar la S\u00edlvia Blanch parlar sobre el proc\u00e9s del control d&#8217;esf\u00ednters i l&#8217;abandonament del bolquer i com fer un bon acompanyament tant a infants com a fam\u00edlies amb una mirada m\u00e9s respectuosa cap els infants que comencen aquest proc\u00e9s. Una trobada pedag\u00f2gica que va reunir vora un centenar de mestres, educadores [&hellip;]<\/p>\n","protected":false},"author":1,"featured_media":10950,"comment_status":"open","ping_status":"closed","sticky":false,"template":"","format":"standard","meta":{"_bbp_topic_count":0,"_bbp_reply_count":0,"_bbp_total_topic_count":0,"_bbp_total_reply_count":0,"_bbp_voice_count":0,"_bbp_anonymous_reply_count":0,"_bbp_topic_count_hidden":0,"_bbp_reply_count_hidden":0,"_bbp_forum_subforum_count":0,"site-sidebar-layout":"default","site-content-layout":"","ast-site-content-layout":"","site-content-style":"default","site-sidebar-style":"default","ast-global-header-display":"","ast-banner-title-visibility":"","ast-main-header-display":"","ast-hfb-above-header-display":"","ast-hfb-below-header-display":"","ast-hfb-mobile-header-display":"","site-post-title":"","ast-breadcrumbs-content":"","ast-featured-img":"","footer-sml-layout":"","theme-transparent-header-meta":"","adv-header-id-meta":"","stick-header-meta":"","header-above-stick-meta":"","header-main-stick-meta":"","header-below-stick-meta":"","astra-migrate-meta-layouts":"default","ast-page-background-enabled":"default","ast-page-background-meta":{"desktop":{"background-color":"var(--ast-global-color-4)","background-image":"","background-repeat":"repeat","background-position":"center center","background-size":"auto","background-attachment":"scroll","background-type":"","background-media":"","overlay-type":"","overlay-color":"","overlay-opacity":"","overlay-gradient":""},"tablet":{"background-color":"","background-image":"","background-repeat":"repeat","background-position":"center center","background-size":"auto","background-attachment":"scroll","background-type":"","background-media":"","overlay-type":"","overlay-color":"","overlay-opacity":"","overlay-gradient":""},"mobile":{"background-color":"","background-image":"","background-repeat":"repeat","background-position":"center center","background-size":"auto","background-attachment":"scroll","background-type":"","background-media":"","overlay-type":"","overlay-color":"","overlay-opacity":"","overlay-gradient":""}},"ast-content-background-meta":{"desktop":{"background-color":"var(--ast-global-color-5)","background-image":"","background-repeat":"repeat","background-position":"center center","background-size":"auto","background-attachment":"scroll","background-type":"","background-media":"","overlay-type":"","overlay-color":"","overlay-opacity":"","overlay-gradient":""},"tablet":{"background-color":"var(--ast-global-color-5)","background-image":"","background-repeat":"repeat","background-position":"center center","background-size":"auto","background-attachment":"scroll","background-type":"","background-media":"","overlay-type":"","overlay-color":"","overlay-opacity":"","overlay-gradient":""},"mobile":{"background-color":"var(--ast-global-color-5)","background-image":"","background-repeat":"repeat","background-position":"center center","background-size":"auto","background-attachment":"scroll","background-type":"","background-media":"","overlay-type":"","overlay-color":"","overlay-opacity":"","overlay-gradient":""}},"footnotes":""},"categories":[235,65,29],"tags":[],"class_list":["post-10949","post","type-post","status-publish","format-standard","has-post-thumbnail","hentry","category-formacio_ins","category-crp","category-portada"],"post_mailing_queue_ids":[],"_links":{"self":[{"href":"https:\/\/serveiseducatius.xtec.cat\/horta-guinardo\/wp-json\/wp\/v2\/posts\/10949","targetHints":{"allow":["GET"]}}],"collection":[{"href":"https:\/\/serveiseducatius.xtec.cat\/horta-guinardo\/wp-json\/wp\/v2\/posts"}],"about":[{"href":"https:\/\/serveiseducatius.xtec.cat\/horta-guinardo\/wp-json\/wp\/v2\/types\/post"}],"author":[{"embeddable":true,"href":"https:\/\/serveiseducatius.xtec.cat\/horta-guinardo\/wp-json\/wp\/v2\/users\/1"}],"replies":[{"embeddable":true,"href":"https:\/\/serveiseducatius.xtec.cat\/horta-guinardo\/wp-json\/wp\/v2\/comments?post=10949"}],"version-history":[{"count":3,"href":"https:\/\/serveiseducatius.xtec.cat\/horta-guinardo\/wp-json\/wp\/v2\/posts\/10949\/revisions"}],"predecessor-version":[{"id":10956,"href":"https:\/\/serveiseducatius.xtec.cat\/horta-guinardo\/wp-json\/wp\/v2\/posts\/10949\/revisions\/10956"}],"wp:featuredmedia":[{"embeddable":true,"href":"https:\/\/serveiseducatius.xtec.cat\/horta-guinardo\/wp-json\/wp\/v2\/media\/10950"}],"wp:attachment":[{"href":"https:\/\/serveiseducatius.xtec.cat\/horta-guinardo\/wp-json\/wp\/v2\/media?parent=10949"}],"wp:term":[{"taxonomy":"category","embeddable":true,"href":"https:\/\/serveiseducatius.xtec.cat\/horta-guinardo\/wp-json\/wp\/v2\/categories?post=10949"},{"taxonomy":"post_tag","embeddable":true,"href":"https:\/\/serveiseducatius.xtec.cat\/horta-guinardo\/wp-json\/wp\/v2\/tags?post=10949"}],"curies":[{"name":"wp","href":"https:\/\/api.w.org\/{rel}","templated":true}]}}