{"id":408,"count":0,"description":"<strong>SUBXARXA DE COORDINACI\u00d3 DIGITAL DE CENTRE<\/strong>\r\n\r\nPunt de trobada dels coordinadors i coordinadores digitals dels centres educatius. Un espai per parlar de com dinamitzar la transformaci\u00f3 digital als centres i la gesti\u00f3 dels equips, serveis i infraestructures digitals per garantir aquesta transformaci\u00f3.","link":"https:\/\/serveiseducatius.xtec.cat\/horta-guinardo\/categoria\/seminari_de-_zona\/cdc-seminari_de-_zona\/","name":"Subxarxa de Coordinaci\u00f3 Digital de Centre","slug":"cdc-seminari_de-_zona","taxonomy":"category","parent":156,"meta":[],"_links":{"self":[{"href":"https:\/\/serveiseducatius.xtec.cat\/horta-guinardo\/wp-json\/wp\/v2\/categories\/408","targetHints":{"allow":["GET"]}}],"collection":[{"href":"https:\/\/serveiseducatius.xtec.cat\/horta-guinardo\/wp-json\/wp\/v2\/categories"}],"about":[{"href":"https:\/\/serveiseducatius.xtec.cat\/horta-guinardo\/wp-json\/wp\/v2\/taxonomies\/category"}],"up":[{"embeddable":true,"href":"https:\/\/serveiseducatius.xtec.cat\/horta-guinardo\/wp-json\/wp\/v2\/categories\/156"}],"wp:post_type":[{"href":"https:\/\/serveiseducatius.xtec.cat\/horta-guinardo\/wp-json\/wp\/v2\/posts?categories=408"}],"curies":[{"name":"wp","href":"https:\/\/api.w.org\/{rel}","templated":true}]}}