{"id":8951,"date":"2019-11-25T10:23:17","date_gmt":"2019-11-25T09:23:17","guid":{"rendered":"http:\/\/serveiseducatius.xtec.cat\/gracia\/?p=8951"},"modified":"2020-02-02T20:18:21","modified_gmt":"2020-02-02T19:18:21","slug":"programa-gracia-barri-matematic-2020","status":"publish","type":"post","link":"https:\/\/serveiseducatius.xtec.cat\/gracia\/general\/programa-gracia-barri-matematic-2020\/","title":{"rendered":"Programa &#8220;Gr\u00e0cia, barri matem\u00e0tic&#8221; 2020"},"content":{"rendered":"<p><img loading=\"lazy\" decoding=\"async\" class=\"alignleft size-full wp-image-8952\" src=\"https:\/\/serveiseducatius.xtec.cat\/gracia\/wp-content\/uploads\/usu1170\/2019\/11\/Imatge-titol-2020.jpg\" alt=\"\" width=\"1178\" height=\"309\" srcset=\"https:\/\/serveiseducatius.xtec.cat\/gracia\/wp-content\/uploads\/usu1170\/2019\/11\/Imatge-titol-2020.jpg 1178w, https:\/\/serveiseducatius.xtec.cat\/gracia\/wp-content\/uploads\/usu1170\/2019\/11\/Imatge-titol-2020-300x79.jpg 300w, https:\/\/serveiseducatius.xtec.cat\/gracia\/wp-content\/uploads\/usu1170\/2019\/11\/Imatge-titol-2020-768x201.jpg 768w, https:\/\/serveiseducatius.xtec.cat\/gracia\/wp-content\/uploads\/usu1170\/2019\/11\/Imatge-titol-2020-1024x269.jpg 1024w\" sizes=\"auto, (max-width: 1178px) 100vw, 1178px\" \/><\/p>\n<p><strong>Gr\u00e0cia, barri matem\u00e0tic<\/strong>\u00a0\u00e9s un projecte del\u00a0<strong>CRP de Gr\u00e0cia<\/strong>\u00a0que compr\u00e8n diverses activitats i actuacions entorn a l&#8217;ensenyament de les Matem\u00e0tiques a l\u2019educaci\u00f3 prim\u00e0ria des d\u2019una \u00f2ptica competencial, productiva i manipulativa. \u00c9s un espai d&#8217;informaci\u00f3 i formaci\u00f3, per\u00f2 tamb\u00e9 vol incitar l&#8217;experimentaci\u00f3 i la divulgaci\u00f3 d&#8217;activitats, materials i reflexions entre el professorat de la nostra zona.<\/p>\n<p>Al voltant d\u2019aquest projecte s\u2019han dissenyat per aquest <strong>curs escolar 2019\/20<\/strong>,\u00a0 tot un conjunt d\u2019activitats: <strong>seminaris, confer\u00e8ncies, laboratoris d\u2019experimentaci\u00f3, jornada d\u2019intercanvi d\u2019experi\u00e8ncies<\/strong>&#8230;, amb l\u2019objectiu de con\u00e8ixer, analitzar i elaborar activitats que impliquin processos propis del pensament matem\u00e0tic, aprofitant sempre que sigui possible l&#8217;entorn del barri.<\/p>\n<p><span style=\"color: #993366;\"><strong>SEMINARIS<\/strong><\/span><\/p>\n<ul>\n<li style=\"list-style-type: none;\">\n<ul>\n<li><strong>Gr\u00e0cia barri matem\u00e0tic infantil. <\/strong>A c\u00e0rrec de Llu\u00eds Segarra. Llicenciat en Matem\u00e0tiques<\/li>\n<li><strong>Gr\u00e0cia barri matem\u00e0tic prim\u00e0ria. <\/strong>A c\u00e0rrec de David Barba i Cec\u00edlia Calvo. Professor em\u00e8rit de la UAB i Doctora en Did\u00e0ctica de les Matem\u00e0tiques UAB.<\/li>\n<\/ul>\n<\/li>\n<\/ul>\n<p><span style=\"color: #993366;\"><strong>CONFER\u00c8NCIES I TALLERS<\/strong><\/span><\/p>\n<ul>\n<li style=\"list-style-type: none;\">\n<ul>\n<li style=\"list-style-type: none;\">\n<ul>\n<li><strong>Taller de matem\u00e0tiques manipulatives per treballar la geometria, l\u2019estad\u00edstica i l\u2019atzar <\/strong>a c\u00e0rrec de <strong>Laura Morera<\/strong> doctora en Did\u00e0ctica de les matem\u00e0tiques<\/li>\n<\/ul>\n<\/li>\n<\/ul>\n<\/li>\n<\/ul>\n<p>Dimarts 4 de febrer a les 17:30h al CRP de Gr\u00e0cia. <a href=\"https:\/\/aplicacions.gestioeducativa.gencat.cat\/pls\/soloas\/pk_for_mod_ins.p_for_detall_activitat?p_header=Llista%20d%27activitats%5epk_for_mod_ins.p_for_cons_activitats?p_crp=106%26p_any=2019-2020%26p_totes=S%26p_inici=31%26p_excloure_crp_rec=T&amp;p_codi=1060381106&amp;p_curs=2019-2020&amp;p_excloure_crp_rec=T\">Formulari d\u2019inscripci\u00f3<\/a><\/p>\n<ul>\n<li style=\"list-style-type: none;\">\n<ul>\n<li style=\"list-style-type: none;\">\n<ul>\n<li><strong>Com desenvolupar la compet\u00e8ncia matem\u00e0tica dels 3 als 8 anys, a partir d\u2019itineraris d\u2019ensenyament<\/strong>, a c\u00e0rrec del Dr <strong>\u00c0ngel Alsina Pastells <\/strong>catedr\u00e0tic de Did\u00e0ctica de les Matem\u00e0tiques a la Universitat de Girona.<\/li>\n<\/ul>\n<\/li>\n<\/ul>\n<\/li>\n<\/ul>\n<p>Dimarts, 18 de febrer a les 17:30h al CRP de Gr\u00e0cia\u00a0<a href=\"https:\/\/aplicacions.gestioeducativa.gencat.cat\/pls\/soloas\/pk_for_mod_ins.p_for_detall_activitat?p_header=Llista%20d%27activitats%5epk_for_mod_ins.p_for_cons_activitats?p_crp=106%26p_any=2019-2020%26p_totes=S%26p_inici=31%26p_excloure_crp_rec=T&amp;p_codi=1060391106&amp;p_curs=2019-2020&amp;p_excloure_crp_rec=T\">Formulari d\u2019inscripci\u00f3<\/a><\/p>\n<p><span style=\"color: #993366;\"><strong>PINDOLES<\/strong><strong> MATEM\u00c0TIQUES<\/strong><\/span><\/p>\n<ul>\n<li style=\"list-style-type: none;\">\n<ul>\n<li style=\"list-style-type: none;\">\n<ul>\n<li>Dimecres 11 de mar\u00e7: <strong>Geoplans i La l\u00ednia num\u00e8rica<\/strong><\/li>\n<li>Dimecres 25 de mar\u00e7: <strong>Fraccions i Mosaics<br \/>\n<\/strong><\/li>\n<\/ul>\n<\/li>\n<\/ul>\n<\/li>\n<\/ul>\n<p>Activitats dirigides per David Barba i Cec\u00edlia Calvo. Tots els tallers es faran a les 17:30h al CRP Gr\u00e0cia. Sessions de 30 minuts\/taller. <a href=\"https:\/\/docs.google.com\/forms\/d\/e\/1FAIpQLSdUgSTxnfEHsUvf5GHn5EdErTTlYSQM39fwBa4KQ2zpyJ2Whw\/viewform\">Formulari d\u2019inscripci\u00f3<\/a><\/p>\n<p><span style=\"color: #993366;\"><strong>I JORNADA DINTERCANVI D\u2019EXPERI\u00c8NCIES<\/strong><\/span><\/p>\n<ul>\n<li style=\"list-style-type: none;\">\n<ul>\n<li style=\"list-style-type: none;\">\n<ul>\n<li>L\u2019objectiu d\u2019aquesta jornada no \u00e9s m\u00e9s que presentar pr\u00e0ctiques d\u2019aula, posar a debat temes candents en l\u2019ensenyament de les matem\u00e0tiques i contribuir a la formaci\u00f3 i a l\u2019intercanvi d\u2019experi\u00e8ncies del professorat.<\/li>\n<\/ul>\n<\/li>\n<\/ul>\n<\/li>\n<\/ul>\n<p>Dimarts, 5 de maig a les 17:30h al CRP de Gr\u00e0cia.\u00a0<strong>Inscripci\u00f3 finals del 2n trimestre<\/strong><\/p>\n","protected":false},"excerpt":{"rendered":"<p>Gr\u00e0cia, barri matem\u00e0tic\u00a0\u00e9s un projecte del\u00a0CRP de Gr\u00e0cia\u00a0que compr\u00e8n diverses activitats i actuacions entorn a l&#8217;ensenyament de les Matem\u00e0tiques a l\u2019educaci\u00f3 prim\u00e0ria des d\u2019una \u00f2ptica competencial, productiva i manipulativa. \u00c9s un espai d&#8217;informaci\u00f3 i formaci\u00f3, per\u00f2 tamb\u00e9 vol incitar l&#8217;experimentaci\u00f3 i la divulgaci\u00f3 d&#8217;activitats, materials i reflexions entre el professorat de la nostra zona. Al [&hellip;]<\/p>\n","protected":false},"author":5,"featured_media":8952,"comment_status":"closed","ping_status":"closed","sticky":false,"template":"","format":"standard","meta":{"_bbp_topic_count":0,"_bbp_reply_count":0,"_bbp_total_topic_count":0,"_bbp_total_reply_count":0,"_bbp_voice_count":0,"_bbp_anonymous_reply_count":0,"_bbp_topic_count_hidden":0,"_bbp_reply_count_hidden":0,"_bbp_forum_subforum_count":0,"site-sidebar-layout":"default","site-content-layout":"","ast-site-content-layout":"","site-content-style":"default","site-sidebar-style":"default","ast-global-header-display":"","ast-banner-title-visibility":"","ast-main-header-display":"","ast-hfb-above-header-display":"","ast-hfb-below-header-display":"","ast-hfb-mobile-header-display":"","site-post-title":"","ast-breadcrumbs-content":"","ast-featured-img":"","footer-sml-layout":"","theme-transparent-header-meta":"","adv-header-id-meta":"","stick-header-meta":"","header-above-stick-meta":"","header-main-stick-meta":"","header-below-stick-meta":"","astra-migrate-meta-layouts":"default","ast-page-background-enabled":"default","ast-page-background-meta":{"desktop":{"background-color":"var(--ast-global-color-4)","background-image":"","background-repeat":"repeat","background-position":"center center","background-size":"auto","background-attachment":"scroll","background-type":"","background-media":"","overlay-type":"","overlay-color":"","overlay-opacity":"","overlay-gradient":""},"tablet":{"background-color":"","background-image":"","background-repeat":"repeat","background-position":"center center","background-size":"auto","background-attachment":"scroll","background-type":"","background-media":"","overlay-type":"","overlay-color":"","overlay-opacity":"","overlay-gradient":""},"mobile":{"background-color":"","background-image":"","background-repeat":"repeat","background-position":"center center","background-size":"auto","background-attachment":"scroll","background-type":"","background-media":"","overlay-type":"","overlay-color":"","overlay-opacity":"","overlay-gradient":""}},"ast-content-background-meta":{"desktop":{"background-color":"var(--ast-global-color-5)","background-image":"","background-repeat":"repeat","background-position":"center center","background-size":"auto","background-attachment":"scroll","background-type":"","background-media":"","overlay-type":"","overlay-color":"","overlay-opacity":"","overlay-gradient":""},"tablet":{"background-color":"var(--ast-global-color-5)","background-image":"","background-repeat":"repeat","background-position":"center center","background-size":"auto","background-attachment":"scroll","background-type":"","background-media":"","overlay-type":"","overlay-color":"","overlay-opacity":"","overlay-gradient":""},"mobile":{"background-color":"var(--ast-global-color-5)","background-image":"","background-repeat":"repeat","background-position":"center center","background-size":"auto","background-attachment":"scroll","background-type":"","background-media":"","overlay-type":"","overlay-color":"","overlay-opacity":"","overlay-gradient":""}},"footnotes":""},"categories":[1,290,29],"tags":[],"class_list":["post-8951","post","type-post","status-publish","format-standard","has-post-thumbnail","hentry","category-general","category-gbm","category-portada"],"post_mailing_queue_ids":[],"_links":{"self":[{"href":"https:\/\/serveiseducatius.xtec.cat\/gracia\/wp-json\/wp\/v2\/posts\/8951","targetHints":{"allow":["GET"]}}],"collection":[{"href":"https:\/\/serveiseducatius.xtec.cat\/gracia\/wp-json\/wp\/v2\/posts"}],"about":[{"href":"https:\/\/serveiseducatius.xtec.cat\/gracia\/wp-json\/wp\/v2\/types\/post"}],"author":[{"embeddable":true,"href":"https:\/\/serveiseducatius.xtec.cat\/gracia\/wp-json\/wp\/v2\/users\/5"}],"replies":[{"embeddable":true,"href":"https:\/\/serveiseducatius.xtec.cat\/gracia\/wp-json\/wp\/v2\/comments?post=8951"}],"version-history":[{"count":3,"href":"https:\/\/serveiseducatius.xtec.cat\/gracia\/wp-json\/wp\/v2\/posts\/8951\/revisions"}],"predecessor-version":[{"id":8998,"href":"https:\/\/serveiseducatius.xtec.cat\/gracia\/wp-json\/wp\/v2\/posts\/8951\/revisions\/8998"}],"wp:featuredmedia":[{"embeddable":true,"href":"https:\/\/serveiseducatius.xtec.cat\/gracia\/wp-json\/wp\/v2\/media\/8952"}],"wp:attachment":[{"href":"https:\/\/serveiseducatius.xtec.cat\/gracia\/wp-json\/wp\/v2\/media?parent=8951"}],"wp:term":[{"taxonomy":"category","embeddable":true,"href":"https:\/\/serveiseducatius.xtec.cat\/gracia\/wp-json\/wp\/v2\/categories?post=8951"},{"taxonomy":"post_tag","embeddable":true,"href":"https:\/\/serveiseducatius.xtec.cat\/gracia\/wp-json\/wp\/v2\/tags?post=8951"}],"curies":[{"name":"wp","href":"https:\/\/api.w.org\/{rel}","templated":true}]}}