{"id":8223,"date":"2018-11-14T14:25:18","date_gmt":"2018-11-14T13:25:18","guid":{"rendered":"http:\/\/serveiseducatius.xtec.cat\/gracia\/?p=8223"},"modified":"2018-12-10T16:24:14","modified_gmt":"2018-12-10T15:24:14","slug":"fem-atletisme-2018-2019","status":"publish","type":"post","link":"https:\/\/serveiseducatius.xtec.cat\/gracia\/portada\/fem-atletisme-2018-2019\/","title":{"rendered":"Fem Atletisme 2018-2019"},"content":{"rendered":"<p>&nbsp;<\/p>\n<p><a href=\"https:\/\/docs.google.com\/presentation\/d\/e\/2PACX-1vQxihz08vVy__5iupvNDOm4hY7oH69IMuLqwqWK7q1aMwRLELA6EaycpWZPUQl2lp40Ua4F9__a69Pu\/pub?start=true&amp;loop=false&amp;delayms=3000&amp;slide=id.g45e9e4a750_2_45\"><img loading=\"lazy\" decoding=\"async\" class=\"alignnone wp-image-8229 size-full\" src=\"https:\/\/serveiseducatius.xtec.cat\/gracia\/wp-content\/uploads\/usu1170\/2018\/11\/fem-atletisme-2018_1.jpg\" alt=\"\" width=\"960\" height=\"540\" srcset=\"https:\/\/serveiseducatius.xtec.cat\/gracia\/wp-content\/uploads\/usu1170\/2018\/11\/fem-atletisme-2018_1.jpg 960w, https:\/\/serveiseducatius.xtec.cat\/gracia\/wp-content\/uploads\/usu1170\/2018\/11\/fem-atletisme-2018_1-300x169.jpg 300w, https:\/\/serveiseducatius.xtec.cat\/gracia\/wp-content\/uploads\/usu1170\/2018\/11\/fem-atletisme-2018_1-768x432.jpg 768w\" sizes=\"auto, (max-width: 960px) 100vw, 960px\" \/><\/a><\/p>\n<p style=\"font-weight: 400;\">Els centres\u00a0Baldiri Reixac, Farigola de Vallcarca, Gravi, La Sedeta, Montseny, Nou Patufet, Patronat Dom\u00e8nech, Pau Casals Gr\u00e0cia, Rius i Taulet, Sagrada Fam\u00edlia, Tur\u00f3 del Cargol i Vedruna Gr\u00e0cia van poder gaudir de les Jornades de\u00a0<strong><em>Fem atletisme<\/em><\/strong>\u00a0els dies 6, 7 i 8 de novembre del 2018.<\/p>\n<p style=\"font-weight: 400;\">M\u00e9s de 350 noies i nois de 6\u00e8 de prim\u00e0ria van participar en un circuit que estava format per 5 estacions:<\/p>\n<ol>\n<li style=\"font-weight: 400;\">Salt de llargada<\/li>\n<li style=\"font-weight: 400;\">Llan\u00e7ament de pilota<\/li>\n<li style=\"font-weight: 400;\">Salt d\u2019al\u00e7ada: 0,90 m amb goma i 1 m amb llist\u00f3.<\/li>\n<li style=\"font-weight: 400;\">Velocitat (60 m)<\/li>\n<li style=\"font-weight: 400;\">Resist\u00e8ncia (800 m)<\/li>\n<\/ol>\n<p>&nbsp;<\/p>\n","protected":false},"excerpt":{"rendered":"<p>&nbsp; Els centres\u00a0Baldiri Reixac, Farigola de Vallcarca, Gravi, La Sedeta, Montseny, Nou Patufet, Patronat Dom\u00e8nech, Pau Casals Gr\u00e0cia, Rius i Taulet, Sagrada Fam\u00edlia, Tur\u00f3 del Cargol i Vedruna Gr\u00e0cia van poder gaudir de les Jornades de\u00a0Fem atletisme\u00a0els dies 6, 7 i 8 de novembre del 2018. M\u00e9s de 350 noies i nois de 6\u00e8 de [&hellip;]<\/p>\n","protected":false},"author":5,"featured_media":8229,"comment_status":"closed","ping_status":"closed","sticky":false,"template":"","format":"standard","meta":{"_bbp_topic_count":0,"_bbp_reply_count":0,"_bbp_total_topic_count":0,"_bbp_total_reply_count":0,"_bbp_voice_count":0,"_bbp_anonymous_reply_count":0,"_bbp_topic_count_hidden":0,"_bbp_reply_count_hidden":0,"_bbp_forum_subforum_count":0,"site-sidebar-layout":"default","site-content-layout":"","ast-site-content-layout":"","site-content-style":"default","site-sidebar-style":"default","ast-global-header-display":"","ast-banner-title-visibility":"","ast-main-header-display":"","ast-hfb-above-header-display":"","ast-hfb-below-header-display":"","ast-hfb-mobile-header-display":"","site-post-title":"","ast-breadcrumbs-content":"","ast-featured-img":"","footer-sml-layout":"","theme-transparent-header-meta":"","adv-header-id-meta":"","stick-header-meta":"","header-above-stick-meta":"","header-main-stick-meta":"","header-below-stick-meta":"","astra-migrate-meta-layouts":"default","ast-page-background-enabled":"default","ast-page-background-meta":{"desktop":{"background-color":"var(--ast-global-color-4)","background-image":"","background-repeat":"repeat","background-position":"center center","background-size":"auto","background-attachment":"scroll","background-type":"","background-media":"","overlay-type":"","overlay-color":"","overlay-opacity":"","overlay-gradient":""},"tablet":{"background-color":"","background-image":"","background-repeat":"repeat","background-position":"center center","background-size":"auto","background-attachment":"scroll","background-type":"","background-media":"","overlay-type":"","overlay-color":"","overlay-opacity":"","overlay-gradient":""},"mobile":{"background-color":"","background-image":"","background-repeat":"repeat","background-position":"center center","background-size":"auto","background-attachment":"scroll","background-type":"","background-media":"","overlay-type":"","overlay-color":"","overlay-opacity":"","overlay-gradient":""}},"ast-content-background-meta":{"desktop":{"background-color":"var(--ast-global-color-5)","background-image":"","background-repeat":"repeat","background-position":"center center","background-size":"auto","background-attachment":"scroll","background-type":"","background-media":"","overlay-type":"","overlay-color":"","overlay-opacity":"","overlay-gradient":""},"tablet":{"background-color":"var(--ast-global-color-5)","background-image":"","background-repeat":"repeat","background-position":"center center","background-size":"auto","background-attachment":"scroll","background-type":"","background-media":"","overlay-type":"","overlay-color":"","overlay-opacity":"","overlay-gradient":""},"mobile":{"background-color":"var(--ast-global-color-5)","background-image":"","background-repeat":"repeat","background-position":"center center","background-size":"auto","background-attachment":"scroll","background-type":"","background-media":"","overlay-type":"","overlay-color":"","overlay-opacity":"","overlay-gradient":""}},"footnotes":""},"categories":[66,29],"tags":[285,172,92],"class_list":["post-8223","post","type-post","status-publish","format-standard","has-post-thumbnail","hentry","category-dinamitzacio","category-portada","tag-atletisme","tag-educacio-primaria","tag-esport"],"post_mailing_queue_ids":[],"_links":{"self":[{"href":"https:\/\/serveiseducatius.xtec.cat\/gracia\/wp-json\/wp\/v2\/posts\/8223","targetHints":{"allow":["GET"]}}],"collection":[{"href":"https:\/\/serveiseducatius.xtec.cat\/gracia\/wp-json\/wp\/v2\/posts"}],"about":[{"href":"https:\/\/serveiseducatius.xtec.cat\/gracia\/wp-json\/wp\/v2\/types\/post"}],"author":[{"embeddable":true,"href":"https:\/\/serveiseducatius.xtec.cat\/gracia\/wp-json\/wp\/v2\/users\/5"}],"replies":[{"embeddable":true,"href":"https:\/\/serveiseducatius.xtec.cat\/gracia\/wp-json\/wp\/v2\/comments?post=8223"}],"version-history":[{"count":3,"href":"https:\/\/serveiseducatius.xtec.cat\/gracia\/wp-json\/wp\/v2\/posts\/8223\/revisions"}],"predecessor-version":[{"id":8373,"href":"https:\/\/serveiseducatius.xtec.cat\/gracia\/wp-json\/wp\/v2\/posts\/8223\/revisions\/8373"}],"wp:featuredmedia":[{"embeddable":true,"href":"https:\/\/serveiseducatius.xtec.cat\/gracia\/wp-json\/wp\/v2\/media\/8229"}],"wp:attachment":[{"href":"https:\/\/serveiseducatius.xtec.cat\/gracia\/wp-json\/wp\/v2\/media?parent=8223"}],"wp:term":[{"taxonomy":"category","embeddable":true,"href":"https:\/\/serveiseducatius.xtec.cat\/gracia\/wp-json\/wp\/v2\/categories?post=8223"},{"taxonomy":"post_tag","embeddable":true,"href":"https:\/\/serveiseducatius.xtec.cat\/gracia\/wp-json\/wp\/v2\/tags?post=8223"}],"curies":[{"name":"wp","href":"https:\/\/api.w.org\/{rel}","templated":true}]}}