{"id":11451,"date":"2025-12-05T13:10:56","date_gmt":"2025-12-05T12:10:56","guid":{"rendered":"https:\/\/serveiseducatius.xtec.cat\/gracia\/?p=11451"},"modified":"2025-12-11T09:47:03","modified_gmt":"2025-12-11T08:47:03","slug":"certamen-literari-escolar-en-llengues-dorigen","status":"publish","type":"post","link":"https:\/\/serveiseducatius.xtec.cat\/gracia\/general\/certamen-literari-escolar-en-llengues-dorigen\/","title":{"rendered":"Certamen literari escolar en lleng\u00fces d&#8217;origen"},"content":{"rendered":"<p>Ja s&#8217;ha publicat la convocat\u00f2ria per a la <a href=\"https:\/\/aubcn.cat\/22e-certamen-literari-escolar-en-llengues-dorigen\/\" target=\"_blank\" rel=\"noopener\" data-saferedirecturl=\"https:\/\/www.google.com\/url?q=https:\/\/aubcn.cat\/22e-certamen-literari-escolar-en-llengues-dorigen\/&amp;source=gmail&amp;ust=1765020061801000&amp;usg=AOvVaw0dJXleYujC6m3dIlj7wHZP\">nova edici\u00f3 del <strong>Certamen literari escolar en lleng\u00fces d&#8217;origen<\/strong>, ja la 22a!<\/a> Aquest curs el tema proposat \u00e9s la <strong><em>intel\u00b7lig\u00e8ncia artificial<\/em><\/strong>. Al\u00a0web trobareu les <em>bases de participaci\u00f3<\/em> i els formularis per a les inscripcions dels centres i dels treballs participants. Penseu que el termini d&#8217;inscripci\u00f3 (no pas de lliurament dels treballs) \u00e9s el 7 de gener.<\/p>\n<p>Si ho desitgeu, podeu veure la informaci\u00f3 de la passada edici\u00f3 <a href=\"https:\/\/amicsunescobcn.us7.list-manage.com\/track\/click?u=014ca1de12fde166587b96137&amp;id=b5f3f6e775&amp;e=0435ac62a4\" target=\"_blank\" rel=\"noopener\" data-saferedirecturl=\"https:\/\/www.google.com\/url?q=https:\/\/amicsunescobcn.us7.list-manage.com\/track\/click?u%3D014ca1de12fde166587b96137%26id%3Db5f3f6e775%26e%3D0435ac62a4&amp;source=gmail&amp;ust=1765020061801000&amp;usg=AOvVaw1HLyaYH-ecbdxFsEmcZsFJ\">aqu\u00ed<\/a>.<\/p>\n<p><a href=\"https:\/\/serveiseducatius.xtec.cat\/gracia\/wp-content\/uploads\/usu1170\/2025\/12\/CLELO-1.jpg\"><img loading=\"lazy\" decoding=\"async\" class=\"alignnone wp-image-11450\" src=\"https:\/\/serveiseducatius.xtec.cat\/gracia\/wp-content\/uploads\/usu1170\/2025\/12\/CLELO-1-1024x676.jpg\" alt=\"\" width=\"563\" height=\"371\" \/><\/a><\/p>\n","protected":false},"excerpt":{"rendered":"<p>Ja s&#8217;ha publicat la convocat\u00f2ria per a la nova edici\u00f3 del Certamen literari escolar en lleng\u00fces d&#8217;origen, ja la 22a! Aquest curs el tema proposat \u00e9s la intel\u00b7lig\u00e8ncia artificial. Al\u00a0web trobareu les bases de participaci\u00f3 i els formularis per a les inscripcions dels centres i dels treballs participants. Penseu que el termini d&#8217;inscripci\u00f3 (no pas [&hellip;]<\/p>\n","protected":false},"author":19,"featured_media":11450,"comment_status":"open","ping_status":"open","sticky":false,"template":"","format":"standard","meta":{"_bbp_topic_count":0,"_bbp_reply_count":0,"_bbp_total_topic_count":0,"_bbp_total_reply_count":0,"_bbp_voice_count":0,"_bbp_anonymous_reply_count":0,"_bbp_topic_count_hidden":0,"_bbp_reply_count_hidden":0,"_bbp_forum_subforum_count":0,"site-sidebar-layout":"default","site-content-layout":"","ast-site-content-layout":"default","site-content-style":"default","site-sidebar-style":"default","ast-global-header-display":"","ast-banner-title-visibility":"","ast-main-header-display":"","ast-hfb-above-header-display":"","ast-hfb-below-header-display":"","ast-hfb-mobile-header-display":"","site-post-title":"","ast-breadcrumbs-content":"","ast-featured-img":"","footer-sml-layout":"","theme-transparent-header-meta":"default","adv-header-id-meta":"","stick-header-meta":"","header-above-stick-meta":"","header-main-stick-meta":"","header-below-stick-meta":"","astra-migrate-meta-layouts":"set","ast-page-background-enabled":"default","ast-page-background-meta":{"desktop":{"background-color":"var(--ast-global-color-4)","background-image":"","background-repeat":"repeat","background-position":"center center","background-size":"auto","background-attachment":"scroll","background-type":"","background-media":"","overlay-type":"","overlay-color":"","overlay-opacity":"","overlay-gradient":""},"tablet":{"background-color":"","background-image":"","background-repeat":"repeat","background-position":"center center","background-size":"auto","background-attachment":"scroll","background-type":"","background-media":"","overlay-type":"","overlay-color":"","overlay-opacity":"","overlay-gradient":""},"mobile":{"background-color":"","background-image":"","background-repeat":"repeat","background-position":"center center","background-size":"auto","background-attachment":"scroll","background-type":"","background-media":"","overlay-type":"","overlay-color":"","overlay-opacity":"","overlay-gradient":""}},"ast-content-background-meta":{"desktop":{"background-color":"var(--ast-global-color-5)","background-image":"","background-repeat":"repeat","background-position":"center center","background-size":"auto","background-attachment":"scroll","background-type":"","background-media":"","overlay-type":"","overlay-color":"","overlay-opacity":"","overlay-gradient":""},"tablet":{"background-color":"var(--ast-global-color-5)","background-image":"","background-repeat":"repeat","background-position":"center center","background-size":"auto","background-attachment":"scroll","background-type":"","background-media":"","overlay-type":"","overlay-color":"","overlay-opacity":"","overlay-gradient":""},"mobile":{"background-color":"var(--ast-global-color-5)","background-image":"","background-repeat":"repeat","background-position":"center center","background-size":"auto","background-attachment":"scroll","background-type":"","background-media":"","overlay-type":"","overlay-color":"","overlay-opacity":"","overlay-gradient":""}},"footnotes":""},"categories":[68,1,29],"tags":[],"class_list":["post-11451","post","type-post","status-publish","format-standard","has-post-thumbnail","hentry","category-elic","category-general","category-portada"],"post_mailing_queue_ids":[],"_links":{"self":[{"href":"https:\/\/serveiseducatius.xtec.cat\/gracia\/wp-json\/wp\/v2\/posts\/11451","targetHints":{"allow":["GET"]}}],"collection":[{"href":"https:\/\/serveiseducatius.xtec.cat\/gracia\/wp-json\/wp\/v2\/posts"}],"about":[{"href":"https:\/\/serveiseducatius.xtec.cat\/gracia\/wp-json\/wp\/v2\/types\/post"}],"author":[{"embeddable":true,"href":"https:\/\/serveiseducatius.xtec.cat\/gracia\/wp-json\/wp\/v2\/users\/19"}],"replies":[{"embeddable":true,"href":"https:\/\/serveiseducatius.xtec.cat\/gracia\/wp-json\/wp\/v2\/comments?post=11451"}],"version-history":[{"count":2,"href":"https:\/\/serveiseducatius.xtec.cat\/gracia\/wp-json\/wp\/v2\/posts\/11451\/revisions"}],"predecessor-version":[{"id":11496,"href":"https:\/\/serveiseducatius.xtec.cat\/gracia\/wp-json\/wp\/v2\/posts\/11451\/revisions\/11496"}],"wp:featuredmedia":[{"embeddable":true,"href":"https:\/\/serveiseducatius.xtec.cat\/gracia\/wp-json\/wp\/v2\/media\/11450"}],"wp:attachment":[{"href":"https:\/\/serveiseducatius.xtec.cat\/gracia\/wp-json\/wp\/v2\/media?parent=11451"}],"wp:term":[{"taxonomy":"category","embeddable":true,"href":"https:\/\/serveiseducatius.xtec.cat\/gracia\/wp-json\/wp\/v2\/categories?post=11451"},{"taxonomy":"post_tag","embeddable":true,"href":"https:\/\/serveiseducatius.xtec.cat\/gracia\/wp-json\/wp\/v2\/tags?post=11451"}],"curies":[{"name":"wp","href":"https:\/\/api.w.org\/{rel}","templated":true}]}}