{"id":11254,"date":"2025-03-13T17:12:26","date_gmt":"2025-03-13T16:12:26","guid":{"rendered":"https:\/\/serveiseducatius.xtec.cat\/gracia\/?p=11254"},"modified":"2025-03-13T17:16:31","modified_gmt":"2025-03-13T16:16:31","slug":"dia-mundial-de-la-poesia","status":"publish","type":"post","link":"https:\/\/serveiseducatius.xtec.cat\/gracia\/general\/dia-mundial-de-la-poesia\/","title":{"rendered":"Dia mundial de la poesia"},"content":{"rendered":"<p>El\u00a0Dia Mundial de la Poesia \u00e9s una gran oportunitat per treballar la llengua, la diversitat ling\u00fc\u00edstica i l\u2019expressi\u00f3 art\u00edstica amb l\u2019alumnat nouvingut de l\u2019aula d\u2019acollida. A secund\u00e0ria, si fem servir el poema <em>Desamor<\/em>, de Josep M. Llompart, que est\u00e0 tradu\u00eft a diverses lleng\u00fces, podem aprofitar aquesta riquesa per crear una activitat din\u00e0mica i participativa. En l&#8217;article que adjuntem <strong><a href=\"https:\/\/projectes.xtec.cat\/acollidasuport\/portada\/dia-mundial-de-la-poesia\/\">aqu\u00ed<\/a> <\/strong>trobareu m\u00e9s informaci\u00f3 i la proposta d\u2019activitat per realitzar amb els vostres alumnes.<\/p>\n<p><a href=\"https:\/\/serveiseducatius.xtec.cat\/gracia\/wp-content\/uploads\/usu1170\/2025\/03\/Captura.png\"><img loading=\"lazy\" decoding=\"async\" class=\"alignnone size-full wp-image-11255\" src=\"https:\/\/serveiseducatius.xtec.cat\/gracia\/wp-content\/uploads\/usu1170\/2025\/03\/Captura.png\" alt=\"\" width=\"726\" height=\"405\" srcset=\"https:\/\/serveiseducatius.xtec.cat\/gracia\/wp-content\/uploads\/usu1170\/2025\/03\/Captura.png 726w, https:\/\/serveiseducatius.xtec.cat\/gracia\/wp-content\/uploads\/usu1170\/2025\/03\/Captura-300x167.png 300w\" sizes=\"auto, (max-width: 726px) 100vw, 726px\" \/><\/a><\/p>\n<p>&nbsp;<\/p>\n","protected":false},"excerpt":{"rendered":"<p>El\u00a0Dia Mundial de la Poesia \u00e9s una gran oportunitat per treballar la llengua, la diversitat ling\u00fc\u00edstica i l\u2019expressi\u00f3 art\u00edstica amb l\u2019alumnat nouvingut de l\u2019aula d\u2019acollida. A secund\u00e0ria, si fem servir el poema Desamor, de Josep M. Llompart, que est\u00e0 tradu\u00eft a diverses lleng\u00fces, podem aprofitar aquesta riquesa per crear una activitat din\u00e0mica i participativa. En [&hellip;]<\/p>\n","protected":false},"author":19,"featured_media":11255,"comment_status":"open","ping_status":"closed","sticky":false,"template":"","format":"standard","meta":{"_bbp_topic_count":0,"_bbp_reply_count":0,"_bbp_total_topic_count":0,"_bbp_total_reply_count":0,"_bbp_voice_count":0,"_bbp_anonymous_reply_count":0,"_bbp_topic_count_hidden":0,"_bbp_reply_count_hidden":0,"_bbp_forum_subforum_count":0,"site-sidebar-layout":"default","site-content-layout":"","ast-site-content-layout":"","site-content-style":"default","site-sidebar-style":"default","ast-global-header-display":"","ast-banner-title-visibility":"","ast-main-header-display":"","ast-hfb-above-header-display":"","ast-hfb-below-header-display":"","ast-hfb-mobile-header-display":"","site-post-title":"","ast-breadcrumbs-content":"","ast-featured-img":"","footer-sml-layout":"","theme-transparent-header-meta":"","adv-header-id-meta":"","stick-header-meta":"","header-above-stick-meta":"","header-main-stick-meta":"","header-below-stick-meta":"","astra-migrate-meta-layouts":"default","ast-page-background-enabled":"default","ast-page-background-meta":{"desktop":{"background-color":"var(--ast-global-color-4)","background-image":"","background-repeat":"repeat","background-position":"center center","background-size":"auto","background-attachment":"scroll","background-type":"","background-media":"","overlay-type":"","overlay-color":"","overlay-opacity":"","overlay-gradient":""},"tablet":{"background-color":"","background-image":"","background-repeat":"repeat","background-position":"center center","background-size":"auto","background-attachment":"scroll","background-type":"","background-media":"","overlay-type":"","overlay-color":"","overlay-opacity":"","overlay-gradient":""},"mobile":{"background-color":"","background-image":"","background-repeat":"repeat","background-position":"center center","background-size":"auto","background-attachment":"scroll","background-type":"","background-media":"","overlay-type":"","overlay-color":"","overlay-opacity":"","overlay-gradient":""}},"ast-content-background-meta":{"desktop":{"background-color":"var(--ast-global-color-5)","background-image":"","background-repeat":"repeat","background-position":"center center","background-size":"auto","background-attachment":"scroll","background-type":"","background-media":"","overlay-type":"","overlay-color":"","overlay-opacity":"","overlay-gradient":""},"tablet":{"background-color":"var(--ast-global-color-5)","background-image":"","background-repeat":"repeat","background-position":"center center","background-size":"auto","background-attachment":"scroll","background-type":"","background-media":"","overlay-type":"","overlay-color":"","overlay-opacity":"","overlay-gradient":""},"mobile":{"background-color":"var(--ast-global-color-5)","background-image":"","background-repeat":"repeat","background-position":"center center","background-size":"auto","background-attachment":"scroll","background-type":"","background-media":"","overlay-type":"","overlay-color":"","overlay-opacity":"","overlay-gradient":""}},"footnotes":""},"categories":[68,1,29],"tags":[],"class_list":["post-11254","post","type-post","status-publish","format-standard","has-post-thumbnail","hentry","category-elic","category-general","category-portada"],"post_mailing_queue_ids":[],"_links":{"self":[{"href":"https:\/\/serveiseducatius.xtec.cat\/gracia\/wp-json\/wp\/v2\/posts\/11254","targetHints":{"allow":["GET"]}}],"collection":[{"href":"https:\/\/serveiseducatius.xtec.cat\/gracia\/wp-json\/wp\/v2\/posts"}],"about":[{"href":"https:\/\/serveiseducatius.xtec.cat\/gracia\/wp-json\/wp\/v2\/types\/post"}],"author":[{"embeddable":true,"href":"https:\/\/serveiseducatius.xtec.cat\/gracia\/wp-json\/wp\/v2\/users\/19"}],"replies":[{"embeddable":true,"href":"https:\/\/serveiseducatius.xtec.cat\/gracia\/wp-json\/wp\/v2\/comments?post=11254"}],"version-history":[{"count":2,"href":"https:\/\/serveiseducatius.xtec.cat\/gracia\/wp-json\/wp\/v2\/posts\/11254\/revisions"}],"predecessor-version":[{"id":11257,"href":"https:\/\/serveiseducatius.xtec.cat\/gracia\/wp-json\/wp\/v2\/posts\/11254\/revisions\/11257"}],"wp:featuredmedia":[{"embeddable":true,"href":"https:\/\/serveiseducatius.xtec.cat\/gracia\/wp-json\/wp\/v2\/media\/11255"}],"wp:attachment":[{"href":"https:\/\/serveiseducatius.xtec.cat\/gracia\/wp-json\/wp\/v2\/media?parent=11254"}],"wp:term":[{"taxonomy":"category","embeddable":true,"href":"https:\/\/serveiseducatius.xtec.cat\/gracia\/wp-json\/wp\/v2\/categories?post=11254"},{"taxonomy":"post_tag","embeddable":true,"href":"https:\/\/serveiseducatius.xtec.cat\/gracia\/wp-json\/wp\/v2\/tags?post=11254"}],"curies":[{"name":"wp","href":"https:\/\/api.w.org\/{rel}","templated":true}]}}