{"id":11239,"date":"2025-03-12T12:12:31","date_gmt":"2025-03-12T11:12:31","guid":{"rendered":"https:\/\/serveiseducatius.xtec.cat\/gracia\/?p=11239"},"modified":"2025-03-19T12:57:00","modified_gmt":"2025-03-19T11:57:00","slug":"lescola-poveda-sincorpora-al-programa-magnet-per-aplicar-ciencia-a-laula","status":"publish","type":"post","link":"https:\/\/serveiseducatius.xtec.cat\/gracia\/general\/lescola-poveda-sincorpora-al-programa-magnet-per-aplicar-ciencia-a-laula\/","title":{"rendered":"L\u2019Escola Poveda s\u2019incorpora al programa \u2018Magnet\u2019 per aplicar ci\u00e8ncia a l\u2019aula"},"content":{"rendered":"<p><img loading=\"lazy\" decoding=\"async\" class=\"wp-image-11240 aligncenter\" src=\"https:\/\/serveiseducatius.xtec.cat\/gracia\/wp-content\/uploads\/usu1170\/2025\/03\/029-_eva7975-2048x1365-1-1024x683.jpg\" alt=\"\" width=\"702\" height=\"468\" srcset=\"https:\/\/serveiseducatius.xtec.cat\/gracia\/wp-content\/uploads\/usu1170\/2025\/03\/029-_eva7975-2048x1365-1-1024x683.jpg 1024w, https:\/\/serveiseducatius.xtec.cat\/gracia\/wp-content\/uploads\/usu1170\/2025\/03\/029-_eva7975-2048x1365-1-300x200.jpg 300w, https:\/\/serveiseducatius.xtec.cat\/gracia\/wp-content\/uploads\/usu1170\/2025\/03\/029-_eva7975-2048x1365-1-768x512.jpg 768w, https:\/\/serveiseducatius.xtec.cat\/gracia\/wp-content\/uploads\/usu1170\/2025\/03\/029-_eva7975-2048x1365-1-1536x1024.jpg 1536w, https:\/\/serveiseducatius.xtec.cat\/gracia\/wp-content\/uploads\/usu1170\/2025\/03\/029-_eva7975-2048x1365-1.jpg 2048w\" sizes=\"auto, (max-width: 702px) 100vw, 702px\" \/><\/p>\n<p><span style=\"font-weight: 400;\">El passat 5 de mar\u00e7 va tenir lloc la roda de premsa per la presentaci\u00f3 de l\u2019alian\u00e7a entre l\u2019escola Pare Poveda, la Fundaci\u00f3 Bofill, l\u2019IDAEA-CSIC i on van participar membres de les diferents institucions implicades:<\/span><\/p>\n<p><span style=\"font-weight: 400;\">-Rosa Bonet, directora de l\u2019escola Pare Poveda<\/span><\/p>\n<p><span style=\"font-weight: 400;\">-Ethel Ehjarrat, directora de l\u2019IDAEA-CSIC<\/span><\/p>\n<p><span style=\"font-weight: 400;\">-Eulalia Esclapes, direcci\u00f3 d&#8217;educaci\u00f3 i Territori del Consorci d&#8217;Educaci\u00f3<\/span><\/p>\n<p><span style=\"font-weight: 400;\">-Ismael Palac\u00edn director de la fundaci\u00f3 Bofill<\/span><\/p>\n<p><span style=\"font-weight: 400;\"><strong>La ci\u00e8ncia i el medi ambient, eix tem\u00e0tic del projecte a l&#8217;ESC Pare Poveda<\/strong>. Aquest curs, l\u2019escola forma part del progra\u00adma \u2018Magnet, aliances per a l\u2019\u00e8xit educatiu\u2019, impulsat pel Consorci d\u2019Educaci\u00f3 de Barcelona, la Fundaci\u00f3 Bofill, i l\u2019IDAEA-CSIC. Aquest programa involucra centres educatius amb institucions de refer\u00e8ncia en projectes educatius innovadors i de qualitat per aplicar a l\u2019aula noves formes d\u2019impartir el coneixement. Enguany el programa aplega 47 centres educatius de tota Catalunya, entre els que hi ha l\u2019Escola Rius i Taulet de Gr\u00e0cia, que t\u00e9 l\u2019arquitectura com a eix tem\u00e0tic.\u00a0<\/span><\/p>\n<p><span style=\"font-weight: 400;\">Durant la trobada es va fer una petita volta per l\u2019escola on es van poder analitzar les diferents propostes i projectes que actualment es duen a terme.\u00a0<\/span><span style=\"font-weight: 400;\">Posteriorment, es van poder escoltar els diferents arguments a favor d\u2019aquesta alian\u00e7a i que, ben segur, potenciaran l\u2019esperit i el futur de l&#8217;escola.<\/span><\/p>\n<p><span style=\"font-weight: 400;\">Per a m\u00e9s informaci\u00f3 sobre el programa Magnet: <\/span><strong><a href=\"https:\/\/magnet.cat\/centres-educatius\/escola-poveda\/\">https:\/\/magnet.cat\/centres-educatius\/escola-poveda\/<\/a><\/strong><\/p>\n<p><span style=\"font-weight: 400;\">A continuaci\u00f3 podeu veure el ress\u00f2 que ha tingut la roda de premsa als mitjans de comunicaci\u00f3:<\/span><\/p>\n<p><strong><a href=\"https:\/\/www.independent.cat\/noticia\/100332\/lescola-poveda-sincorpora-al-programa-magnet-per-aplicar-ciencia-a-laula\">L\u2019independent de Gr\u00e0cia<\/a>\u00a0<\/strong><\/p>\n","protected":false},"excerpt":{"rendered":"<p>El passat 5 de mar\u00e7 va tenir lloc la roda de premsa per la presentaci\u00f3 de l\u2019alian\u00e7a entre l\u2019escola Pare Poveda, la Fundaci\u00f3 Bofill, l\u2019IDAEA-CSIC i on van participar membres de les diferents institucions implicades: -Rosa Bonet, directora de l\u2019escola Pare Poveda -Ethel Ehjarrat, directora de l\u2019IDAEA-CSIC -Eulalia Esclapes, direcci\u00f3 d&#8217;educaci\u00f3 i Territori del Consorci [&hellip;]<\/p>\n","protected":false},"author":5,"featured_media":11240,"comment_status":"closed","ping_status":"closed","sticky":false,"template":"","format":"standard","meta":{"_bbp_topic_count":0,"_bbp_reply_count":0,"_bbp_total_topic_count":0,"_bbp_total_reply_count":0,"_bbp_voice_count":0,"_bbp_anonymous_reply_count":0,"_bbp_topic_count_hidden":0,"_bbp_reply_count_hidden":0,"_bbp_forum_subforum_count":0,"site-sidebar-layout":"default","site-content-layout":"","ast-site-content-layout":"","site-content-style":"default","site-sidebar-style":"default","ast-global-header-display":"","ast-banner-title-visibility":"","ast-main-header-display":"","ast-hfb-above-header-display":"","ast-hfb-below-header-display":"","ast-hfb-mobile-header-display":"","site-post-title":"","ast-breadcrumbs-content":"","ast-featured-img":"","footer-sml-layout":"","theme-transparent-header-meta":"","adv-header-id-meta":"","stick-header-meta":"","header-above-stick-meta":"","header-main-stick-meta":"","header-below-stick-meta":"","astra-migrate-meta-layouts":"default","ast-page-background-enabled":"default","ast-page-background-meta":{"desktop":{"background-color":"var(--ast-global-color-4)","background-image":"","background-repeat":"repeat","background-position":"center center","background-size":"auto","background-attachment":"scroll","background-type":"","background-media":"","overlay-type":"","overlay-color":"","overlay-opacity":"","overlay-gradient":""},"tablet":{"background-color":"","background-image":"","background-repeat":"repeat","background-position":"center center","background-size":"auto","background-attachment":"scroll","background-type":"","background-media":"","overlay-type":"","overlay-color":"","overlay-opacity":"","overlay-gradient":""},"mobile":{"background-color":"","background-image":"","background-repeat":"repeat","background-position":"center center","background-size":"auto","background-attachment":"scroll","background-type":"","background-media":"","overlay-type":"","overlay-color":"","overlay-opacity":"","overlay-gradient":""}},"ast-content-background-meta":{"desktop":{"background-color":"var(--ast-global-color-5)","background-image":"","background-repeat":"repeat","background-position":"center center","background-size":"auto","background-attachment":"scroll","background-type":"","background-media":"","overlay-type":"","overlay-color":"","overlay-opacity":"","overlay-gradient":""},"tablet":{"background-color":"var(--ast-global-color-5)","background-image":"","background-repeat":"repeat","background-position":"center center","background-size":"auto","background-attachment":"scroll","background-type":"","background-media":"","overlay-type":"","overlay-color":"","overlay-opacity":"","overlay-gradient":""},"mobile":{"background-color":"var(--ast-global-color-5)","background-image":"","background-repeat":"repeat","background-position":"center center","background-size":"auto","background-attachment":"scroll","background-type":"","background-media":"","overlay-type":"","overlay-color":"","overlay-opacity":"","overlay-gradient":""}},"footnotes":""},"categories":[337,65,1,29],"tags":[],"class_list":["post-11239","post","type-post","status-publish","format-standard","has-post-thumbnail","hentry","category-ambit-cientific","category-crp","category-general","category-portada"],"post_mailing_queue_ids":[],"_links":{"self":[{"href":"https:\/\/serveiseducatius.xtec.cat\/gracia\/wp-json\/wp\/v2\/posts\/11239","targetHints":{"allow":["GET"]}}],"collection":[{"href":"https:\/\/serveiseducatius.xtec.cat\/gracia\/wp-json\/wp\/v2\/posts"}],"about":[{"href":"https:\/\/serveiseducatius.xtec.cat\/gracia\/wp-json\/wp\/v2\/types\/post"}],"author":[{"embeddable":true,"href":"https:\/\/serveiseducatius.xtec.cat\/gracia\/wp-json\/wp\/v2\/users\/5"}],"replies":[{"embeddable":true,"href":"https:\/\/serveiseducatius.xtec.cat\/gracia\/wp-json\/wp\/v2\/comments?post=11239"}],"version-history":[{"count":6,"href":"https:\/\/serveiseducatius.xtec.cat\/gracia\/wp-json\/wp\/v2\/posts\/11239\/revisions"}],"predecessor-version":[{"id":11253,"href":"https:\/\/serveiseducatius.xtec.cat\/gracia\/wp-json\/wp\/v2\/posts\/11239\/revisions\/11253"}],"wp:featuredmedia":[{"embeddable":true,"href":"https:\/\/serveiseducatius.xtec.cat\/gracia\/wp-json\/wp\/v2\/media\/11240"}],"wp:attachment":[{"href":"https:\/\/serveiseducatius.xtec.cat\/gracia\/wp-json\/wp\/v2\/media?parent=11239"}],"wp:term":[{"taxonomy":"category","embeddable":true,"href":"https:\/\/serveiseducatius.xtec.cat\/gracia\/wp-json\/wp\/v2\/categories?post=11239"},{"taxonomy":"post_tag","embeddable":true,"href":"https:\/\/serveiseducatius.xtec.cat\/gracia\/wp-json\/wp\/v2\/tags?post=11239"}],"curies":[{"name":"wp","href":"https:\/\/api.w.org\/{rel}","templated":true}]}}