{"id":11165,"date":"2025-02-05T13:09:09","date_gmt":"2025-02-05T12:09:09","guid":{"rendered":"https:\/\/serveiseducatius.xtec.cat\/gracia\/?p=11165"},"modified":"2025-02-11T11:07:17","modified_gmt":"2025-02-11T10:07:17","slug":"jornada-portes-obertes-infantil-primaria-i-secundaria","status":"publish","type":"post","link":"https:\/\/serveiseducatius.xtec.cat\/gracia\/general\/jornada-portes-obertes-infantil-primaria-i-secundaria\/","title":{"rendered":"Jornada de portes obertes"},"content":{"rendered":"<p>&nbsp;<\/p>\n<p><a href=\"https:\/\/serveiseducatius.xtec.cat\/gracia\/wp-content\/uploads\/usu1170\/2025\/02\/JORNADES-PORTES-OBERTES_2.pdf\" target=\"_blank\" rel=\"noopener\"><img loading=\"lazy\" decoding=\"async\" class=\"alignleft wp-image-11193\" src=\"https:\/\/serveiseducatius.xtec.cat\/gracia\/wp-content\/uploads\/usu1170\/2025\/02\/JORNADES-PORTES-OBERTES_2-1-724x1024.png\" alt=\"\" width=\"229\" height=\"324\" srcset=\"https:\/\/serveiseducatius.xtec.cat\/gracia\/wp-content\/uploads\/usu1170\/2025\/02\/JORNADES-PORTES-OBERTES_2-1-724x1024.png 724w, https:\/\/serveiseducatius.xtec.cat\/gracia\/wp-content\/uploads\/usu1170\/2025\/02\/JORNADES-PORTES-OBERTES_2-1-212x300.png 212w, https:\/\/serveiseducatius.xtec.cat\/gracia\/wp-content\/uploads\/usu1170\/2025\/02\/JORNADES-PORTES-OBERTES_2-1-768x1086.png 768w, https:\/\/serveiseducatius.xtec.cat\/gracia\/wp-content\/uploads\/usu1170\/2025\/02\/JORNADES-PORTES-OBERTES_2-1.png 992w\" sizes=\"auto, (max-width: 229px) 100vw, 229px\" \/><\/a>Us animem a participar\u00a0en les\u00a0diferents\u00a0<a href=\"https:\/\/serveiseducatius.xtec.cat\/gracia\/wp-content\/uploads\/usu1170\/2025\/02\/JORNADES-PORTES-OBERTES_.pdf\" target=\"_blank\" rel=\"noopener\"><strong>Jornades de Portes Obertes<\/strong><\/a> de les Escoles i Instituts del districte de <strong>Gr\u00e0cia<\/strong>.<\/p>\n<p>Abans que comenci el per\u00edode de preinscripcions per al curs 2025-2026, creiem que \u00e9s una bona oportunitat per tal de viure en primera persona l\u2019entorn educatiu, con\u00e8ixer el projecte educatiu de cada centre, les metodologies que s\u2019hi empren, gaudir les instal\u00b7lacions i equipaments, aclarir dubtes, etc.<\/p>\n<p>En definitiva, quin ser\u00e0 l\u2019entorn educatiu de les vostres filles i els vostres fills.<\/p>\n<div><\/div>\n<div>Per m\u00e9s informaci\u00f3, consulteu la web del Consorci:<\/div>\n<div><\/div>\n<p><a href=\"https:\/\/www.edubcn.cat\/ca\/alumnat_i_familia\/informacio_general_matriculacio\/adscripcions\" target=\"_blank\" rel=\"noopener\">Adscripcions<\/a><\/p>\n<p><a style=\"font-family: inherit; font-size: 1em;\" href=\"https:\/\/www.edubcn.cat\/ca\/alumnat_i_familia\/informacio_general_matriculacio\/jornades_de_portes_obertes_als_centres_cerca#\/cerca\" target=\"_blank\" rel=\"noopener\">Portes obertes altres zones<\/a><\/p>\n<div><\/div>\n<p>&nbsp;<\/p>\n<p>&nbsp;<\/p>\n<p>&nbsp;<\/p>\n<p>&nbsp;<\/p>\n","protected":false},"excerpt":{"rendered":"<p>&nbsp; Us animem a participar\u00a0en les\u00a0diferents\u00a0Jornades de Portes Obertes de les Escoles i Instituts del districte de Gr\u00e0cia. Abans que comenci el per\u00edode de preinscripcions per al curs 2025-2026, creiem que \u00e9s una bona oportunitat per tal de viure en primera persona l\u2019entorn educatiu, con\u00e8ixer el projecte educatiu de cada centre, les metodologies que s\u2019hi [&hellip;]<\/p>\n","protected":false},"author":5,"featured_media":11190,"comment_status":"open","ping_status":"closed","sticky":false,"template":"","format":"standard","meta":{"_bbp_topic_count":0,"_bbp_reply_count":0,"_bbp_total_topic_count":0,"_bbp_total_reply_count":0,"_bbp_voice_count":0,"_bbp_anonymous_reply_count":0,"_bbp_topic_count_hidden":0,"_bbp_reply_count_hidden":0,"_bbp_forum_subforum_count":0,"site-sidebar-layout":"default","site-content-layout":"","ast-site-content-layout":"","site-content-style":"default","site-sidebar-style":"default","ast-global-header-display":"","ast-banner-title-visibility":"","ast-main-header-display":"","ast-hfb-above-header-display":"","ast-hfb-below-header-display":"","ast-hfb-mobile-header-display":"","site-post-title":"","ast-breadcrumbs-content":"","ast-featured-img":"","footer-sml-layout":"","theme-transparent-header-meta":"","adv-header-id-meta":"","stick-header-meta":"","header-above-stick-meta":"","header-main-stick-meta":"","header-below-stick-meta":"","astra-migrate-meta-layouts":"default","ast-page-background-enabled":"default","ast-page-background-meta":{"desktop":{"background-color":"var(--ast-global-color-4)","background-image":"","background-repeat":"repeat","background-position":"center center","background-size":"auto","background-attachment":"scroll","background-type":"","background-media":"","overlay-type":"","overlay-color":"","overlay-opacity":"","overlay-gradient":""},"tablet":{"background-color":"","background-image":"","background-repeat":"repeat","background-position":"center center","background-size":"auto","background-attachment":"scroll","background-type":"","background-media":"","overlay-type":"","overlay-color":"","overlay-opacity":"","overlay-gradient":""},"mobile":{"background-color":"","background-image":"","background-repeat":"repeat","background-position":"center center","background-size":"auto","background-attachment":"scroll","background-type":"","background-media":"","overlay-type":"","overlay-color":"","overlay-opacity":"","overlay-gradient":""}},"ast-content-background-meta":{"desktop":{"background-color":"var(--ast-global-color-5)","background-image":"","background-repeat":"repeat","background-position":"center center","background-size":"auto","background-attachment":"scroll","background-type":"","background-media":"","overlay-type":"","overlay-color":"","overlay-opacity":"","overlay-gradient":""},"tablet":{"background-color":"var(--ast-global-color-5)","background-image":"","background-repeat":"repeat","background-position":"center center","background-size":"auto","background-attachment":"scroll","background-type":"","background-media":"","overlay-type":"","overlay-color":"","overlay-opacity":"","overlay-gradient":""},"mobile":{"background-color":"var(--ast-global-color-5)","background-image":"","background-repeat":"repeat","background-position":"center center","background-size":"auto","background-attachment":"scroll","background-type":"","background-media":"","overlay-type":"","overlay-color":"","overlay-opacity":"","overlay-gradient":""}},"footnotes":""},"categories":[1,29,352],"tags":[],"class_list":["post-11165","post","type-post","status-publish","format-standard","has-post-thumbnail","hentry","category-general","category-portada","category-tgt"],"post_mailing_queue_ids":[],"_links":{"self":[{"href":"https:\/\/serveiseducatius.xtec.cat\/gracia\/wp-json\/wp\/v2\/posts\/11165","targetHints":{"allow":["GET"]}}],"collection":[{"href":"https:\/\/serveiseducatius.xtec.cat\/gracia\/wp-json\/wp\/v2\/posts"}],"about":[{"href":"https:\/\/serveiseducatius.xtec.cat\/gracia\/wp-json\/wp\/v2\/types\/post"}],"author":[{"embeddable":true,"href":"https:\/\/serveiseducatius.xtec.cat\/gracia\/wp-json\/wp\/v2\/users\/5"}],"replies":[{"embeddable":true,"href":"https:\/\/serveiseducatius.xtec.cat\/gracia\/wp-json\/wp\/v2\/comments?post=11165"}],"version-history":[{"count":7,"href":"https:\/\/serveiseducatius.xtec.cat\/gracia\/wp-json\/wp\/v2\/posts\/11165\/revisions"}],"predecessor-version":[{"id":11209,"href":"https:\/\/serveiseducatius.xtec.cat\/gracia\/wp-json\/wp\/v2\/posts\/11165\/revisions\/11209"}],"wp:featuredmedia":[{"embeddable":true,"href":"https:\/\/serveiseducatius.xtec.cat\/gracia\/wp-json\/wp\/v2\/media\/11190"}],"wp:attachment":[{"href":"https:\/\/serveiseducatius.xtec.cat\/gracia\/wp-json\/wp\/v2\/media?parent=11165"}],"wp:term":[{"taxonomy":"category","embeddable":true,"href":"https:\/\/serveiseducatius.xtec.cat\/gracia\/wp-json\/wp\/v2\/categories?post=11165"},{"taxonomy":"post_tag","embeddable":true,"href":"https:\/\/serveiseducatius.xtec.cat\/gracia\/wp-json\/wp\/v2\/tags?post=11165"}],"curies":[{"name":"wp","href":"https:\/\/api.w.org\/{rel}","templated":true}]}}