{"id":10940,"date":"2024-10-15T08:57:36","date_gmt":"2024-10-15T06:57:36","guid":{"rendered":"https:\/\/serveiseducatius.xtec.cat\/gracia\/?p=10940"},"modified":"2024-10-15T09:02:01","modified_gmt":"2024-10-15T07:02:01","slug":"estrategies-de-suport-a-la-regulacio-de-la-conducta-i-abordatge-de-les-desregulacions-conductuals-als-centres-educatius","status":"publish","type":"post","link":"https:\/\/serveiseducatius.xtec.cat\/gracia\/general\/estrategies-de-suport-a-la-regulacio-de-la-conducta-i-abordatge-de-les-desregulacions-conductuals-als-centres-educatius\/","title":{"rendered":"Estrat\u00e8gies de suport a la regulaci\u00f3 de la conducta i abordatge de les desregulacions conductuals als centres educatius"},"content":{"rendered":"<p><a href=\"https:\/\/educacio.gencat.cat\/web\/.content\/home\/departament\/publicacions\/colleccions\/inclusio\/regulacio-conducta\/regulacio-conducta.pdf\" target=\"_blank\" rel=\"noopener\"><img loading=\"lazy\" decoding=\"async\" class=\"alignleft size-full wp-image-10942\" src=\"https:\/\/serveiseducatius.xtec.cat\/gracia\/wp-content\/uploads\/usu1170\/2024\/10\/Estratregies-de-suport-212x300-2.jpg\" alt=\"\" width=\"212\" height=\"300\" \/>Aquest document<\/a>\u00a0\u00e9s una eina de reflexi\u00f3 per a la incorporaci\u00f3 d\u2019elements de suport a la regulaci\u00f3 de la conducta en els plans de suport individuals, que poden ser una eina complement\u00e0ria al projecte de conviv\u00e8ncia i a les normes d\u2019organitzaci\u00f3 i funcionament de centre, amb l\u2019objectiu de millorar el clima del centre i la contenci\u00f3 de les desregulacions de la conducta.<\/p>\n<p>Els centres educatius hi podran trobar propostes per generar contextos amb una alta capacitat d\u2019ajudar a regular la conducta, de tal manera que la seva estructura, els seus espais, la seva organitzaci\u00f3, la seva metodologia, el vincle entre el professorat i l\u2019alumnat i la relaci\u00f3 entre la fam\u00edlia i l\u2019escola siguin elements contenidors i afavoridors de conductes positives.<\/p>\n","protected":false},"excerpt":{"rendered":"<p>Aquest document\u00a0\u00e9s una eina de reflexi\u00f3 per a la incorporaci\u00f3 d\u2019elements de suport a la regulaci\u00f3 de la conducta en els plans de suport individuals, que poden ser una eina complement\u00e0ria al projecte de conviv\u00e8ncia i a les normes d\u2019organitzaci\u00f3 i funcionament de centre, amb l\u2019objectiu de millorar el clima del centre i la contenci\u00f3 [&hellip;]<\/p>\n","protected":false},"author":5,"featured_media":10941,"comment_status":"open","ping_status":"closed","sticky":false,"template":"","format":"standard","meta":{"_bbp_topic_count":0,"_bbp_reply_count":0,"_bbp_total_topic_count":0,"_bbp_total_reply_count":0,"_bbp_voice_count":0,"_bbp_anonymous_reply_count":0,"_bbp_topic_count_hidden":0,"_bbp_reply_count_hidden":0,"_bbp_forum_subforum_count":0,"site-sidebar-layout":"default","site-content-layout":"","ast-site-content-layout":"","site-content-style":"default","site-sidebar-style":"default","ast-global-header-display":"","ast-banner-title-visibility":"","ast-main-header-display":"","ast-hfb-above-header-display":"","ast-hfb-below-header-display":"","ast-hfb-mobile-header-display":"","site-post-title":"","ast-breadcrumbs-content":"","ast-featured-img":"","footer-sml-layout":"","theme-transparent-header-meta":"","adv-header-id-meta":"","stick-header-meta":"","header-above-stick-meta":"","header-main-stick-meta":"","header-below-stick-meta":"","astra-migrate-meta-layouts":"default","ast-page-background-enabled":"default","ast-page-background-meta":{"desktop":{"background-color":"var(--ast-global-color-4)","background-image":"","background-repeat":"repeat","background-position":"center center","background-size":"auto","background-attachment":"scroll","background-type":"","background-media":"","overlay-type":"","overlay-color":"","overlay-opacity":"","overlay-gradient":""},"tablet":{"background-color":"","background-image":"","background-repeat":"repeat","background-position":"center center","background-size":"auto","background-attachment":"scroll","background-type":"","background-media":"","overlay-type":"","overlay-color":"","overlay-opacity":"","overlay-gradient":""},"mobile":{"background-color":"","background-image":"","background-repeat":"repeat","background-position":"center center","background-size":"auto","background-attachment":"scroll","background-type":"","background-media":"","overlay-type":"","overlay-color":"","overlay-opacity":"","overlay-gradient":""}},"ast-content-background-meta":{"desktop":{"background-color":"var(--ast-global-color-5)","background-image":"","background-repeat":"repeat","background-position":"center center","background-size":"auto","background-attachment":"scroll","background-type":"","background-media":"","overlay-type":"","overlay-color":"","overlay-opacity":"","overlay-gradient":""},"tablet":{"background-color":"var(--ast-global-color-5)","background-image":"","background-repeat":"repeat","background-position":"center center","background-size":"auto","background-attachment":"scroll","background-type":"","background-media":"","overlay-type":"","overlay-color":"","overlay-opacity":"","overlay-gradient":""},"mobile":{"background-color":"var(--ast-global-color-5)","background-image":"","background-repeat":"repeat","background-position":"center center","background-size":"auto","background-attachment":"scroll","background-type":"","background-media":"","overlay-type":"","overlay-color":"","overlay-opacity":"","overlay-gradient":""}},"footnotes":""},"categories":[67,1,346,29,353],"tags":[356,363,360],"class_list":["post-10940","post","type-post","status-publish","format-standard","has-post-thumbnail","hentry","category-eap","category-general","category-inclusio","category-portada","category-sei","tag-inclusio","tag-regulacio-conducta","tag-sei-gracia"],"post_mailing_queue_ids":[],"_links":{"self":[{"href":"https:\/\/serveiseducatius.xtec.cat\/gracia\/wp-json\/wp\/v2\/posts\/10940","targetHints":{"allow":["GET"]}}],"collection":[{"href":"https:\/\/serveiseducatius.xtec.cat\/gracia\/wp-json\/wp\/v2\/posts"}],"about":[{"href":"https:\/\/serveiseducatius.xtec.cat\/gracia\/wp-json\/wp\/v2\/types\/post"}],"author":[{"embeddable":true,"href":"https:\/\/serveiseducatius.xtec.cat\/gracia\/wp-json\/wp\/v2\/users\/5"}],"replies":[{"embeddable":true,"href":"https:\/\/serveiseducatius.xtec.cat\/gracia\/wp-json\/wp\/v2\/comments?post=10940"}],"version-history":[{"count":2,"href":"https:\/\/serveiseducatius.xtec.cat\/gracia\/wp-json\/wp\/v2\/posts\/10940\/revisions"}],"predecessor-version":[{"id":10944,"href":"https:\/\/serveiseducatius.xtec.cat\/gracia\/wp-json\/wp\/v2\/posts\/10940\/revisions\/10944"}],"wp:featuredmedia":[{"embeddable":true,"href":"https:\/\/serveiseducatius.xtec.cat\/gracia\/wp-json\/wp\/v2\/media\/10941"}],"wp:attachment":[{"href":"https:\/\/serveiseducatius.xtec.cat\/gracia\/wp-json\/wp\/v2\/media?parent=10940"}],"wp:term":[{"taxonomy":"category","embeddable":true,"href":"https:\/\/serveiseducatius.xtec.cat\/gracia\/wp-json\/wp\/v2\/categories?post=10940"},{"taxonomy":"post_tag","embeddable":true,"href":"https:\/\/serveiseducatius.xtec.cat\/gracia\/wp-json\/wp\/v2\/tags?post=10940"}],"curies":[{"name":"wp","href":"https:\/\/api.w.org\/{rel}","templated":true}]}}