{"id":10422,"date":"2023-11-17T12:43:54","date_gmt":"2023-11-17T11:43:54","guid":{"rendered":"https:\/\/serveiseducatius.xtec.cat\/gracia\/?p=10422"},"modified":"2024-05-13T09:05:50","modified_gmt":"2024-05-13T07:05:50","slug":"mesures-i-suports-universals-en-el-centre-educatiu","status":"publish","type":"post","link":"https:\/\/serveiseducatius.xtec.cat\/gracia\/general\/mesures-i-suports-universals-en-el-centre-educatiu\/","title":{"rendered":"Mesures i suports universals en el centre educatiu"},"content":{"rendered":"<p>El document\u00a0<a href=\"https:\/\/www.edubcn.cat\/comunicats_centres\/20231107_Doc_mesures_suports_universals_centre.pdf\" target=\"_blank\" rel=\"noopener\" data-saferedirecturl=\"https:\/\/www.google.com\/url?q=https:\/\/www.edubcn.cat\/comunicats_centres\/20231107_Doc_mesures_suports_universals_centre.pdf&amp;source=gmail&amp;ust=1699457063983000&amp;usg=AOvVaw0ZbsuUGpt0XPSjMaZl2wTH\">Mesures i suports universals en el centre educatiu<\/a>\u00a0\u00e9s\u00a0una eina pr\u00e0ctica per a la millora de l\u2019atenci\u00f3 educativa a tot l\u2019alumnat en el marc de l\u2019escola inclusiva. Les mesures i els suports universals s\u2019adrecen a tot l\u2019alumnat i poden ser aplicades per tots els professionals del centre, liderades per l\u2019equip directiu i coordinades per l\u2019equip docent, amb la implicaci\u00f3 de tota la comunitat educativa.<\/p>\n<p>Us convidem a la lectura acurada del document, o b\u00e9 a accedir als diferents apartats o b\u00e9 a consultar el quadre-llista de les mesures i suports universals amb els enlla\u00e7os per accedir a la informaci\u00f3.<\/p>\n<p><a href=\"https:\/\/www.edubcn.cat\/comunicats_centres\/20231107_Doc_mesures_suports_universals_centre.pdf\"><img loading=\"lazy\" decoding=\"async\" class=\"alignleft size-medium wp-image-10423\" src=\"https:\/\/serveiseducatius.xtec.cat\/gracia\/wp-content\/uploads\/usu1170\/2023\/11\/mu-300x286.png\" alt=\"\" width=\"300\" height=\"286\" \/><\/a><\/p>\n","protected":false},"excerpt":{"rendered":"<p>El document\u00a0Mesures i suports universals en el centre educatiu\u00a0\u00e9s\u00a0una eina pr\u00e0ctica per a la millora de l\u2019atenci\u00f3 educativa a tot l\u2019alumnat en el marc de l\u2019escola inclusiva. Les mesures i els suports universals s\u2019adrecen a tot l\u2019alumnat i poden ser aplicades per tots els professionals del centre, liderades per l\u2019equip directiu i coordinades per l\u2019equip [&hellip;]<\/p>\n","protected":false},"author":5,"featured_media":10423,"comment_status":"open","ping_status":"closed","sticky":false,"template":"","format":"standard","meta":{"_bbp_topic_count":0,"_bbp_reply_count":0,"_bbp_total_topic_count":0,"_bbp_total_reply_count":0,"_bbp_voice_count":0,"_bbp_anonymous_reply_count":0,"_bbp_topic_count_hidden":0,"_bbp_reply_count_hidden":0,"_bbp_forum_subforum_count":0,"site-sidebar-layout":"default","site-content-layout":"","ast-site-content-layout":"","site-content-style":"default","site-sidebar-style":"default","ast-global-header-display":"","ast-banner-title-visibility":"","ast-main-header-display":"","ast-hfb-above-header-display":"","ast-hfb-below-header-display":"","ast-hfb-mobile-header-display":"","site-post-title":"","ast-breadcrumbs-content":"","ast-featured-img":"","footer-sml-layout":"","theme-transparent-header-meta":"","adv-header-id-meta":"","stick-header-meta":"","header-above-stick-meta":"","header-main-stick-meta":"","header-below-stick-meta":"","astra-migrate-meta-layouts":"default","ast-page-background-enabled":"default","ast-page-background-meta":{"desktop":{"background-color":"var(--ast-global-color-4)","background-image":"","background-repeat":"repeat","background-position":"center center","background-size":"auto","background-attachment":"scroll","background-type":"","background-media":"","overlay-type":"","overlay-color":"","overlay-opacity":"","overlay-gradient":""},"tablet":{"background-color":"","background-image":"","background-repeat":"repeat","background-position":"center center","background-size":"auto","background-attachment":"scroll","background-type":"","background-media":"","overlay-type":"","overlay-color":"","overlay-opacity":"","overlay-gradient":""},"mobile":{"background-color":"","background-image":"","background-repeat":"repeat","background-position":"center center","background-size":"auto","background-attachment":"scroll","background-type":"","background-media":"","overlay-type":"","overlay-color":"","overlay-opacity":"","overlay-gradient":""}},"ast-content-background-meta":{"desktop":{"background-color":"var(--ast-global-color-5)","background-image":"","background-repeat":"repeat","background-position":"center center","background-size":"auto","background-attachment":"scroll","background-type":"","background-media":"","overlay-type":"","overlay-color":"","overlay-opacity":"","overlay-gradient":""},"tablet":{"background-color":"var(--ast-global-color-5)","background-image":"","background-repeat":"repeat","background-position":"center center","background-size":"auto","background-attachment":"scroll","background-type":"","background-media":"","overlay-type":"","overlay-color":"","overlay-opacity":"","overlay-gradient":""},"mobile":{"background-color":"var(--ast-global-color-5)","background-image":"","background-repeat":"repeat","background-position":"center center","background-size":"auto","background-attachment":"scroll","background-type":"","background-media":"","overlay-type":"","overlay-color":"","overlay-opacity":"","overlay-gradient":""}},"footnotes":""},"categories":[65,67,1,346,347,348,29,76],"tags":[],"class_list":["post-10422","post","type-post","status-publish","format-standard","has-post-thumbnail","hentry","category-crp","category-eap","category-general","category-inclusio","category-mesures-i-suports","category-misu","category-portada","category-recursos"],"post_mailing_queue_ids":[],"_links":{"self":[{"href":"https:\/\/serveiseducatius.xtec.cat\/gracia\/wp-json\/wp\/v2\/posts\/10422","targetHints":{"allow":["GET"]}}],"collection":[{"href":"https:\/\/serveiseducatius.xtec.cat\/gracia\/wp-json\/wp\/v2\/posts"}],"about":[{"href":"https:\/\/serveiseducatius.xtec.cat\/gracia\/wp-json\/wp\/v2\/types\/post"}],"author":[{"embeddable":true,"href":"https:\/\/serveiseducatius.xtec.cat\/gracia\/wp-json\/wp\/v2\/users\/5"}],"replies":[{"embeddable":true,"href":"https:\/\/serveiseducatius.xtec.cat\/gracia\/wp-json\/wp\/v2\/comments?post=10422"}],"version-history":[{"count":2,"href":"https:\/\/serveiseducatius.xtec.cat\/gracia\/wp-json\/wp\/v2\/posts\/10422\/revisions"}],"predecessor-version":[{"id":10806,"href":"https:\/\/serveiseducatius.xtec.cat\/gracia\/wp-json\/wp\/v2\/posts\/10422\/revisions\/10806"}],"wp:featuredmedia":[{"embeddable":true,"href":"https:\/\/serveiseducatius.xtec.cat\/gracia\/wp-json\/wp\/v2\/media\/10423"}],"wp:attachment":[{"href":"https:\/\/serveiseducatius.xtec.cat\/gracia\/wp-json\/wp\/v2\/media?parent=10422"}],"wp:term":[{"taxonomy":"category","embeddable":true,"href":"https:\/\/serveiseducatius.xtec.cat\/gracia\/wp-json\/wp\/v2\/categories?post=10422"},{"taxonomy":"post_tag","embeddable":true,"href":"https:\/\/serveiseducatius.xtec.cat\/gracia\/wp-json\/wp\/v2\/tags?post=10422"}],"curies":[{"name":"wp","href":"https:\/\/api.w.org\/{rel}","templated":true}]}}