{"id":8631,"date":"2019-03-26T09:49:34","date_gmt":"2019-03-26T08:49:34","guid":{"rendered":"http:\/\/serveiseducatius.xtec.cat\/girones\/?p=8631"},"modified":"2019-03-26T15:34:06","modified_gmt":"2019-03-26T14:34:06","slug":"25-arguments-per-la-pau","status":"publish","type":"post","link":"https:\/\/serveiseducatius.xtec.cat\/girones\/general\/25-arguments-per-la-pau\/","title":{"rendered":"25 arguments per la pau"},"content":{"rendered":"<p><span style=\"font-family: inherit; font-size: 1em;\"><img loading=\"lazy\" decoding=\"async\" class=\" wp-image-8634 alignleft\" src=\"https:\/\/serveiseducatius.xtec.cat\/girones\/wp-content\/uploads\/usu1154\/2019\/03\/P1010191.jpg\" alt=\"\" width=\"238\" height=\"181\" \/>Exposici\u00f3 de 25 il\u00b7lustracions d&#8217;historietistes, humoristes gr\u00e0fics i il\u00b7lustradors, relacionades cada una amb un argument per a la pau. E cadascuna de les l\u00e0mines hi ha l&#8217;argument i una reflexi\u00f3 que el completa. S&#8217;inclou una petita ressenya biogr\u00e0fica sobre els autors dels dibuixos i la seva opini\u00f3 escrita sobre el tema. Els 25 arguments s\u00f3n els mateixos que figuren en el llibre &#8220;Cap a una cultura de la pau, 25 arguments&#8221;, editat tamb\u00e9 <\/span><span style=\"font-family: inherit; font-size: 1em;\">per &#8220;Fundaci\u00f3 per la pau&#8221;. Permet un treball globalitzat relacionat amb diferents \u00e0rees, pl\u00e0stica, ciutadania, lleng\u00fces, socials&#8230;<\/span><\/p>\n<p><strong>Nivell:<\/strong> Secund\u00e0ria<\/p>\n<p><a href=\"http:\/\/merli.xtec.cat\/merli\/cerca\/directoriInicial.jsp\" target=\"_blank\" rel=\"noopener\">M\u00e9s informaci\u00f3<\/a><\/p>\n","protected":false},"excerpt":{"rendered":"<p>Exposici\u00f3 de 25 il\u00b7lustracions d&#8217;historietistes, humoristes gr\u00e0fics i il\u00b7lustradors, relacionades cada una amb un argument per a la pau. E cadascuna de les l\u00e0mines hi ha l&#8217;argument i una reflexi\u00f3 que el completa. S&#8217;inclou una petita ressenya biogr\u00e0fica sobre els autors dels dibuixos i la seva opini\u00f3 escrita sobre el tema. Els 25 arguments s\u00f3n [&hellip;]<\/p>\n","protected":false},"author":1,"featured_media":8634,"comment_status":"closed","ping_status":"closed","sticky":false,"template":"","format":"standard","meta":{"site-sidebar-layout":"default","site-content-layout":"","ast-site-content-layout":"","site-content-style":"default","site-sidebar-style":"default","ast-global-header-display":"","ast-banner-title-visibility":"","ast-main-header-display":"","ast-hfb-above-header-display":"","ast-hfb-below-header-display":"","ast-hfb-mobile-header-display":"","site-post-title":"","ast-breadcrumbs-content":"","ast-featured-img":"","footer-sml-layout":"","theme-transparent-header-meta":"","adv-header-id-meta":"","stick-header-meta":"","header-above-stick-meta":"","header-main-stick-meta":"","header-below-stick-meta":"","astra-migrate-meta-layouts":"default","ast-page-background-enabled":"default","ast-page-background-meta":{"desktop":{"background-color":"var(--ast-global-color-4)","background-image":"","background-repeat":"repeat","background-position":"center center","background-size":"auto","background-attachment":"scroll","background-type":"","background-media":"","overlay-type":"","overlay-color":"","overlay-opacity":"","overlay-gradient":""},"tablet":{"background-color":"","background-image":"","background-repeat":"repeat","background-position":"center center","background-size":"auto","background-attachment":"scroll","background-type":"","background-media":"","overlay-type":"","overlay-color":"","overlay-opacity":"","overlay-gradient":""},"mobile":{"background-color":"","background-image":"","background-repeat":"repeat","background-position":"center center","background-size":"auto","background-attachment":"scroll","background-type":"","background-media":"","overlay-type":"","overlay-color":"","overlay-opacity":"","overlay-gradient":""}},"ast-content-background-meta":{"desktop":{"background-color":"var(--ast-global-color-5)","background-image":"","background-repeat":"repeat","background-position":"center center","background-size":"auto","background-attachment":"scroll","background-type":"","background-media":"","overlay-type":"","overlay-color":"","overlay-opacity":"","overlay-gradient":""},"tablet":{"background-color":"var(--ast-global-color-5)","background-image":"","background-repeat":"repeat","background-position":"center center","background-size":"auto","background-attachment":"scroll","background-type":"","background-media":"","overlay-type":"","overlay-color":"","overlay-opacity":"","overlay-gradient":""},"mobile":{"background-color":"var(--ast-global-color-5)","background-image":"","background-repeat":"repeat","background-position":"center center","background-size":"auto","background-attachment":"scroll","background-type":"","background-media":"","overlay-type":"","overlay-color":"","overlay-opacity":"","overlay-gradient":""}},"footnotes":""},"categories":[1],"tags":[304],"class_list":["post-8631","post","type-post","status-publish","format-standard","has-post-thumbnail","hentry","category-general","tag-maletespedag"],"post_mailing_queue_ids":[],"_links":{"self":[{"href":"https:\/\/serveiseducatius.xtec.cat\/girones\/wp-json\/wp\/v2\/posts\/8631","targetHints":{"allow":["GET"]}}],"collection":[{"href":"https:\/\/serveiseducatius.xtec.cat\/girones\/wp-json\/wp\/v2\/posts"}],"about":[{"href":"https:\/\/serveiseducatius.xtec.cat\/girones\/wp-json\/wp\/v2\/types\/post"}],"author":[{"embeddable":true,"href":"https:\/\/serveiseducatius.xtec.cat\/girones\/wp-json\/wp\/v2\/users\/1"}],"replies":[{"embeddable":true,"href":"https:\/\/serveiseducatius.xtec.cat\/girones\/wp-json\/wp\/v2\/comments?post=8631"}],"version-history":[{"count":3,"href":"https:\/\/serveiseducatius.xtec.cat\/girones\/wp-json\/wp\/v2\/posts\/8631\/revisions"}],"predecessor-version":[{"id":8659,"href":"https:\/\/serveiseducatius.xtec.cat\/girones\/wp-json\/wp\/v2\/posts\/8631\/revisions\/8659"}],"wp:featuredmedia":[{"embeddable":true,"href":"https:\/\/serveiseducatius.xtec.cat\/girones\/wp-json\/wp\/v2\/media\/8634"}],"wp:attachment":[{"href":"https:\/\/serveiseducatius.xtec.cat\/girones\/wp-json\/wp\/v2\/media?parent=8631"}],"wp:term":[{"taxonomy":"category","embeddable":true,"href":"https:\/\/serveiseducatius.xtec.cat\/girones\/wp-json\/wp\/v2\/categories?post=8631"},{"taxonomy":"post_tag","embeddable":true,"href":"https:\/\/serveiseducatius.xtec.cat\/girones\/wp-json\/wp\/v2\/tags?post=8631"}],"curies":[{"name":"wp","href":"https:\/\/api.w.org\/{rel}","templated":true}]}}