{"id":17628,"date":"2025-04-28T09:27:21","date_gmt":"2025-04-28T07:27:21","guid":{"rendered":"https:\/\/serveiseducatius.xtec.cat\/girones\/?p=17628"},"modified":"2025-05-02T10:45:44","modified_gmt":"2025-05-02T08:45:44","slug":"formacions-estiu-dotacions-del-pla-digital","status":"publish","type":"post","link":"https:\/\/serveiseducatius.xtec.cat\/girones\/not\/formacions-estiu-dotacions-del-pla-digital\/","title":{"rendered":"[Formacions estiu] Dotacions del Pla digital"},"content":{"rendered":"<p><img loading=\"lazy\" decoding=\"async\" class=\"aligncenter\" src=\"https:\/\/serveiseducatius.xtec.cat\/girones\/wp-content\/uploads\/usu1154\/2025\/04\/formacions-estiu-e1743759879154.png\" alt=\"\" width=\"300\" height=\"283\" \/><\/p>\n<p>Durant el mes de juliol, s\u2019ofereixen 4 formacions al professorat relacionades amb les dotacions del Pla d\u2019Educaci\u00f3 Digital de Catalunya. <span id=\"more-17343\"><\/span>S\u00f3n formacions pedag\u00f2giques presencials amb tasques complement\u00e0ries d&#8217;un total de 20 hores.<!--more-->Els continguts del curs estaran disponibles a trav\u00e9s de l\u2019entorn virtual Odissea. A la comarca del Giron\u00e8s s\u2019ofereixen els seg\u00fcents:<\/p>\n<ul>\n<li><strong>Panells digitals.<\/strong>\u00a0Formadora:\u00a0<strong>Carla Peraferrer<\/strong>. Lloc:\u00a0<strong>INS Sta. Eug\u00e8nia<\/strong>. [<a href=\"https:\/\/aplicacions.gestioeducativa.gencat.cat\/ords\/pls\/soloas\/pk_for_mod_ins.p_for_detall_activitat?p_header=Llista%20d%27activitats^pk_for_mod_ins.p_for_cons_activitats?p_crp=505%26p_crp_txt=Vall%25E8s%2520Oriental%2520I.%2520Granollers%26p_any=2024-2025%26p_totes=Sp_header=Selecci%25F3%255Epk_for_mod_ins.p_for_form_cons_act?p_excloure_crp_rec=T%26p_inici=141%26p_excloure_crp_rec=T&amp;p_codi=5053170529&amp;p_curs=2024-2025&amp;p_excloure_crp_rec=T\" target=\"_blank\" rel=\"noopener\">Inscripci\u00f3 <\/a>]<\/li>\n<li><strong>Robots compactes per crear seq\u00fc\u00e8ncies (EI i 1r Cicle).<\/strong>\u00a0Formadora:<strong>\u00a0Sara Guijo.<\/strong>\u00a0Lloc:\u00a0<strong>CRP del Giron\u00e8s.<\/strong>\u00a0[<a href=\"https:\/\/aplicacions.gestioeducativa.gencat.cat\/ords\/pls\/soloas\/pk_for_mod_ins.p_for_detall_activitat?p_header=Llista%20d%27activitats^pk_for_mod_ins.p_for_cons_activitats?p_crp=505%26p_crp_txt=Vall%25E8s%2520Oriental%2520I.%2520Granollers%26p_any=2024-2025%26p_totes=Sp_header=Selecci%25F3%255Epk_for_mod_ins.p_for_form_cons_act?p_excloure_crp_rec=T%26p_inici=141%26p_excloure_crp_rec=T&amp;p_codi=5053190529&amp;p_curs=2024-2025&amp;p_excloure_crp_rec=T\" target=\"_blank\" rel=\"noopener\">Inscripci\u00f3<\/a>]<\/li>\n<li><strong>Robots Kits constructius (LEGO Spike i Essential).<\/strong>\u00a0Formadora:\u00a0<strong>Al\u00edcia P\u00e9rez.<\/strong>\u00a0Lloc:\u00a0<strong>CRP del Giron\u00e8s<\/strong>. [<a href=\"https:\/\/aplicacions.gestioeducativa.gencat.cat\/ords\/pls\/soloas\/pk_for_mod_ins.p_for_detall_activitat?p_header=Llista%20d%27activitats^pk_for_mod_ins.p_for_cons_activitats?p_crp=505%26p_crp_txt=Vall%25E8s%2520Oriental%2520I.%2520Granollers%26p_any=2024-2025%26p_totes=Sp_header=Selecci%25F3%255Epk_for_mod_ins.p_for_form_cons_act?p_excloure_crp_rec=T%26p_inici=141%26p_excloure_crp_rec=T&amp;p_codi=5053210529&amp;p_curs=2024-2025&amp;p_excloure_crp_rec=T\" target=\"_blank\" rel=\"noopener\">Inscripci\u00f3<\/a>]<\/li>\n<li><strong>Plaques programables micro:bit i ED1.<\/strong>\u00a0Formador:\u00a0<strong>Rub\u00e9n Rodr\u00edguez.<\/strong>\u00a0 Lloc:<strong>\u00a0CRP del Giron\u00e8s.<\/strong>\u00a0[<a href=\"https:\/\/aplicacions.gestioeducativa.gencat.cat\/ords\/pls\/soloas\/pk_for_mod_ins.p_for_detall_activitat?p_header=Llista%20d%27activitats^pk_for_mod_ins.p_for_cons_activitats?p_crp=505%26p_crp_txt=Vall%25E8s%2520Oriental%2520I.%2520Granollers%26p_any=2024-2025%26p_totes=Sp_header=Selecci%25F3%255Epk_for_mod_ins.p_for_form_cons_act?p_excloure_crp_rec=T%26p_inici=141%26p_excloure_crp_rec=T&amp;p_codi=5053200529&amp;p_curs=2024-2025&amp;p_excloure_crp_rec=T\" target=\"_blank\" rel=\"noopener\">Inscripci\u00f3<\/a>]<\/li>\n<li style=\"list-style-type: none;\">\u00a0<\/li>\n<\/ul>\n<p><strong>Inscripcions obertes<\/strong> fins al dilluns 16 de juny. Caldr\u00e0 un m\u00ednim de 15 persones inscrites per poder obrir el curs.<\/p>\n<p><!--a=1--><!--a=1--><!--a=1--><!--a=1--><!--a=1--><!--a=1--><!--a=1--><!--a=1--><!--a=1--><!--a=1--><!--a=1--><!--a=1--><!--a=1--><!--a=1--><!--a=1--><!--a=1--><!--a=1--><!--a=1--><!--a=1--><!--a=1--><!--a=1--><!--a=1--><\/p>\n","protected":false},"excerpt":{"rendered":"<p>Durant el mes de juliol, s\u2019ofereixen 4 formacions al professorat relacionades amb les dotacions del Pla d\u2019Educaci\u00f3 Digital de Catalunya. S\u00f3n formacions pedag\u00f2giques presencials amb tasques complement\u00e0ries d&#8217;un total de 20 hores.<\/p>\n","protected":false},"author":1,"featured_media":17631,"comment_status":"closed","ping_status":"closed","sticky":false,"template":"","format":"standard","meta":{"site-sidebar-layout":"default","site-content-layout":"","ast-site-content-layout":"","site-content-style":"default","site-sidebar-style":"default","ast-global-header-display":"","ast-banner-title-visibility":"","ast-main-header-display":"","ast-hfb-above-header-display":"","ast-hfb-below-header-display":"","ast-hfb-mobile-header-display":"","site-post-title":"","ast-breadcrumbs-content":"","ast-featured-img":"","footer-sml-layout":"","theme-transparent-header-meta":"","adv-header-id-meta":"","stick-header-meta":"","header-above-stick-meta":"","header-main-stick-meta":"","header-below-stick-meta":"","astra-migrate-meta-layouts":"default","ast-page-background-enabled":"default","ast-page-background-meta":{"desktop":{"background-color":"var(--ast-global-color-4)","background-image":"","background-repeat":"repeat","background-position":"center center","background-size":"auto","background-attachment":"scroll","background-type":"","background-media":"","overlay-type":"","overlay-color":"","overlay-opacity":"","overlay-gradient":""},"tablet":{"background-color":"","background-image":"","background-repeat":"repeat","background-position":"center center","background-size":"auto","background-attachment":"scroll","background-type":"","background-media":"","overlay-type":"","overlay-color":"","overlay-opacity":"","overlay-gradient":""},"mobile":{"background-color":"","background-image":"","background-repeat":"repeat","background-position":"center center","background-size":"auto","background-attachment":"scroll","background-type":"","background-media":"","overlay-type":"","overlay-color":"","overlay-opacity":"","overlay-gradient":""}},"ast-content-background-meta":{"desktop":{"background-color":"var(--ast-global-color-5)","background-image":"","background-repeat":"repeat","background-position":"center center","background-size":"auto","background-attachment":"scroll","background-type":"","background-media":"","overlay-type":"","overlay-color":"","overlay-opacity":"","overlay-gradient":""},"tablet":{"background-color":"var(--ast-global-color-5)","background-image":"","background-repeat":"repeat","background-position":"center center","background-size":"auto","background-attachment":"scroll","background-type":"","background-media":"","overlay-type":"","overlay-color":"","overlay-opacity":"","overlay-gradient":""},"mobile":{"background-color":"var(--ast-global-color-5)","background-image":"","background-repeat":"repeat","background-position":"center center","background-size":"auto","background-attachment":"scroll","background-type":"","background-media":"","overlay-type":"","overlay-color":"","overlay-opacity":"","overlay-gradient":""}},"footnotes":""},"categories":[292],"tags":[325],"class_list":["post-17628","post","type-post","status-publish","format-standard","has-post-thumbnail","hentry","category-not","tag-noticies"],"post_mailing_queue_ids":[],"_links":{"self":[{"href":"https:\/\/serveiseducatius.xtec.cat\/girones\/wp-json\/wp\/v2\/posts\/17628","targetHints":{"allow":["GET"]}}],"collection":[{"href":"https:\/\/serveiseducatius.xtec.cat\/girones\/wp-json\/wp\/v2\/posts"}],"about":[{"href":"https:\/\/serveiseducatius.xtec.cat\/girones\/wp-json\/wp\/v2\/types\/post"}],"author":[{"embeddable":true,"href":"https:\/\/serveiseducatius.xtec.cat\/girones\/wp-json\/wp\/v2\/users\/1"}],"replies":[{"embeddable":true,"href":"https:\/\/serveiseducatius.xtec.cat\/girones\/wp-json\/wp\/v2\/comments?post=17628"}],"version-history":[{"count":6,"href":"https:\/\/serveiseducatius.xtec.cat\/girones\/wp-json\/wp\/v2\/posts\/17628\/revisions"}],"predecessor-version":[{"id":17755,"href":"https:\/\/serveiseducatius.xtec.cat\/girones\/wp-json\/wp\/v2\/posts\/17628\/revisions\/17755"}],"wp:featuredmedia":[{"embeddable":true,"href":"https:\/\/serveiseducatius.xtec.cat\/girones\/wp-json\/wp\/v2\/media\/17631"}],"wp:attachment":[{"href":"https:\/\/serveiseducatius.xtec.cat\/girones\/wp-json\/wp\/v2\/media?parent=17628"}],"wp:term":[{"taxonomy":"category","embeddable":true,"href":"https:\/\/serveiseducatius.xtec.cat\/girones\/wp-json\/wp\/v2\/categories?post=17628"},{"taxonomy":"post_tag","embeddable":true,"href":"https:\/\/serveiseducatius.xtec.cat\/girones\/wp-json\/wp\/v2\/tags?post=17628"}],"curies":[{"name":"wp","href":"https:\/\/api.w.org\/{rel}","templated":true}]}}