{"id":17567,"date":"2025-02-20T16:11:13","date_gmt":"2025-02-20T15:11:13","guid":{"rendered":"https:\/\/serveiseducatius.xtec.cat\/girones\/?p=17567"},"modified":"2025-02-20T16:12:52","modified_gmt":"2025-02-20T15:12:52","slug":"jornada-de-robotica-a-girona-15-de-marc","status":"publish","type":"post","link":"https:\/\/serveiseducatius.xtec.cat\/girones\/not\/jornada-de-robotica-a-girona-15-de-marc\/","title":{"rendered":"Jornada de rob\u00f2tica a Girona.15 de mar\u00e7"},"content":{"rendered":"<p style=\"text-align: justify;\"><img loading=\"lazy\" decoding=\"async\" class=\"aligncenter\" src=\"https:\/\/serveiseducatius.xtec.cat\/girones\/wp-content\/uploads\/usu1154\/2025\/02\/connectem_robotica-e1740064020485.jpg\" alt=\"\" width=\"300\" height=\"181\" \/><br \/>\nEl pr\u00f2xim 15 de mar\u00e7 de 2025, a l&#8217;Escola de Domeny (Girona) tindr\u00e0 lloc la 1a jornada \u201cConnectem amb la rob\u00f2tica educativa\u201d de les comarques gironines. Aquesta trobada se centrar\u00e0 en el desplegament de les dotacions de plaques i robots que el Departament d\u2019Educaci\u00f3 i Formaci\u00f3 Professional ha distribu\u00eft als centres d\u2019educaci\u00f3 infantil, prim\u00e0ria i secund\u00e0ria obligat\u00f2ria.<!--more--><strong>Programa de la jornada:<br \/>\n<\/strong><br \/>\n8:30 &#8211; Recepci\u00f3 i acreditaci\u00f3<br \/>\n9:00 &#8211; Xerrada inaugural \u201cNo nom\u00e9s de robots viu el pensament computacional\u201d, amb Ra\u00fcl Fern\u00e1ndez i Arnau S\u00e1nchez<br \/>\n10:00 &#8211; Primera franja de tallers (a escollir segons nivell educatiu i dificultat)<br \/>\n11:30 &#8211; Pausa\/esmorzar a disposici\u00f3 dels assistents<br \/>\n12:00 &#8211; Segona franja de tallers (a escollir segons nivell educatiu i dificultat)<br \/>\n13:30 &#8211; Cloenda<\/p>\n<p>Podeu consultar el detall dels tallers, que seran totalment pr\u00e0ctics i impartits per docents i mentors del nostre territori, al web de la jornada.<\/p>\n<p>L&#8217;activitat \u00e9s certificable.<\/p>\n<p><a href=\"https:\/\/projectes.xtec.cat\/pensament-computacional\/formacio-robotica\/jornades\/jornada-connectem-robotica-educativa-girona\/\" target=\"_blank\" rel=\"noopener\">M\u00e9s informaci\u00f3\u00bb<\/a><\/p>\n<p>&nbsp;<\/p>\n<p><!--a=1--><!--a=1--><!--a=1--><!--a=1--><!--a=1--><!--a=1--><\/p>\n","protected":false},"excerpt":{"rendered":"<p>El pr\u00f2xim 15 de mar\u00e7 de 2025, a l&#8217;Escola de Domeny (Girona) tindr\u00e0 lloc la 1a jornada \u201cConnectem amb la rob\u00f2tica educativa\u201d de les comarques gironines. Aquesta trobada se centrar\u00e0 en el desplegament de les dotacions de plaques i robots que el Departament d\u2019Educaci\u00f3 i Formaci\u00f3 Professional ha distribu\u00eft als centres d\u2019educaci\u00f3 infantil, prim\u00e0ria i [&hellip;]<\/p>\n","protected":false},"author":1,"featured_media":17569,"comment_status":"open","ping_status":"closed","sticky":false,"template":"","format":"standard","meta":{"site-sidebar-layout":"default","site-content-layout":"","ast-site-content-layout":"","site-content-style":"default","site-sidebar-style":"default","ast-global-header-display":"","ast-banner-title-visibility":"","ast-main-header-display":"","ast-hfb-above-header-display":"","ast-hfb-below-header-display":"","ast-hfb-mobile-header-display":"","site-post-title":"","ast-breadcrumbs-content":"","ast-featured-img":"","footer-sml-layout":"","theme-transparent-header-meta":"","adv-header-id-meta":"","stick-header-meta":"","header-above-stick-meta":"","header-main-stick-meta":"","header-below-stick-meta":"","astra-migrate-meta-layouts":"default","ast-page-background-enabled":"default","ast-page-background-meta":{"desktop":{"background-color":"var(--ast-global-color-4)","background-image":"","background-repeat":"repeat","background-position":"center center","background-size":"auto","background-attachment":"scroll","background-type":"","background-media":"","overlay-type":"","overlay-color":"","overlay-opacity":"","overlay-gradient":""},"tablet":{"background-color":"","background-image":"","background-repeat":"repeat","background-position":"center center","background-size":"auto","background-attachment":"scroll","background-type":"","background-media":"","overlay-type":"","overlay-color":"","overlay-opacity":"","overlay-gradient":""},"mobile":{"background-color":"","background-image":"","background-repeat":"repeat","background-position":"center center","background-size":"auto","background-attachment":"scroll","background-type":"","background-media":"","overlay-type":"","overlay-color":"","overlay-opacity":"","overlay-gradient":""}},"ast-content-background-meta":{"desktop":{"background-color":"var(--ast-global-color-5)","background-image":"","background-repeat":"repeat","background-position":"center center","background-size":"auto","background-attachment":"scroll","background-type":"","background-media":"","overlay-type":"","overlay-color":"","overlay-opacity":"","overlay-gradient":""},"tablet":{"background-color":"var(--ast-global-color-5)","background-image":"","background-repeat":"repeat","background-position":"center center","background-size":"auto","background-attachment":"scroll","background-type":"","background-media":"","overlay-type":"","overlay-color":"","overlay-opacity":"","overlay-gradient":""},"mobile":{"background-color":"var(--ast-global-color-5)","background-image":"","background-repeat":"repeat","background-position":"center center","background-size":"auto","background-attachment":"scroll","background-type":"","background-media":"","overlay-type":"","overlay-color":"","overlay-opacity":"","overlay-gradient":""}},"footnotes":""},"categories":[292],"tags":[325],"class_list":["post-17567","post","type-post","status-publish","format-standard","has-post-thumbnail","hentry","category-not","tag-noticies"],"post_mailing_queue_ids":[],"_links":{"self":[{"href":"https:\/\/serveiseducatius.xtec.cat\/girones\/wp-json\/wp\/v2\/posts\/17567","targetHints":{"allow":["GET"]}}],"collection":[{"href":"https:\/\/serveiseducatius.xtec.cat\/girones\/wp-json\/wp\/v2\/posts"}],"about":[{"href":"https:\/\/serveiseducatius.xtec.cat\/girones\/wp-json\/wp\/v2\/types\/post"}],"author":[{"embeddable":true,"href":"https:\/\/serveiseducatius.xtec.cat\/girones\/wp-json\/wp\/v2\/users\/1"}],"replies":[{"embeddable":true,"href":"https:\/\/serveiseducatius.xtec.cat\/girones\/wp-json\/wp\/v2\/comments?post=17567"}],"version-history":[{"count":4,"href":"https:\/\/serveiseducatius.xtec.cat\/girones\/wp-json\/wp\/v2\/posts\/17567\/revisions"}],"predecessor-version":[{"id":17573,"href":"https:\/\/serveiseducatius.xtec.cat\/girones\/wp-json\/wp\/v2\/posts\/17567\/revisions\/17573"}],"wp:featuredmedia":[{"embeddable":true,"href":"https:\/\/serveiseducatius.xtec.cat\/girones\/wp-json\/wp\/v2\/media\/17569"}],"wp:attachment":[{"href":"https:\/\/serveiseducatius.xtec.cat\/girones\/wp-json\/wp\/v2\/media?parent=17567"}],"wp:term":[{"taxonomy":"category","embeddable":true,"href":"https:\/\/serveiseducatius.xtec.cat\/girones\/wp-json\/wp\/v2\/categories?post=17567"},{"taxonomy":"post_tag","embeddable":true,"href":"https:\/\/serveiseducatius.xtec.cat\/girones\/wp-json\/wp\/v2\/tags?post=17567"}],"curies":[{"name":"wp","href":"https:\/\/api.w.org\/{rel}","templated":true}]}}