{"id":16709,"date":"2024-02-21T09:58:30","date_gmt":"2024-02-21T08:58:30","guid":{"rendered":"https:\/\/serveiseducatius.xtec.cat\/girones\/?p=16709"},"modified":"2024-02-21T12:55:44","modified_gmt":"2024-02-21T11:55:44","slug":"presentacio-un-rastre-que-parla-de-llagostera","status":"publish","type":"post","link":"https:\/\/serveiseducatius.xtec.cat\/girones\/not\/presentacio-un-rastre-que-parla-de-llagostera\/","title":{"rendered":"Presentaci\u00f3 del projecte. 8 d&#8217;abril"},"content":{"rendered":"<p><img loading=\"lazy\" decoding=\"async\" class=\"aligncenter\" src=\"https:\/\/serveiseducatius.xtec.cat\/girones\/wp-content\/uploads\/usu1154\/2023\/12\/entorn-e1702468225989.png\" alt=\"\" width=\"300\" height=\"220\" \/><\/p>\n<p style=\"text-align: justify;\">Us compartim un projecte destacat de l&#8217;escola Lacust\u00e0ria de Llagostera. S&#8217;anomena &#8220;Un rastre que parla de Llagostera&#8221; que s&#8217;ha realitzat a cicle mitj\u00e0 de Prim\u00e0ria. \u00c9s un projecte destacat i d&#8217;abast comunitari amb la participaci\u00f3 de les fam\u00edlies i on l&#8217;entorn natural proper \u00e9s l&#8217;eix principal.\u00a0<\/p>\n<p style=\"text-align: justify;\"><a href=\"https:\/\/drive.google.com\/file\/d\/1nQJqFqVodIC4gy-UhUxn8nKBjbRIn1yp\/view\" target=\"_blank\" rel=\"noopener\">Acc\u00e9s al v\u00eddeo explicatiu del projecte\u00bb<\/a><!--more--><\/p>\n<p style=\"text-align: justify;\">Per tal de donar resposta a l&#8217;inter\u00e8s del professorat per con\u00e8ixer el projecte, us volem convidar a la presentaci\u00f3 presencial prevista al Servei Educatiu del Giron\u00e8s pel dilluns <strong>8 d&#8217;abril de 2024 de 17.30 a 18.30h.<\/strong><\/p>\n<p style=\"text-align: justify;\">Per tal de poder planificar la sessi\u00f3, cal inscripci\u00f3 pr\u00e8via a trav\u00e9s d&#8217;aquest [<span style=\"background-color: #ffff00;\"><a style=\"background-color: #ffff00;\" href=\"https:\/\/docs.google.com\/forms\/d\/e\/1FAIpQLSfqtj5h6Y1mkWief3jYdaL9Jy0zgPXD_XR8uz0aIcf3BFFbeA\/viewform\" target=\"_blank\" rel=\"noopener\">formulari<\/a><\/span>] <strong>termini: 20 de mar\u00e7.<\/strong> Es tracta d&#8217;una activitat sense certificaci\u00f3.<\/p>\n","protected":false},"excerpt":{"rendered":"<p>Us compartim un projecte destacat de l&#8217;escola Lacust\u00e0ria de Llagostera. S&#8217;anomena &#8220;Un rastre que parla de Llagostera&#8221; que s&#8217;ha realitzat a cicle mitj\u00e0 de Prim\u00e0ria. \u00c9s un projecte destacat i d&#8217;abast comunitari amb la participaci\u00f3 de les fam\u00edlies i on l&#8217;entorn natural proper \u00e9s l&#8217;eix principal.\u00a0 Acc\u00e9s al v\u00eddeo explicatiu del projecte\u00bb<\/p>\n","protected":false},"author":1,"featured_media":16711,"comment_status":"closed","ping_status":"closed","sticky":false,"template":"","format":"standard","meta":{"site-sidebar-layout":"default","site-content-layout":"","ast-site-content-layout":"","site-content-style":"default","site-sidebar-style":"default","ast-global-header-display":"","ast-banner-title-visibility":"","ast-main-header-display":"","ast-hfb-above-header-display":"","ast-hfb-below-header-display":"","ast-hfb-mobile-header-display":"","site-post-title":"","ast-breadcrumbs-content":"","ast-featured-img":"","footer-sml-layout":"","theme-transparent-header-meta":"","adv-header-id-meta":"","stick-header-meta":"","header-above-stick-meta":"","header-main-stick-meta":"","header-below-stick-meta":"","astra-migrate-meta-layouts":"default","ast-page-background-enabled":"default","ast-page-background-meta":{"desktop":{"background-color":"var(--ast-global-color-4)","background-image":"","background-repeat":"repeat","background-position":"center center","background-size":"auto","background-attachment":"scroll","background-type":"","background-media":"","overlay-type":"","overlay-color":"","overlay-opacity":"","overlay-gradient":""},"tablet":{"background-color":"","background-image":"","background-repeat":"repeat","background-position":"center center","background-size":"auto","background-attachment":"scroll","background-type":"","background-media":"","overlay-type":"","overlay-color":"","overlay-opacity":"","overlay-gradient":""},"mobile":{"background-color":"","background-image":"","background-repeat":"repeat","background-position":"center center","background-size":"auto","background-attachment":"scroll","background-type":"","background-media":"","overlay-type":"","overlay-color":"","overlay-opacity":"","overlay-gradient":""}},"ast-content-background-meta":{"desktop":{"background-color":"var(--ast-global-color-5)","background-image":"","background-repeat":"repeat","background-position":"center center","background-size":"auto","background-attachment":"scroll","background-type":"","background-media":"","overlay-type":"","overlay-color":"","overlay-opacity":"","overlay-gradient":""},"tablet":{"background-color":"var(--ast-global-color-5)","background-image":"","background-repeat":"repeat","background-position":"center center","background-size":"auto","background-attachment":"scroll","background-type":"","background-media":"","overlay-type":"","overlay-color":"","overlay-opacity":"","overlay-gradient":""},"mobile":{"background-color":"var(--ast-global-color-5)","background-image":"","background-repeat":"repeat","background-position":"center center","background-size":"auto","background-attachment":"scroll","background-type":"","background-media":"","overlay-type":"","overlay-color":"","overlay-opacity":"","overlay-gradient":""}},"footnotes":""},"categories":[292],"tags":[325],"class_list":["post-16709","post","type-post","status-publish","format-standard","has-post-thumbnail","hentry","category-not","tag-noticies"],"post_mailing_queue_ids":[],"_links":{"self":[{"href":"https:\/\/serveiseducatius.xtec.cat\/girones\/wp-json\/wp\/v2\/posts\/16709","targetHints":{"allow":["GET"]}}],"collection":[{"href":"https:\/\/serveiseducatius.xtec.cat\/girones\/wp-json\/wp\/v2\/posts"}],"about":[{"href":"https:\/\/serveiseducatius.xtec.cat\/girones\/wp-json\/wp\/v2\/types\/post"}],"author":[{"embeddable":true,"href":"https:\/\/serveiseducatius.xtec.cat\/girones\/wp-json\/wp\/v2\/users\/1"}],"replies":[{"embeddable":true,"href":"https:\/\/serveiseducatius.xtec.cat\/girones\/wp-json\/wp\/v2\/comments?post=16709"}],"version-history":[{"count":6,"href":"https:\/\/serveiseducatius.xtec.cat\/girones\/wp-json\/wp\/v2\/posts\/16709\/revisions"}],"predecessor-version":[{"id":16898,"href":"https:\/\/serveiseducatius.xtec.cat\/girones\/wp-json\/wp\/v2\/posts\/16709\/revisions\/16898"}],"wp:featuredmedia":[{"embeddable":true,"href":"https:\/\/serveiseducatius.xtec.cat\/girones\/wp-json\/wp\/v2\/media\/16711"}],"wp:attachment":[{"href":"https:\/\/serveiseducatius.xtec.cat\/girones\/wp-json\/wp\/v2\/media?parent=16709"}],"wp:term":[{"taxonomy":"category","embeddable":true,"href":"https:\/\/serveiseducatius.xtec.cat\/girones\/wp-json\/wp\/v2\/categories?post=16709"},{"taxonomy":"post_tag","embeddable":true,"href":"https:\/\/serveiseducatius.xtec.cat\/girones\/wp-json\/wp\/v2\/tags?post=16709"}],"curies":[{"name":"wp","href":"https:\/\/api.w.org\/{rel}","templated":true}]}}