{"id":16559,"date":"2023-10-20T12:09:05","date_gmt":"2023-10-20T10:09:05","guid":{"rendered":"https:\/\/serveiseducatius.xtec.cat\/girones\/?p=16559"},"modified":"2023-10-24T07:16:23","modified_gmt":"2023-10-24T05:16:23","slug":"job-shadowing-a-coimbra","status":"publish","type":"post","link":"https:\/\/serveiseducatius.xtec.cat\/girones\/not\/job-shadowing-a-coimbra\/","title":{"rendered":"Job Shadowing a Coimbra"},"content":{"rendered":"<p style=\"text-align: justify;\"><span style=\"font-family: inherit; font-size: 1em;\"><img loading=\"lazy\" decoding=\"async\" class=\"alignleft\" src=\"https:\/\/serveiseducatius.xtec.cat\/girones\/wp-content\/uploads\/usu1154\/2023\/10\/WhatsApp-Image-2023-10-20-at-09.22.47.jpeg\" alt=\"\" width=\"246\" height=\"184\" \/> Aquesta setmana, 3 companys del CRP del Giron\u00e8s han realitzat un per\u00edode d&#8217;observaci\u00f3 a Coi<\/span><span style=\"font-family: inherit; font-size: 1em;\">mbra de la m\u00e0 del <\/span><span style=\"font-family: inherit; font-size: 1em;\">CFAE Minerva. <\/span><span style=\"font-family: inherit; font-size: 1em;\">A m\u00e9s de visitar aquest centre de formaci\u00f3 de professors, han assistit a diferents d&#8217;escoles de prim\u00e0ria i secun<\/span><span style=\"font-family: inherit; font-size: 1em;\">d\u00e0ria per observar directament el treball que es re<\/span><span style=\"font-family: inherit; font-size: 1em; text-align: justify;\">alitza a l&#8217;aul<\/span><span style=\"font-family: inherit; font-size: 1em;\">a, focalitzant <\/span><span style=\"font-family: inherit; font-size: 1em;\">espec<\/span><span style=\"font-family: inherit; font-size: 1em;\">ial<\/span><span style=\"font-family: inherit; font-size: 1em;\">ment en el tema d&#8217;inclusi\u00f3 i digitalitzaci\u00f3. <\/span><span style=\"font-family: inherit; font-size: 1em;\">Tamb\u00e9 han visitat l&#8217;Escola Superior d&#8217;Educaci\u00f3 de la Universitat <\/span><span style=\"font-family: inherit; font-size: 1em;\">de Coimbra per con\u00e8ixer de m\u00e9s a prop la formaci\u00f3 inicial del professorat.<\/span><\/p>\n<p><a href=\"https:\/\/ja.cat\/erasmus_coimbra\" target=\"_blank\" rel=\"noopener\">Presentaci\u00f3\u00bb<\/a><\/p>\n<p>&nbsp;<\/p>\n<p style=\"text-align: justify;\">\u00a0<\/p>\n<p><span style=\"font-family: inherit; font-size: 1em;\"><span style=\"font-family: inherit; font-size: 1em;\">.<\/span><\/span><\/p>\n","protected":false},"excerpt":{"rendered":"<p>Aquesta setmana, 3 companys del CRP del Giron\u00e8s han realitzat un per\u00edode d&#8217;observaci\u00f3 a Coimbra de la m\u00e0 del CFAE Minerva. A m\u00e9s de visitar aquest centre de formaci\u00f3 de professors, han assistit a diferents d&#8217;escoles de prim\u00e0ria i secund\u00e0ria per observar directament el treball que es realitza a l&#8217;aula, focalitzant especialment en el tema [&hellip;]<\/p>\n","protected":false},"author":1,"featured_media":16567,"comment_status":"closed","ping_status":"closed","sticky":false,"template":"","format":"standard","meta":{"site-sidebar-layout":"default","site-content-layout":"","ast-site-content-layout":"","site-content-style":"default","site-sidebar-style":"default","ast-global-header-display":"","ast-banner-title-visibility":"","ast-main-header-display":"","ast-hfb-above-header-display":"","ast-hfb-below-header-display":"","ast-hfb-mobile-header-display":"","site-post-title":"","ast-breadcrumbs-content":"","ast-featured-img":"","footer-sml-layout":"","theme-transparent-header-meta":"","adv-header-id-meta":"","stick-header-meta":"","header-above-stick-meta":"","header-main-stick-meta":"","header-below-stick-meta":"","astra-migrate-meta-layouts":"default","ast-page-background-enabled":"default","ast-page-background-meta":{"desktop":{"background-color":"var(--ast-global-color-4)","background-image":"","background-repeat":"repeat","background-position":"center center","background-size":"auto","background-attachment":"scroll","background-type":"","background-media":"","overlay-type":"","overlay-color":"","overlay-opacity":"","overlay-gradient":""},"tablet":{"background-color":"","background-image":"","background-repeat":"repeat","background-position":"center center","background-size":"auto","background-attachment":"scroll","background-type":"","background-media":"","overlay-type":"","overlay-color":"","overlay-opacity":"","overlay-gradient":""},"mobile":{"background-color":"","background-image":"","background-repeat":"repeat","background-position":"center center","background-size":"auto","background-attachment":"scroll","background-type":"","background-media":"","overlay-type":"","overlay-color":"","overlay-opacity":"","overlay-gradient":""}},"ast-content-background-meta":{"desktop":{"background-color":"var(--ast-global-color-5)","background-image":"","background-repeat":"repeat","background-position":"center center","background-size":"auto","background-attachment":"scroll","background-type":"","background-media":"","overlay-type":"","overlay-color":"","overlay-opacity":"","overlay-gradient":""},"tablet":{"background-color":"var(--ast-global-color-5)","background-image":"","background-repeat":"repeat","background-position":"center center","background-size":"auto","background-attachment":"scroll","background-type":"","background-media":"","overlay-type":"","overlay-color":"","overlay-opacity":"","overlay-gradient":""},"mobile":{"background-color":"var(--ast-global-color-5)","background-image":"","background-repeat":"repeat","background-position":"center center","background-size":"auto","background-attachment":"scroll","background-type":"","background-media":"","overlay-type":"","overlay-color":"","overlay-opacity":"","overlay-gradient":""}},"footnotes":""},"categories":[292],"tags":[325],"class_list":["post-16559","post","type-post","status-publish","format-standard","has-post-thumbnail","hentry","category-not","tag-noticies"],"post_mailing_queue_ids":[],"_links":{"self":[{"href":"https:\/\/serveiseducatius.xtec.cat\/girones\/wp-json\/wp\/v2\/posts\/16559","targetHints":{"allow":["GET"]}}],"collection":[{"href":"https:\/\/serveiseducatius.xtec.cat\/girones\/wp-json\/wp\/v2\/posts"}],"about":[{"href":"https:\/\/serveiseducatius.xtec.cat\/girones\/wp-json\/wp\/v2\/types\/post"}],"author":[{"embeddable":true,"href":"https:\/\/serveiseducatius.xtec.cat\/girones\/wp-json\/wp\/v2\/users\/1"}],"replies":[{"embeddable":true,"href":"https:\/\/serveiseducatius.xtec.cat\/girones\/wp-json\/wp\/v2\/comments?post=16559"}],"version-history":[{"count":7,"href":"https:\/\/serveiseducatius.xtec.cat\/girones\/wp-json\/wp\/v2\/posts\/16559\/revisions"}],"predecessor-version":[{"id":16593,"href":"https:\/\/serveiseducatius.xtec.cat\/girones\/wp-json\/wp\/v2\/posts\/16559\/revisions\/16593"}],"wp:featuredmedia":[{"embeddable":true,"href":"https:\/\/serveiseducatius.xtec.cat\/girones\/wp-json\/wp\/v2\/media\/16567"}],"wp:attachment":[{"href":"https:\/\/serveiseducatius.xtec.cat\/girones\/wp-json\/wp\/v2\/media?parent=16559"}],"wp:term":[{"taxonomy":"category","embeddable":true,"href":"https:\/\/serveiseducatius.xtec.cat\/girones\/wp-json\/wp\/v2\/categories?post=16559"},{"taxonomy":"post_tag","embeddable":true,"href":"https:\/\/serveiseducatius.xtec.cat\/girones\/wp-json\/wp\/v2\/tags?post=16559"}],"curies":[{"name":"wp","href":"https:\/\/api.w.org\/{rel}","templated":true}]}}