{"id":16540,"date":"2023-10-09T14:00:14","date_gmt":"2023-10-09T12:00:14","guid":{"rendered":"https:\/\/serveiseducatius.xtec.cat\/girones\/?p=16540"},"modified":"2023-10-09T14:02:07","modified_gmt":"2023-10-09T12:02:07","slug":"alegria-es-festa-major","status":"publish","type":"post","link":"https:\/\/serveiseducatius.xtec.cat\/girones\/not\/alegria-es-festa-major\/","title":{"rendered":"Alegria, \u00e9s festa major!"},"content":{"rendered":"<p><a href=\"https:\/\/drive.google.com\/file\/d\/16cqF9vlU5zrxbeeHi3ENmSqiocz-i5Wi\/view\" target=\"_blank\" rel=\"noopener\"><img loading=\"lazy\" decoding=\"async\" class=\"aligncenter\" src=\"https:\/\/serveiseducatius.xtec.cat\/girones\/wp-content\/uploads\/usu1154\/2023\/10\/alegria-es-festa-major.png\" width=\"265\" height=\"185\" \/><\/a><\/p>\n<p class=\"zfr3Q CDt4Ke \" dir=\"ltr\" style=\"text-align: justify;\"><span class=\"C9DxTc \">Un presentem una <a href=\"https:\/\/sites.google.com\/xtec.cat\/alegriaesfestamajor\/inici?authuser=0\" target=\"_blank\" rel=\"noopener\">proposta did\u00e0ctica<\/a> que pret\u00e9n ser una eina pedag\u00f2gica per a treballar la imatgeria<\/span><span class=\"C9DxTc \">\u00a0festiva<\/span><span class=\"C9DxTc \">\u00a0<\/span><span class=\"C9DxTc \">de la Festa Major de Giron<\/span><span class=\"C9DxTc \">a &#8211; Fires de Sant Narc\u00eds<\/span><span class=\"C9DxTc \">.\u00a0<\/span><\/p>\n<p class=\"zfr3Q CDt4Ke \" dir=\"ltr\" style=\"text-align: justify;\"><span class=\"C9DxTc \">Est\u00e0 concebuda com un recurs que permeti als mestres, professors i educadors en general,\u00a0 descobrir el vessant educatiu i pluridisciplinar d<\/span><span class=\"C9DxTc \">&#8216;una part del<\/span><span class=\"C9DxTc \">\u00a0patrimoni cultural<\/span><span class=\"C9DxTc \">\u00a0i festiu\u00a0<\/span><span class=\"C9DxTc \">de la ciutat de Girona<\/span><span class=\"C9DxTc \">, amb un seguit\u00a0<\/span><span class=\"C9DxTc \">d\u2019orientacions i activitats pensades per a treballar l\u2019observaci\u00f3, la identificaci\u00f3, la comparaci\u00f3,\u00a0<\/span><span class=\"C9DxTc \">la reflexi\u00f3<\/span><span class=\"C9DxTc \">\u00a0<\/span><span class=\"C9DxTc \">i el gaudi dels elements festius que present<\/span><span class=\"C9DxTc \">a.<\/span><span class=\"C9DxTc \">\u00a0<\/span><\/p>\n<p><a href=\"https:\/\/sites.google.com\/xtec.cat\/alegriaesfestamajor\/inici?authuser=0\" target=\"_blank\" rel=\"noopener\">Tota la informaci\u00f3<\/a><\/p>\n","protected":false},"excerpt":{"rendered":"<p>Un presentem una proposta did\u00e0ctica que pret\u00e9n ser una eina pedag\u00f2gica per a treballar la imatgeria\u00a0festiva\u00a0de la Festa Major de Girona &#8211; Fires de Sant Narc\u00eds.\u00a0 Est\u00e0 concebuda com un recurs que permeti als mestres, professors i educadors en general,\u00a0 descobrir el vessant educatiu i pluridisciplinar d&#8216;una part del\u00a0patrimoni cultural\u00a0i festiu\u00a0de la ciutat de Girona, [&hellip;]<\/p>\n","protected":false},"author":1,"featured_media":16542,"comment_status":"closed","ping_status":"closed","sticky":false,"template":"","format":"standard","meta":{"site-sidebar-layout":"default","site-content-layout":"","ast-site-content-layout":"","site-content-style":"default","site-sidebar-style":"default","ast-global-header-display":"","ast-banner-title-visibility":"","ast-main-header-display":"","ast-hfb-above-header-display":"","ast-hfb-below-header-display":"","ast-hfb-mobile-header-display":"","site-post-title":"","ast-breadcrumbs-content":"","ast-featured-img":"","footer-sml-layout":"","theme-transparent-header-meta":"","adv-header-id-meta":"","stick-header-meta":"","header-above-stick-meta":"","header-main-stick-meta":"","header-below-stick-meta":"","astra-migrate-meta-layouts":"default","ast-page-background-enabled":"default","ast-page-background-meta":{"desktop":{"background-color":"var(--ast-global-color-4)","background-image":"","background-repeat":"repeat","background-position":"center center","background-size":"auto","background-attachment":"scroll","background-type":"","background-media":"","overlay-type":"","overlay-color":"","overlay-opacity":"","overlay-gradient":""},"tablet":{"background-color":"","background-image":"","background-repeat":"repeat","background-position":"center center","background-size":"auto","background-attachment":"scroll","background-type":"","background-media":"","overlay-type":"","overlay-color":"","overlay-opacity":"","overlay-gradient":""},"mobile":{"background-color":"","background-image":"","background-repeat":"repeat","background-position":"center center","background-size":"auto","background-attachment":"scroll","background-type":"","background-media":"","overlay-type":"","overlay-color":"","overlay-opacity":"","overlay-gradient":""}},"ast-content-background-meta":{"desktop":{"background-color":"var(--ast-global-color-5)","background-image":"","background-repeat":"repeat","background-position":"center center","background-size":"auto","background-attachment":"scroll","background-type":"","background-media":"","overlay-type":"","overlay-color":"","overlay-opacity":"","overlay-gradient":""},"tablet":{"background-color":"var(--ast-global-color-5)","background-image":"","background-repeat":"repeat","background-position":"center center","background-size":"auto","background-attachment":"scroll","background-type":"","background-media":"","overlay-type":"","overlay-color":"","overlay-opacity":"","overlay-gradient":""},"mobile":{"background-color":"var(--ast-global-color-5)","background-image":"","background-repeat":"repeat","background-position":"center center","background-size":"auto","background-attachment":"scroll","background-type":"","background-media":"","overlay-type":"","overlay-color":"","overlay-opacity":"","overlay-gradient":""}},"footnotes":""},"categories":[292],"tags":[325],"class_list":["post-16540","post","type-post","status-publish","format-standard","has-post-thumbnail","hentry","category-not","tag-noticies"],"post_mailing_queue_ids":[],"_links":{"self":[{"href":"https:\/\/serveiseducatius.xtec.cat\/girones\/wp-json\/wp\/v2\/posts\/16540","targetHints":{"allow":["GET"]}}],"collection":[{"href":"https:\/\/serveiseducatius.xtec.cat\/girones\/wp-json\/wp\/v2\/posts"}],"about":[{"href":"https:\/\/serveiseducatius.xtec.cat\/girones\/wp-json\/wp\/v2\/types\/post"}],"author":[{"embeddable":true,"href":"https:\/\/serveiseducatius.xtec.cat\/girones\/wp-json\/wp\/v2\/users\/1"}],"replies":[{"embeddable":true,"href":"https:\/\/serveiseducatius.xtec.cat\/girones\/wp-json\/wp\/v2\/comments?post=16540"}],"version-history":[{"count":5,"href":"https:\/\/serveiseducatius.xtec.cat\/girones\/wp-json\/wp\/v2\/posts\/16540\/revisions"}],"predecessor-version":[{"id":16546,"href":"https:\/\/serveiseducatius.xtec.cat\/girones\/wp-json\/wp\/v2\/posts\/16540\/revisions\/16546"}],"wp:featuredmedia":[{"embeddable":true,"href":"https:\/\/serveiseducatius.xtec.cat\/girones\/wp-json\/wp\/v2\/media\/16542"}],"wp:attachment":[{"href":"https:\/\/serveiseducatius.xtec.cat\/girones\/wp-json\/wp\/v2\/media?parent=16540"}],"wp:term":[{"taxonomy":"category","embeddable":true,"href":"https:\/\/serveiseducatius.xtec.cat\/girones\/wp-json\/wp\/v2\/categories?post=16540"},{"taxonomy":"post_tag","embeddable":true,"href":"https:\/\/serveiseducatius.xtec.cat\/girones\/wp-json\/wp\/v2\/tags?post=16540"}],"curies":[{"name":"wp","href":"https:\/\/api.w.org\/{rel}","templated":true}]}}