{"id":16526,"date":"2023-10-04T13:40:29","date_gmt":"2023-10-04T11:40:29","guid":{"rendered":"https:\/\/serveiseducatius.xtec.cat\/girones\/?p=16526"},"modified":"2023-10-04T13:41:03","modified_gmt":"2023-10-04T11:41:03","slug":"una-biblioteca-amb-molta-vida","status":"publish","type":"post","link":"https:\/\/serveiseducatius.xtec.cat\/girones\/not\/una-biblioteca-amb-molta-vida\/","title":{"rendered":"Una biblioteca amb molta vida!"},"content":{"rendered":"<p><img loading=\"lazy\" decoding=\"async\" class=\"aligncenter\" src=\"https:\/\/serveiseducatius.xtec.cat\/girones\/wp-content\/uploads\/usu1154\/2023\/10\/biblioteca-humana.png\" alt=\"\" width=\"214\" height=\"174\" \/><\/p>\n<p style=\"text-align: justify;\">En el marc de la campanya <a href=\"https:\/\/www.solidaries.org\/actualitat\/noticies\/una-biblioteca-amb-molta-vida!\" target=\"_blank\" rel=\"noopener\">Tira pel Dret!<\/a>, la Coordinadora d&#8217;ONG Solid\u00e0ries i la biblioteca p\u00fablica Carles Rahola de Girona han organitzat pel proper <strong>dijous 5 d&#8217;octubre a les 18h<\/strong>, una Biblioteca Humana . No s&#8217;hi val jutjar el llibre per la portada, sin\u00f3 que cal parar l&#8217;orella, prestar atenci\u00f3 i estar oberts a trencar estereotips.<\/p>\n<p style=\"text-align: justify;\"><!--more--><\/p>\n<p style=\"text-align: justify;\">7 hist\u00f2ries potents sobre la lluita contra la vulneraci\u00f3 dels Drets Humans.Testimonis de vida que no et deixaran indiferent, i que volen ser un homenatge a les persones que han aconseguit recuperar o que estan lluitant per recuperar drets que han vist vulnerats: el dret a l&#8217;habitatge, el dret a escollir amb qui formar una fam\u00edlia, el dret a una educaci\u00f3 lliure de viol\u00e8ncies, dret a unes pensions dignes, etc. Amb la participaci\u00f3 de Fundaci\u00f3 Utopia, Kemon\u00efk, C\u00e0ritas Salt, Pensionistes Girona i Valentes i Acompanyades.<\/p>\n<p style=\"text-align: justify;\">No cal inscripci\u00f3 pr\u00e8via, nom\u00e9s cal presentar-se el proper dijous a les sis de la tarda a l&#8217;auditori petit de la biblioteca Carles Rahola (1r pis),&#8230; i obrir un llibre.<\/p>\n<div>\u00a0<\/div>\n","protected":false},"excerpt":{"rendered":"<p>En el marc de la campanya Tira pel Dret!, la Coordinadora d&#8217;ONG Solid\u00e0ries i la biblioteca p\u00fablica Carles Rahola de Girona han organitzat pel proper dijous 5 d&#8217;octubre a les 18h, una Biblioteca Humana . No s&#8217;hi val jutjar el llibre per la portada, sin\u00f3 que cal parar l&#8217;orella, prestar atenci\u00f3 i estar oberts a [&hellip;]<\/p>\n","protected":false},"author":1,"featured_media":16528,"comment_status":"closed","ping_status":"closed","sticky":false,"template":"","format":"standard","meta":{"site-sidebar-layout":"default","site-content-layout":"","ast-site-content-layout":"","site-content-style":"default","site-sidebar-style":"default","ast-global-header-display":"","ast-banner-title-visibility":"","ast-main-header-display":"","ast-hfb-above-header-display":"","ast-hfb-below-header-display":"","ast-hfb-mobile-header-display":"","site-post-title":"","ast-breadcrumbs-content":"","ast-featured-img":"","footer-sml-layout":"","theme-transparent-header-meta":"","adv-header-id-meta":"","stick-header-meta":"","header-above-stick-meta":"","header-main-stick-meta":"","header-below-stick-meta":"","astra-migrate-meta-layouts":"default","ast-page-background-enabled":"default","ast-page-background-meta":{"desktop":{"background-color":"var(--ast-global-color-4)","background-image":"","background-repeat":"repeat","background-position":"center center","background-size":"auto","background-attachment":"scroll","background-type":"","background-media":"","overlay-type":"","overlay-color":"","overlay-opacity":"","overlay-gradient":""},"tablet":{"background-color":"","background-image":"","background-repeat":"repeat","background-position":"center center","background-size":"auto","background-attachment":"scroll","background-type":"","background-media":"","overlay-type":"","overlay-color":"","overlay-opacity":"","overlay-gradient":""},"mobile":{"background-color":"","background-image":"","background-repeat":"repeat","background-position":"center center","background-size":"auto","background-attachment":"scroll","background-type":"","background-media":"","overlay-type":"","overlay-color":"","overlay-opacity":"","overlay-gradient":""}},"ast-content-background-meta":{"desktop":{"background-color":"var(--ast-global-color-5)","background-image":"","background-repeat":"repeat","background-position":"center center","background-size":"auto","background-attachment":"scroll","background-type":"","background-media":"","overlay-type":"","overlay-color":"","overlay-opacity":"","overlay-gradient":""},"tablet":{"background-color":"var(--ast-global-color-5)","background-image":"","background-repeat":"repeat","background-position":"center center","background-size":"auto","background-attachment":"scroll","background-type":"","background-media":"","overlay-type":"","overlay-color":"","overlay-opacity":"","overlay-gradient":""},"mobile":{"background-color":"var(--ast-global-color-5)","background-image":"","background-repeat":"repeat","background-position":"center center","background-size":"auto","background-attachment":"scroll","background-type":"","background-media":"","overlay-type":"","overlay-color":"","overlay-opacity":"","overlay-gradient":""}},"footnotes":""},"categories":[292],"tags":[325],"class_list":["post-16526","post","type-post","status-publish","format-standard","has-post-thumbnail","hentry","category-not","tag-noticies"],"post_mailing_queue_ids":[],"_links":{"self":[{"href":"https:\/\/serveiseducatius.xtec.cat\/girones\/wp-json\/wp\/v2\/posts\/16526","targetHints":{"allow":["GET"]}}],"collection":[{"href":"https:\/\/serveiseducatius.xtec.cat\/girones\/wp-json\/wp\/v2\/posts"}],"about":[{"href":"https:\/\/serveiseducatius.xtec.cat\/girones\/wp-json\/wp\/v2\/types\/post"}],"author":[{"embeddable":true,"href":"https:\/\/serveiseducatius.xtec.cat\/girones\/wp-json\/wp\/v2\/users\/1"}],"replies":[{"embeddable":true,"href":"https:\/\/serveiseducatius.xtec.cat\/girones\/wp-json\/wp\/v2\/comments?post=16526"}],"version-history":[{"count":3,"href":"https:\/\/serveiseducatius.xtec.cat\/girones\/wp-json\/wp\/v2\/posts\/16526\/revisions"}],"predecessor-version":[{"id":16530,"href":"https:\/\/serveiseducatius.xtec.cat\/girones\/wp-json\/wp\/v2\/posts\/16526\/revisions\/16530"}],"wp:featuredmedia":[{"embeddable":true,"href":"https:\/\/serveiseducatius.xtec.cat\/girones\/wp-json\/wp\/v2\/media\/16528"}],"wp:attachment":[{"href":"https:\/\/serveiseducatius.xtec.cat\/girones\/wp-json\/wp\/v2\/media?parent=16526"}],"wp:term":[{"taxonomy":"category","embeddable":true,"href":"https:\/\/serveiseducatius.xtec.cat\/girones\/wp-json\/wp\/v2\/categories?post=16526"},{"taxonomy":"post_tag","embeddable":true,"href":"https:\/\/serveiseducatius.xtec.cat\/girones\/wp-json\/wp\/v2\/tags?post=16526"}],"curies":[{"name":"wp","href":"https:\/\/api.w.org\/{rel}","templated":true}]}}