{"id":16505,"date":"2023-09-21T09:14:41","date_gmt":"2023-09-21T07:14:41","guid":{"rendered":"https:\/\/serveiseducatius.xtec.cat\/girones\/?p=16505"},"modified":"2023-09-21T11:53:27","modified_gmt":"2023-09-21T09:53:27","slug":"taller-merce-rodoreda","status":"publish","type":"post","link":"https:\/\/serveiseducatius.xtec.cat\/girones\/not\/taller-merce-rodoreda\/","title":{"rendered":"Taller &#8220;Merc\u00e8 Rodoreda&#8221;"},"content":{"rendered":"<p><a href=\"https:\/\/serveiseducatius.xtec.cat\/girones\/wp-content\/uploads\/usu1154\/2023\/09\/Captura-1.png\"><img loading=\"lazy\" decoding=\"async\" class=\"alignnone  wp-image-16512\" src=\"https:\/\/serveiseducatius.xtec.cat\/girones\/wp-content\/uploads\/usu1154\/2023\/09\/Captura-1.png\" alt=\"\" width=\"185\" height=\"263\" srcset=\"https:\/\/serveiseducatius.xtec.cat\/girones\/wp-content\/uploads\/usu1154\/2023\/09\/Captura-1.png 624w, https:\/\/serveiseducatius.xtec.cat\/girones\/wp-content\/uploads\/usu1154\/2023\/09\/Captura-1-211x300.png 211w\" sizes=\"auto, (max-width: 185px) 100vw, 185px\" \/><\/a><img decoding=\"async\" src=\"file:\/\/\/C:\/Users\/40340576W\/Desktop\/ACFrOgAoz4kdd0cZ6jWKXZDIuT2OoEpoW7r7xfmVsHv3vzW5AisRaXXnB4jnKPf80VyQLQFd4Smxo9VuaXOL8F8IpaoAwZbIKY7xXi-RjkDj_0eencgKPJAV5LisBTE=.pdf\" alt=\"\" \/><\/p>\n<p style=\"text-align: justify;\">No us perdeu el taller <strong>&#8220;Merc\u00e8 Rodoreda per a infants i joves. Textos i recursos&#8221;<\/strong> que es far\u00e0 el proper dimarts <strong>10 d&#8217;octubre de 17:00 a 19:30<\/strong> a l&#8217;<strong><a href=\"https:\/\/agora.xtec.cat\/ceipbordils\/\">Escola de Bordils.<\/a><\/strong><\/p>\n<p style=\"text-align: justify;\">La <strong>Neus Real<\/strong> ser\u00e0 l&#8217;encarregada de conduir l&#8217;activitat.<\/p>\n<p>NO CAL INSCRIPCI\u00d3<\/p>\n<p>Organitza: <strong><a href=\"https:\/\/www.celra.cat\/wp\/blog\/directori\/connexio-papyrus\/#gsc.tab=0\">Connexi\u00f3 Papyrus<\/a><\/strong><\/p>\n","protected":false},"excerpt":{"rendered":"<p>No us perdeu el taller &#8220;Merc\u00e8 Rodoreda per a infants i joves. Textos i recursos&#8221; que es far\u00e0 el proper dimarts 10 d&#8217;octubre de 17:00 a 19:30 a l&#8217;Escola de Bordils. La Neus Real ser\u00e0 l&#8217;encarregada de conduir l&#8217;activitat. NO CAL INSCRIPCI\u00d3 Organitza: Connexi\u00f3 Papyrus<\/p>\n","protected":false},"author":1,"featured_media":16511,"comment_status":"closed","ping_status":"closed","sticky":false,"template":"","format":"standard","meta":{"site-sidebar-layout":"default","site-content-layout":"","ast-site-content-layout":"","site-content-style":"default","site-sidebar-style":"default","ast-global-header-display":"","ast-banner-title-visibility":"","ast-main-header-display":"","ast-hfb-above-header-display":"","ast-hfb-below-header-display":"","ast-hfb-mobile-header-display":"","site-post-title":"","ast-breadcrumbs-content":"","ast-featured-img":"","footer-sml-layout":"","theme-transparent-header-meta":"","adv-header-id-meta":"","stick-header-meta":"","header-above-stick-meta":"","header-main-stick-meta":"","header-below-stick-meta":"","astra-migrate-meta-layouts":"default","ast-page-background-enabled":"default","ast-page-background-meta":{"desktop":{"background-color":"var(--ast-global-color-4)","background-image":"","background-repeat":"repeat","background-position":"center center","background-size":"auto","background-attachment":"scroll","background-type":"","background-media":"","overlay-type":"","overlay-color":"","overlay-opacity":"","overlay-gradient":""},"tablet":{"background-color":"","background-image":"","background-repeat":"repeat","background-position":"center center","background-size":"auto","background-attachment":"scroll","background-type":"","background-media":"","overlay-type":"","overlay-color":"","overlay-opacity":"","overlay-gradient":""},"mobile":{"background-color":"","background-image":"","background-repeat":"repeat","background-position":"center center","background-size":"auto","background-attachment":"scroll","background-type":"","background-media":"","overlay-type":"","overlay-color":"","overlay-opacity":"","overlay-gradient":""}},"ast-content-background-meta":{"desktop":{"background-color":"var(--ast-global-color-5)","background-image":"","background-repeat":"repeat","background-position":"center center","background-size":"auto","background-attachment":"scroll","background-type":"","background-media":"","overlay-type":"","overlay-color":"","overlay-opacity":"","overlay-gradient":""},"tablet":{"background-color":"var(--ast-global-color-5)","background-image":"","background-repeat":"repeat","background-position":"center center","background-size":"auto","background-attachment":"scroll","background-type":"","background-media":"","overlay-type":"","overlay-color":"","overlay-opacity":"","overlay-gradient":""},"mobile":{"background-color":"var(--ast-global-color-5)","background-image":"","background-repeat":"repeat","background-position":"center center","background-size":"auto","background-attachment":"scroll","background-type":"","background-media":"","overlay-type":"","overlay-color":"","overlay-opacity":"","overlay-gradient":""}},"footnotes":""},"categories":[292],"tags":[325],"class_list":["post-16505","post","type-post","status-publish","format-standard","has-post-thumbnail","hentry","category-not","tag-noticies"],"post_mailing_queue_ids":[],"_links":{"self":[{"href":"https:\/\/serveiseducatius.xtec.cat\/girones\/wp-json\/wp\/v2\/posts\/16505","targetHints":{"allow":["GET"]}}],"collection":[{"href":"https:\/\/serveiseducatius.xtec.cat\/girones\/wp-json\/wp\/v2\/posts"}],"about":[{"href":"https:\/\/serveiseducatius.xtec.cat\/girones\/wp-json\/wp\/v2\/types\/post"}],"author":[{"embeddable":true,"href":"https:\/\/serveiseducatius.xtec.cat\/girones\/wp-json\/wp\/v2\/users\/1"}],"replies":[{"embeddable":true,"href":"https:\/\/serveiseducatius.xtec.cat\/girones\/wp-json\/wp\/v2\/comments?post=16505"}],"version-history":[{"count":4,"href":"https:\/\/serveiseducatius.xtec.cat\/girones\/wp-json\/wp\/v2\/posts\/16505\/revisions"}],"predecessor-version":[{"id":16523,"href":"https:\/\/serveiseducatius.xtec.cat\/girones\/wp-json\/wp\/v2\/posts\/16505\/revisions\/16523"}],"wp:featuredmedia":[{"embeddable":true,"href":"https:\/\/serveiseducatius.xtec.cat\/girones\/wp-json\/wp\/v2\/media\/16511"}],"wp:attachment":[{"href":"https:\/\/serveiseducatius.xtec.cat\/girones\/wp-json\/wp\/v2\/media?parent=16505"}],"wp:term":[{"taxonomy":"category","embeddable":true,"href":"https:\/\/serveiseducatius.xtec.cat\/girones\/wp-json\/wp\/v2\/categories?post=16505"},{"taxonomy":"post_tag","embeddable":true,"href":"https:\/\/serveiseducatius.xtec.cat\/girones\/wp-json\/wp\/v2\/tags?post=16505"}],"curies":[{"name":"wp","href":"https:\/\/api.w.org\/{rel}","templated":true}]}}