{"id":16132,"date":"2023-03-27T13:16:35","date_gmt":"2023-03-27T11:16:35","guid":{"rendered":"https:\/\/serveiseducatius.xtec.cat\/girones\/?p=16132"},"modified":"2023-03-27T13:45:00","modified_gmt":"2023-03-27T11:45:00","slug":"programa-faig","status":"publish","type":"post","link":"https:\/\/serveiseducatius.xtec.cat\/girones\/not\/programa-faig\/","title":{"rendered":"Novetat: Programa FAIG"},"content":{"rendered":"<p><img loading=\"lazy\" decoding=\"async\" class=\"aligncenter\" src=\"https:\/\/serveiseducatius.xtec.cat\/girones\/wp-content\/uploads\/usu1154\/2023\/03\/Faig-e1679915343575.jpg\" alt=\"\" width=\"300\" height=\"237\" \/><\/p>\n<p style=\"text-align: justify;\">Us informem que s\u2019ha publicat la resoluci\u00f3 per la qual es crea el programa experimental \u201cFent per aprendre, imaginant globalment &#8211; FAIG\u201d, i se n\u2019obre convocat\u00f2ria p\u00fablica per a la selecci\u00f3 d&#8217;un m\u00e0xim de 150 centres educatius de Catalunya. Trobareu la informaci\u00f3 al Portal de Centres a<span style=\"font-size: 16px;\"> <a href=\"https:\/\/espai.educacio.gencat.cat\/Centres\/Innovacio-pedagogica\/Suport-Innovacio\/FAIG\/Pagines\/default.aspx\" target=\"_blank\" rel=\"noopener\"><strong>aqu\u00ed<\/strong><\/a>.\u00a0<\/span> <!--more-->El\u00a0<strong>termini per a la presentaci\u00f3 de sol\u00b7licituds<\/strong>\u00a0i documentaci\u00f3 per part dels centres interessats, \u00e9s el\u00a0<strong>21 d&#8217;abril de 2023<\/strong>. Els requisits de participaci\u00f3 s\u00f3n:<\/p>\n<ul>\n<li style=\"text-align: justify;\">\u200bImpartir els ensenyaments de l&#8217;educaci\u00f3 prim\u00e0ria, l&#8217;educaci\u00f3 secund\u00e0ria obligat\u00f2ria o ambd\u00f3s.<\/li>\n<li><span style=\"font-family: inherit; font-size: 1em;\">Designar un equip motor de 5 persones que inclogui, com a m\u00ednim, un membre de l&#8217;equip directiu:<\/span><\/li>\n<li><span style=\"font-family: inherit; font-size: 1em;\">Presentar la sol\u00b7licitud amb la documentaci\u00f3 detallada a l&#8217;apartat 2 de l&#8217;annex de la Resoluci\u00f3.<\/span><\/li>\n<li><span style=\"font-family: inherit; font-size: 1em;\">Presentar el certificat de la direcci\u00f3 del centre, en el qual s&#8217;expliciti l&#8217;aprovaci\u00f3, com a m\u00ednim del 80% del claustre i del 80% del consell escolar, en relaci\u00f3 amb la participaci\u00f3 del centre en el programa.<\/span><\/li>\n<\/ul>\n<p style=\"text-align: justify;\">Compartim amb vosaltres el v\u00eddeo de l&#8217;acte de llan\u00e7ament que es va celebrar el passat 9 de maig, en el qual es presenten les idees essencials del programa.<\/p>\n<p style=\"text-align: center;\"><iframe loading=\"lazy\" src=\"\/\/www.youtube.com\/embed\/kRQvlrI4DDc\" width=\"560\" height=\"314\" allowfullscreen=\"allowfullscreen\"><\/iframe><\/p>\n","protected":false},"excerpt":{"rendered":"<p>Us informem que s\u2019ha publicat la resoluci\u00f3 per la qual es crea el programa experimental \u201cFent per aprendre, imaginant globalment &#8211; FAIG\u201d, i se n\u2019obre convocat\u00f2ria p\u00fablica per a la selecci\u00f3 d&#8217;un m\u00e0xim de 150 centres educatius de Catalunya. Trobareu la informaci\u00f3 al Portal de Centres a aqu\u00ed.\u00a0<\/p>\n","protected":false},"author":1,"featured_media":16133,"comment_status":"closed","ping_status":"closed","sticky":false,"template":"","format":"standard","meta":{"site-sidebar-layout":"default","site-content-layout":"","ast-site-content-layout":"","site-content-style":"default","site-sidebar-style":"default","ast-global-header-display":"","ast-banner-title-visibility":"","ast-main-header-display":"","ast-hfb-above-header-display":"","ast-hfb-below-header-display":"","ast-hfb-mobile-header-display":"","site-post-title":"","ast-breadcrumbs-content":"","ast-featured-img":"","footer-sml-layout":"","theme-transparent-header-meta":"","adv-header-id-meta":"","stick-header-meta":"","header-above-stick-meta":"","header-main-stick-meta":"","header-below-stick-meta":"","astra-migrate-meta-layouts":"default","ast-page-background-enabled":"default","ast-page-background-meta":{"desktop":{"background-color":"var(--ast-global-color-4)","background-image":"","background-repeat":"repeat","background-position":"center center","background-size":"auto","background-attachment":"scroll","background-type":"","background-media":"","overlay-type":"","overlay-color":"","overlay-opacity":"","overlay-gradient":""},"tablet":{"background-color":"","background-image":"","background-repeat":"repeat","background-position":"center center","background-size":"auto","background-attachment":"scroll","background-type":"","background-media":"","overlay-type":"","overlay-color":"","overlay-opacity":"","overlay-gradient":""},"mobile":{"background-color":"","background-image":"","background-repeat":"repeat","background-position":"center center","background-size":"auto","background-attachment":"scroll","background-type":"","background-media":"","overlay-type":"","overlay-color":"","overlay-opacity":"","overlay-gradient":""}},"ast-content-background-meta":{"desktop":{"background-color":"var(--ast-global-color-5)","background-image":"","background-repeat":"repeat","background-position":"center center","background-size":"auto","background-attachment":"scroll","background-type":"","background-media":"","overlay-type":"","overlay-color":"","overlay-opacity":"","overlay-gradient":""},"tablet":{"background-color":"var(--ast-global-color-5)","background-image":"","background-repeat":"repeat","background-position":"center center","background-size":"auto","background-attachment":"scroll","background-type":"","background-media":"","overlay-type":"","overlay-color":"","overlay-opacity":"","overlay-gradient":""},"mobile":{"background-color":"var(--ast-global-color-5)","background-image":"","background-repeat":"repeat","background-position":"center center","background-size":"auto","background-attachment":"scroll","background-type":"","background-media":"","overlay-type":"","overlay-color":"","overlay-opacity":"","overlay-gradient":""}},"footnotes":""},"categories":[292],"tags":[325],"class_list":["post-16132","post","type-post","status-publish","format-standard","has-post-thumbnail","hentry","category-not","tag-noticies"],"post_mailing_queue_ids":[],"_links":{"self":[{"href":"https:\/\/serveiseducatius.xtec.cat\/girones\/wp-json\/wp\/v2\/posts\/16132","targetHints":{"allow":["GET"]}}],"collection":[{"href":"https:\/\/serveiseducatius.xtec.cat\/girones\/wp-json\/wp\/v2\/posts"}],"about":[{"href":"https:\/\/serveiseducatius.xtec.cat\/girones\/wp-json\/wp\/v2\/types\/post"}],"author":[{"embeddable":true,"href":"https:\/\/serveiseducatius.xtec.cat\/girones\/wp-json\/wp\/v2\/users\/1"}],"replies":[{"embeddable":true,"href":"https:\/\/serveiseducatius.xtec.cat\/girones\/wp-json\/wp\/v2\/comments?post=16132"}],"version-history":[{"count":3,"href":"https:\/\/serveiseducatius.xtec.cat\/girones\/wp-json\/wp\/v2\/posts\/16132\/revisions"}],"predecessor-version":[{"id":16143,"href":"https:\/\/serveiseducatius.xtec.cat\/girones\/wp-json\/wp\/v2\/posts\/16132\/revisions\/16143"}],"wp:featuredmedia":[{"embeddable":true,"href":"https:\/\/serveiseducatius.xtec.cat\/girones\/wp-json\/wp\/v2\/media\/16133"}],"wp:attachment":[{"href":"https:\/\/serveiseducatius.xtec.cat\/girones\/wp-json\/wp\/v2\/media?parent=16132"}],"wp:term":[{"taxonomy":"category","embeddable":true,"href":"https:\/\/serveiseducatius.xtec.cat\/girones\/wp-json\/wp\/v2\/categories?post=16132"},{"taxonomy":"post_tag","embeddable":true,"href":"https:\/\/serveiseducatius.xtec.cat\/girones\/wp-json\/wp\/v2\/tags?post=16132"}],"curies":[{"name":"wp","href":"https:\/\/api.w.org\/{rel}","templated":true}]}}