{"id":16114,"date":"2023-03-21T12:52:37","date_gmt":"2023-03-21T11:52:37","guid":{"rendered":"https:\/\/serveiseducatius.xtec.cat\/girones\/?p=16114"},"modified":"2023-03-22T22:00:52","modified_gmt":"2023-03-22T21:00:52","slug":"concurs-clva-girones","status":"publish","type":"post","link":"https:\/\/serveiseducatius.xtec.cat\/girones\/not\/concurs-clva-girones\/","title":{"rendered":"Concurs CLVA. Fase del Giron\u00e8s"},"content":{"rendered":"<p><img loading=\"lazy\" decoding=\"async\" class=\"aligncenter\" src=\"https:\/\/serveiseducatius.xtec.cat\/girones\/wp-content\/uploads\/usu1154\/2023\/03\/CLVA-e1679398837890.jpg\" alt=\"\" width=\"300\" height=\"181\" \/><\/p>\n<p style=\"text-align: justify;\">El dimarts 21 de mar\u00e7 es va celebrar al Teatre de l&#8217;Institut Vicens Vives de Girona el XIX Certamen de Lectura en Veu Alta (CLVA). Es tracta de la Semifinal Territorial de la comarca del Giron\u00e8s.\u00a0A l&#8217;esdeveniment, hi han participat alumnes d&#8217;un total de 19 centres educatius de prim\u00e0ria i de secund\u00e0ria de la comarca.<!--more--><\/p>\n<p style=\"text-align: justify;\">Volem felicitar els alumnes participants pel seu comprom\u00eds i per la qualitat que han mostrat en les seves lectures. Volem agrair a les fam\u00edlies i al professorat implicat en el concurs per la seva dedicaci\u00f3, tamb\u00e9 a l&#8217;institut Vicens Vives per la cessi\u00f3 de l&#8217;espai i els professionals dels serveis territorials d&#8217;educaci\u00f3 per a la gesti\u00f3 realitzada. Agra\u00efm la participaci\u00f3 i la professionalitat del jurat, realment ho van tenir molt dif\u00edcil per prendre la decisi\u00f3 sobre quins alumnes continuen a la seg\u00fcent ronda, la fase provincial.<\/p>\n<p style=\"text-align: justify;\">Ha sigut un gran concurs i volem animar-vos a continuar impulsant l&#8217;\u00fas de la llengua catalana. Ens retrobem a l&#8217;edici\u00f3 del curs vinent!<\/p>\n","protected":false},"excerpt":{"rendered":"<p>El dimarts 21 de mar\u00e7 es va celebrar al Teatre de l&#8217;Institut Vicens Vives de Girona el XIX Certamen de Lectura en Veu Alta (CLVA). Es tracta de la Semifinal Territorial de la comarca del Giron\u00e8s.\u00a0A l&#8217;esdeveniment, hi han participat alumnes d&#8217;un total de 19 centres educatius de prim\u00e0ria i de secund\u00e0ria de la comarca.<\/p>\n","protected":false},"author":1,"featured_media":0,"comment_status":"closed","ping_status":"closed","sticky":false,"template":"","format":"standard","meta":{"site-sidebar-layout":"default","site-content-layout":"","ast-site-content-layout":"","site-content-style":"default","site-sidebar-style":"default","ast-global-header-display":"","ast-banner-title-visibility":"","ast-main-header-display":"","ast-hfb-above-header-display":"","ast-hfb-below-header-display":"","ast-hfb-mobile-header-display":"","site-post-title":"","ast-breadcrumbs-content":"","ast-featured-img":"","footer-sml-layout":"","theme-transparent-header-meta":"","adv-header-id-meta":"","stick-header-meta":"","header-above-stick-meta":"","header-main-stick-meta":"","header-below-stick-meta":"","astra-migrate-meta-layouts":"default","ast-page-background-enabled":"default","ast-page-background-meta":{"desktop":{"background-color":"var(--ast-global-color-4)","background-image":"","background-repeat":"repeat","background-position":"center center","background-size":"auto","background-attachment":"scroll","background-type":"","background-media":"","overlay-type":"","overlay-color":"","overlay-opacity":"","overlay-gradient":""},"tablet":{"background-color":"","background-image":"","background-repeat":"repeat","background-position":"center center","background-size":"auto","background-attachment":"scroll","background-type":"","background-media":"","overlay-type":"","overlay-color":"","overlay-opacity":"","overlay-gradient":""},"mobile":{"background-color":"","background-image":"","background-repeat":"repeat","background-position":"center center","background-size":"auto","background-attachment":"scroll","background-type":"","background-media":"","overlay-type":"","overlay-color":"","overlay-opacity":"","overlay-gradient":""}},"ast-content-background-meta":{"desktop":{"background-color":"var(--ast-global-color-5)","background-image":"","background-repeat":"repeat","background-position":"center center","background-size":"auto","background-attachment":"scroll","background-type":"","background-media":"","overlay-type":"","overlay-color":"","overlay-opacity":"","overlay-gradient":""},"tablet":{"background-color":"var(--ast-global-color-5)","background-image":"","background-repeat":"repeat","background-position":"center center","background-size":"auto","background-attachment":"scroll","background-type":"","background-media":"","overlay-type":"","overlay-color":"","overlay-opacity":"","overlay-gradient":""},"mobile":{"background-color":"var(--ast-global-color-5)","background-image":"","background-repeat":"repeat","background-position":"center center","background-size":"auto","background-attachment":"scroll","background-type":"","background-media":"","overlay-type":"","overlay-color":"","overlay-opacity":"","overlay-gradient":""}},"footnotes":""},"categories":[292],"tags":[325],"class_list":["post-16114","post","type-post","status-publish","format-standard","hentry","category-not","tag-noticies"],"post_mailing_queue_ids":[],"_links":{"self":[{"href":"https:\/\/serveiseducatius.xtec.cat\/girones\/wp-json\/wp\/v2\/posts\/16114","targetHints":{"allow":["GET"]}}],"collection":[{"href":"https:\/\/serveiseducatius.xtec.cat\/girones\/wp-json\/wp\/v2\/posts"}],"about":[{"href":"https:\/\/serveiseducatius.xtec.cat\/girones\/wp-json\/wp\/v2\/types\/post"}],"author":[{"embeddable":true,"href":"https:\/\/serveiseducatius.xtec.cat\/girones\/wp-json\/wp\/v2\/users\/1"}],"replies":[{"embeddable":true,"href":"https:\/\/serveiseducatius.xtec.cat\/girones\/wp-json\/wp\/v2\/comments?post=16114"}],"version-history":[{"count":4,"href":"https:\/\/serveiseducatius.xtec.cat\/girones\/wp-json\/wp\/v2\/posts\/16114\/revisions"}],"predecessor-version":[{"id":16131,"href":"https:\/\/serveiseducatius.xtec.cat\/girones\/wp-json\/wp\/v2\/posts\/16114\/revisions\/16131"}],"wp:attachment":[{"href":"https:\/\/serveiseducatius.xtec.cat\/girones\/wp-json\/wp\/v2\/media?parent=16114"}],"wp:term":[{"taxonomy":"category","embeddable":true,"href":"https:\/\/serveiseducatius.xtec.cat\/girones\/wp-json\/wp\/v2\/categories?post=16114"},{"taxonomy":"post_tag","embeddable":true,"href":"https:\/\/serveiseducatius.xtec.cat\/girones\/wp-json\/wp\/v2\/tags?post=16114"}],"curies":[{"name":"wp","href":"https:\/\/api.w.org\/{rel}","templated":true}]}}