{"id":16103,"date":"2023-03-20T09:13:08","date_gmt":"2023-03-20T08:13:08","guid":{"rendered":"https:\/\/serveiseducatius.xtec.cat\/girones\/?p=16103"},"modified":"2023-03-20T09:13:37","modified_gmt":"2023-03-20T08:13:37","slug":"conv-programes-dinnovacio","status":"publish","type":"post","link":"https:\/\/serveiseducatius.xtec.cat\/girones\/not\/conv-programes-dinnovacio\/","title":{"rendered":"Conv. programes d&#8217;innovaci\u00f3"},"content":{"rendered":"<p><img loading=\"lazy\" decoding=\"async\" class=\"aligncenter\" src=\"https:\/\/serveiseducatius.xtec.cat\/girones\/wp-content\/uploads\/usu1154\/2020\/11\/innovacio-pedagogica-2-e1606746357289.png\" alt=\"\" width=\"300\" height=\"120\" \/><\/p>\n<p>S&#8217;ha obert la convocat\u00f2ria ordin\u00e0ria de<strong> programes d&#8217;innovaci\u00f3 pedag\u00f2gica.\u00a0 <\/strong>El termini de presentaci\u00f3 de sol\u00b7licituds \u00e9s del 15 de mar\u00e7 fins el 15 de maig de 2023.<\/p>\n<p>Per a<strong>\u00a0infantil, prim\u00e0ria, secund\u00e0ria i\/o batxillerat<\/strong> s&#8217;obren els seg\u00fcents programes:<!--more--><\/p>\n<ul>\n<li><a title=\"#aquiproubullying\" href=\"https:\/\/espai.educacio.gencat.cat\/Centres\/Innovacio-pedagogica\/Programes\/aquiproubullying\/Pagines\/default.aspx\" target=\"_blank\" rel=\"noopener\" data-saferedirecturl=\"https:\/\/www.google.com\/url?q=https:\/\/espai.educacio.gencat.cat\/Centres\/Innovacio-pedagogica\/Programes\/aquiproubullying\/Pagines\/default.aspx&amp;source=gmail&amp;ust=1647517636454000&amp;usg=AOvVaw2Jgf6jQD-CjrE4iU1k-IV0\">#aquiproubullying<\/a><\/li>\n<li><a title=\"Enfocament Restauratiu Global\" href=\"https:\/\/espai.educacio.gencat.cat\/Centres\/Innovacio-pedagogica\/Programes\/Enfocament-Restauratiu-Global\/Pagines\/default.aspx\" target=\"_blank\" rel=\"noopener\">Enfocament Restauratiu Global<\/a><\/li>\n<li><a title=\"AVANCEM: Ensenyament i Aprenentatge Integrat de les Lleng\u00fces\u00a0\" href=\"https:\/\/espai.educacio.gencat.cat\/Centres\/Innovacio-pedagogica\/Programes\/Avancem-Ensenyament-Aprenentatge-integrat\/Pagines\/default.aspx\" target=\"_blank\" rel=\"noopener\">AVANCEM: Ensenyament i Aprenentatge Integrat de les Lleng\u00fces\u00a0<\/a><\/li>\n<li><a title=\"Generaci\u00f3 Pluriling\u00fce GEP\" href=\"https:\/\/espai.educacio.gencat.cat\/Centres\/Innovacio-pedagogica\/Programes\/Generacio-Plurilingue-GEP\/Pagines\/default.aspx\" target=\"_blank\" rel=\"noopener\">Generaci\u00f3 Pluriling\u00fce GEP<\/a><\/li>\n<li><a title=\"Comunitats d'aprenentatge\" href=\"https:\/\/espai.educacio.gencat.cat\/Centres\/Innovacio-pedagogica\/Programes\/xarxa-comunitats\/Pagines\/default.aspx\" target=\"_blank\" rel=\"noopener\">Comunitats d&#8217;aprenentatge<\/a><\/li>\n<li><a title=\"Magnet Aliances per a l'\u00c8xit Educatiu\" href=\"https:\/\/magnet.cat\/\" target=\"_blank\" rel=\"noopener\">Magnet Aliances per a l&#8217;\u00c8xit Educatiu<\/a><\/li>\n<li><a title=\"araArt\" href=\"https:\/\/espai.educacio.gencat.cat\/Centres\/Innovacio-pedagogica\/Programes\/AraArt\/Pagines\/default.aspx\" target=\"_blank\" rel=\"noopener\">araArt<\/a><\/li>\n<li><a title=\"Escoles T\u00e0ndem\" href=\"https:\/\/espai.educacio.gencat.cat\/Centres\/Innovacio-pedagogica\/Programes\/Escoles-Tandem\/Pagines\/default.aspx\" target=\"_blank\" rel=\"noopener\">Escoles T\u00e0ndem<\/a><\/li>\n<li><a title=\"Recerca AULA\" href=\"https:\/\/espai.educacio.gencat.cat\/Centres\/Innovacio-pedagogica\/Programes\/RecercAULA\/Pagines\/default.aspx\" target=\"_blank\" rel=\"noopener\">Recerca AULA<\/a><\/li>\n<li><a title=\"Recerca, Creaci\u00f3 i Servei\" href=\"https:\/\/espai.educacio.gencat.cat\/Centres\/Innovacio-pedagogica\/Programes\/RCS\/Pagines\/default.aspx\" target=\"_blank\" rel=\"noopener\">Recerca, Creaci\u00f3 i Servei<\/a><\/li>\n<li><a title=\"Xarxa de Compet\u00e8ncies\" href=\"https:\/\/espai.educacio.gencat.cat\/Centres\/Innovacio-pedagogica\/Programes\/xarxa-competencies\/Pagines\/default.aspx\" target=\"_blank\" rel=\"noopener\">Xarxa de Compet\u00e8ncies<\/a>\n<p>&gt; Per a <strong style=\"font-family: inherit; font-size: 1em;\">Formaci\u00f3 Professional<\/strong><span style=\"font-family: inherit; font-size: 1em;\"> s&#8217;obren els seg\u00fcents programes:<\/span><\/li>\n<\/ul>\n<ul>\n<li><a title=\"ActivaFP\" href=\"https:\/\/espai.educacio.gencat.cat\/Centres\/Innovacio-pedagogica\/Programes\/Innovacio-FP\/ActivaFP\/Pagines\/default.aspx\" target=\"_blank\" rel=\"noopener\" data-saferedirecturl=\"https:\/\/www.google.com\/url?q=https:\/\/espai.educacio.gencat.cat\/Centres\/Innovacio-pedagogica\/Programes\/Innovacio-FP\/ActivaFP\/Pagines\/default.aspx&amp;source=gmail&amp;ust=1647517636454000&amp;usg=AOvVaw2VWuoR2FreM3Q5Yri7abNF\">ActivaFP<\/a><\/li>\n<li><a title=\"OrientaFP\" href=\"https:\/\/espai.educacio.gencat.cat\/Centres\/Innovacio-pedagogica\/Programes\/Innovacio-FP\/Assessorament-OrientaFP\/Pagines\/default.aspx\" target=\"_blank\" rel=\"noopener\" data-saferedirecturl=\"https:\/\/www.google.com\/url?q=https:\/\/espai.educacio.gencat.cat\/Centres\/Innovacio-pedagogica\/Programes\/Innovacio-FP\/Assessorament-OrientaFP\/Pagines\/default.aspx&amp;source=gmail&amp;ust=1647517636454000&amp;usg=AOvVaw1nYOK8p1yhL-APSNAqDBeW\">OrientaFP<\/a><\/li>\n<li><a title=\"Empr\u00e8nFP\" href=\"https:\/\/espai.educacio.gencat.cat\/Centres\/Innovacio-pedagogica\/Programes\/Innovacio-FP\/Foment-suport-emprenedoria-FP\/Pagines\/default.aspx\" target=\"_blank\" rel=\"noopener\" data-saferedirecturl=\"https:\/\/www.google.com\/url?q=https:\/\/espai.educacio.gencat.cat\/Centres\/Innovacio-pedagogica\/Programes\/Innovacio-FP\/Foment-suport-emprenedoria-FP\/Pagines\/default.aspx&amp;source=gmail&amp;ust=1647517636454000&amp;usg=AOvVaw37yBa0xaU6MWO8r8X44leS\">Empr\u00e8nFP<\/a><\/li>\n<li><a title=\"EmpresaFP\" href=\"https:\/\/espai.educacio.gencat.cat\/Centres\/Innovacio-pedagogica\/Programes\/Innovacio-FP\/Assessorament-EmpresaFP\/Pagines\/default.aspx\" target=\"_blank\" rel=\"noopener\" data-saferedirecturl=\"https:\/\/www.google.com\/url?q=https:\/\/espai.educacio.gencat.cat\/Centres\/Innovacio-pedagogica\/Programes\/Innovacio-FP\/Assessorament-EmpresaFP\/Pagines\/default.aspx&amp;source=gmail&amp;ust=1647517636454000&amp;usg=AOvVaw1YV_HV_KVt93tjnNQ9T-Wv\">EmpresaFP<\/a><\/li>\n<li><a title=\"FPdual\" href=\"https:\/\/espai.educacio.gencat.cat\/Centres\/Innovacio-pedagogica\/Programes\/Innovacio-FP\/FP-Dual\/Pagines\/default.aspx\" target=\"_blank\" rel=\"noopener\" data-saferedirecturl=\"https:\/\/www.google.com\/url?q=https:\/\/espai.educacio.gencat.cat\/Centres\/Innovacio-pedagogica\/Programes\/Innovacio-FP\/FP-Dual\/Pagines\/default.aspx&amp;source=gmail&amp;ust=1647517636454000&amp;usg=AOvVaw14Mf3QeC0W6F7zgqDsstI4\">FPdual<\/a><\/li>\n<li><a title=\"FuturaFP\" href=\"https:\/\/espai.educacio.gencat.cat\/Centres\/Innovacio-pedagogica\/Programes\/Innovacio-FP\/FuturaFP\/Pagines\/default.aspx\" target=\"_blank\" rel=\"noopener\">FuturaFP<\/a>\u00a0<\/li>\n<li><a title=\"InnovaFP\" href=\"https:\/\/espai.educacio.gencat.cat\/Centres\/Innovacio-pedagogica\/Programes\/Innovacio-FP\/InnovaFP\/Pagines\/default.aspx\" target=\"_blank\" rel=\"noopener\" data-saferedirecturl=\"https:\/\/www.google.com\/url?q=https:\/\/espai.educacio.gencat.cat\/Centres\/Innovacio-pedagogica\/Programes\/Innovacio-FP\/InnovaFP\/Pagines\/default.aspx&amp;source=gmail&amp;ust=1647517636454000&amp;usg=AOvVaw0eIBaV4Y2LSAfpvK4SAjiX\">InnovaFP<\/a><\/li>\n<li><a title=\"MobilitatFP\" href=\"https:\/\/espai.educacio.gencat.cat\/Centres\/Innovacio-pedagogica\/Programes\/Innovacio-FP\/Mobilitat-formativa-FP\/Pagines\/default.aspx\" target=\"_blank\" rel=\"noopener\" data-saferedirecturl=\"https:\/\/www.google.com\/url?q=https:\/\/espai.educacio.gencat.cat\/Centres\/Innovacio-pedagogica\/Programes\/Innovacio-FP\/Mobilitat-formativa-FP\/Pagines\/default.aspx&amp;source=gmail&amp;ust=1647517636454000&amp;usg=AOvVaw21ehnALJxB3YVuqjn32iK_\">MobilitatFP<\/a><\/li>\n<li><a title=\"CatSkills\" href=\"https:\/\/projectes.xtec.cat\/catskills\/?_ga=2.22854843.1616197076.1678692703-1344884352.1678434516\" target=\"_blank\" rel=\"noopener\">CatSkills<\/a><\/li>\n<\/ul>\n","protected":false},"excerpt":{"rendered":"<p>S&#8217;ha obert la convocat\u00f2ria ordin\u00e0ria de programes d&#8217;innovaci\u00f3 pedag\u00f2gica.\u00a0 El termini de presentaci\u00f3 de sol\u00b7licituds \u00e9s del 15 de mar\u00e7 fins el 15 de maig de 2023. Per a\u00a0infantil, prim\u00e0ria, secund\u00e0ria i\/o batxillerat s&#8217;obren els seg\u00fcents programes:<\/p>\n","protected":false},"author":1,"featured_media":12677,"comment_status":"closed","ping_status":"closed","sticky":false,"template":"","format":"standard","meta":{"site-sidebar-layout":"default","site-content-layout":"","ast-site-content-layout":"","site-content-style":"default","site-sidebar-style":"default","ast-global-header-display":"","ast-banner-title-visibility":"","ast-main-header-display":"","ast-hfb-above-header-display":"","ast-hfb-below-header-display":"","ast-hfb-mobile-header-display":"","site-post-title":"","ast-breadcrumbs-content":"","ast-featured-img":"","footer-sml-layout":"","theme-transparent-header-meta":"","adv-header-id-meta":"","stick-header-meta":"","header-above-stick-meta":"","header-main-stick-meta":"","header-below-stick-meta":"","astra-migrate-meta-layouts":"default","ast-page-background-enabled":"default","ast-page-background-meta":{"desktop":{"background-color":"var(--ast-global-color-4)","background-image":"","background-repeat":"repeat","background-position":"center center","background-size":"auto","background-attachment":"scroll","background-type":"","background-media":"","overlay-type":"","overlay-color":"","overlay-opacity":"","overlay-gradient":""},"tablet":{"background-color":"","background-image":"","background-repeat":"repeat","background-position":"center center","background-size":"auto","background-attachment":"scroll","background-type":"","background-media":"","overlay-type":"","overlay-color":"","overlay-opacity":"","overlay-gradient":""},"mobile":{"background-color":"","background-image":"","background-repeat":"repeat","background-position":"center center","background-size":"auto","background-attachment":"scroll","background-type":"","background-media":"","overlay-type":"","overlay-color":"","overlay-opacity":"","overlay-gradient":""}},"ast-content-background-meta":{"desktop":{"background-color":"var(--ast-global-color-5)","background-image":"","background-repeat":"repeat","background-position":"center center","background-size":"auto","background-attachment":"scroll","background-type":"","background-media":"","overlay-type":"","overlay-color":"","overlay-opacity":"","overlay-gradient":""},"tablet":{"background-color":"var(--ast-global-color-5)","background-image":"","background-repeat":"repeat","background-position":"center center","background-size":"auto","background-attachment":"scroll","background-type":"","background-media":"","overlay-type":"","overlay-color":"","overlay-opacity":"","overlay-gradient":""},"mobile":{"background-color":"var(--ast-global-color-5)","background-image":"","background-repeat":"repeat","background-position":"center center","background-size":"auto","background-attachment":"scroll","background-type":"","background-media":"","overlay-type":"","overlay-color":"","overlay-opacity":"","overlay-gradient":""}},"footnotes":""},"categories":[292],"tags":[325],"class_list":["post-16103","post","type-post","status-publish","format-standard","has-post-thumbnail","hentry","category-not","tag-noticies"],"post_mailing_queue_ids":[],"_links":{"self":[{"href":"https:\/\/serveiseducatius.xtec.cat\/girones\/wp-json\/wp\/v2\/posts\/16103","targetHints":{"allow":["GET"]}}],"collection":[{"href":"https:\/\/serveiseducatius.xtec.cat\/girones\/wp-json\/wp\/v2\/posts"}],"about":[{"href":"https:\/\/serveiseducatius.xtec.cat\/girones\/wp-json\/wp\/v2\/types\/post"}],"author":[{"embeddable":true,"href":"https:\/\/serveiseducatius.xtec.cat\/girones\/wp-json\/wp\/v2\/users\/1"}],"replies":[{"embeddable":true,"href":"https:\/\/serveiseducatius.xtec.cat\/girones\/wp-json\/wp\/v2\/comments?post=16103"}],"version-history":[{"count":3,"href":"https:\/\/serveiseducatius.xtec.cat\/girones\/wp-json\/wp\/v2\/posts\/16103\/revisions"}],"predecessor-version":[{"id":16110,"href":"https:\/\/serveiseducatius.xtec.cat\/girones\/wp-json\/wp\/v2\/posts\/16103\/revisions\/16110"}],"wp:featuredmedia":[{"embeddable":true,"href":"https:\/\/serveiseducatius.xtec.cat\/girones\/wp-json\/wp\/v2\/media\/12677"}],"wp:attachment":[{"href":"https:\/\/serveiseducatius.xtec.cat\/girones\/wp-json\/wp\/v2\/media?parent=16103"}],"wp:term":[{"taxonomy":"category","embeddable":true,"href":"https:\/\/serveiseducatius.xtec.cat\/girones\/wp-json\/wp\/v2\/categories?post=16103"},{"taxonomy":"post_tag","embeddable":true,"href":"https:\/\/serveiseducatius.xtec.cat\/girones\/wp-json\/wp\/v2\/tags?post=16103"}],"curies":[{"name":"wp","href":"https:\/\/api.w.org\/{rel}","templated":true}]}}