{"id":16019,"date":"2023-02-28T09:54:30","date_gmt":"2023-02-28T08:54:30","guid":{"rendered":"https:\/\/serveiseducatius.xtec.cat\/girones\/?p=16019"},"modified":"2023-02-28T09:56:13","modified_gmt":"2023-02-28T08:56:13","slug":"lets-clean-up-europe-i-seminari-en-linia","status":"publish","type":"post","link":"https:\/\/serveiseducatius.xtec.cat\/girones\/not\/lets-clean-up-europe-i-seminari-en-linia\/","title":{"rendered":"Let&#8217;s clean up Europe i seminari en l\u00ednia"},"content":{"rendered":"<p><img loading=\"lazy\" decoding=\"async\" class=\"aligncenter\" src=\"https:\/\/serveiseducatius.xtec.cat\/girones\/wp-content\/uploads\/usu1154\/2023\/02\/letsclean.png\" alt=\"\" width=\"300\" height=\"150\" \/><\/p>\n<p style=\"text-align: justify;\">\u00c9s una acci\u00f3 comuna a tot Europa per conscienciar sobre la quantitat de residus que llencem de forma incontrolada a la natura i promoure accions de sensibilitzaci\u00f3 a trav\u00e9s de la recollida d&#8217;aquests residus abocats il\u00b7legalment als boscos, platges, marges de rius, etc. Enguany, tindr\u00e0 lloc entre el 5 i el 7 de maig de 2023. <!--more-->Per poder participar en aquesta campanya, caldr\u00e0 inscriure&#8217;s abans del 21 de mar\u00e7 a\u00a0 <a href=\"https:\/\/sdr.arc.cat\/prevencio\/GetLoginPrevencio.do?_ga=2.161362877.1076263555.1677482946-1762420228.1567408707\" target=\"_blank\" rel=\"noopener\">Organitza una acci\u00f3.<\/a><\/p>\n<p style=\"text-align: justify;\">Paral\u00b7lelament, el pr\u00f2xim 2 de mar\u00e7 a les 17:30\u202fh tindr\u00e0 lloc un seminari en l\u00ednia de Creaci\u00f3 de situacions d&#8217;aprenentatge del Let\u2019s Clean Up Europe! Est\u00e0 adre\u00e7at a les escoles, \u00e9s gratu\u00eft i cal <a href=\"https:\/\/docs.google.com\/forms\/d\/e\/1FAIpQLSc74NmCXnOCPkNiiBB7Sm2_lbW9QDYYWb5ipEKbRfFWQyC5OA\/viewform\" target=\"_blank\" rel=\"noopener\">inscripci\u00f3 pr\u00e8via.<\/a><\/p>\n<p style=\"text-align: justify;\"><a href=\"https:\/\/residus.gencat.cat\/ca\/ambits_dactuacio\/prevencio\/setmana_europea\/lets_clean_up_europe\/\" target=\"_blank\" rel=\"noopener\">\u00bbM\u00e9s informaci\u00f3<\/a><\/p>\n","protected":false},"excerpt":{"rendered":"<p>\u00c9s una acci\u00f3 comuna a tot Europa per conscienciar sobre la quantitat de residus que llencem de forma incontrolada a la natura i promoure accions de sensibilitzaci\u00f3 a trav\u00e9s de la recollida d&#8217;aquests residus abocats il\u00b7legalment als boscos, platges, marges de rius, etc. Enguany, tindr\u00e0 lloc entre el 5 i el 7 de maig de [&hellip;]<\/p>\n","protected":false},"author":1,"featured_media":16018,"comment_status":"closed","ping_status":"closed","sticky":false,"template":"","format":"standard","meta":{"site-sidebar-layout":"default","site-content-layout":"","ast-site-content-layout":"","site-content-style":"default","site-sidebar-style":"default","ast-global-header-display":"","ast-banner-title-visibility":"","ast-main-header-display":"","ast-hfb-above-header-display":"","ast-hfb-below-header-display":"","ast-hfb-mobile-header-display":"","site-post-title":"","ast-breadcrumbs-content":"","ast-featured-img":"","footer-sml-layout":"","theme-transparent-header-meta":"","adv-header-id-meta":"","stick-header-meta":"","header-above-stick-meta":"","header-main-stick-meta":"","header-below-stick-meta":"","astra-migrate-meta-layouts":"default","ast-page-background-enabled":"default","ast-page-background-meta":{"desktop":{"background-color":"var(--ast-global-color-4)","background-image":"","background-repeat":"repeat","background-position":"center center","background-size":"auto","background-attachment":"scroll","background-type":"","background-media":"","overlay-type":"","overlay-color":"","overlay-opacity":"","overlay-gradient":""},"tablet":{"background-color":"","background-image":"","background-repeat":"repeat","background-position":"center center","background-size":"auto","background-attachment":"scroll","background-type":"","background-media":"","overlay-type":"","overlay-color":"","overlay-opacity":"","overlay-gradient":""},"mobile":{"background-color":"","background-image":"","background-repeat":"repeat","background-position":"center center","background-size":"auto","background-attachment":"scroll","background-type":"","background-media":"","overlay-type":"","overlay-color":"","overlay-opacity":"","overlay-gradient":""}},"ast-content-background-meta":{"desktop":{"background-color":"var(--ast-global-color-5)","background-image":"","background-repeat":"repeat","background-position":"center center","background-size":"auto","background-attachment":"scroll","background-type":"","background-media":"","overlay-type":"","overlay-color":"","overlay-opacity":"","overlay-gradient":""},"tablet":{"background-color":"var(--ast-global-color-5)","background-image":"","background-repeat":"repeat","background-position":"center center","background-size":"auto","background-attachment":"scroll","background-type":"","background-media":"","overlay-type":"","overlay-color":"","overlay-opacity":"","overlay-gradient":""},"mobile":{"background-color":"var(--ast-global-color-5)","background-image":"","background-repeat":"repeat","background-position":"center center","background-size":"auto","background-attachment":"scroll","background-type":"","background-media":"","overlay-type":"","overlay-color":"","overlay-opacity":"","overlay-gradient":""}},"footnotes":""},"categories":[292],"tags":[325],"class_list":["post-16019","post","type-post","status-publish","format-standard","has-post-thumbnail","hentry","category-not","tag-noticies"],"post_mailing_queue_ids":[],"_links":{"self":[{"href":"https:\/\/serveiseducatius.xtec.cat\/girones\/wp-json\/wp\/v2\/posts\/16019","targetHints":{"allow":["GET"]}}],"collection":[{"href":"https:\/\/serveiseducatius.xtec.cat\/girones\/wp-json\/wp\/v2\/posts"}],"about":[{"href":"https:\/\/serveiseducatius.xtec.cat\/girones\/wp-json\/wp\/v2\/types\/post"}],"author":[{"embeddable":true,"href":"https:\/\/serveiseducatius.xtec.cat\/girones\/wp-json\/wp\/v2\/users\/1"}],"replies":[{"embeddable":true,"href":"https:\/\/serveiseducatius.xtec.cat\/girones\/wp-json\/wp\/v2\/comments?post=16019"}],"version-history":[{"count":3,"href":"https:\/\/serveiseducatius.xtec.cat\/girones\/wp-json\/wp\/v2\/posts\/16019\/revisions"}],"predecessor-version":[{"id":16027,"href":"https:\/\/serveiseducatius.xtec.cat\/girones\/wp-json\/wp\/v2\/posts\/16019\/revisions\/16027"}],"wp:featuredmedia":[{"embeddable":true,"href":"https:\/\/serveiseducatius.xtec.cat\/girones\/wp-json\/wp\/v2\/media\/16018"}],"wp:attachment":[{"href":"https:\/\/serveiseducatius.xtec.cat\/girones\/wp-json\/wp\/v2\/media?parent=16019"}],"wp:term":[{"taxonomy":"category","embeddable":true,"href":"https:\/\/serveiseducatius.xtec.cat\/girones\/wp-json\/wp\/v2\/categories?post=16019"},{"taxonomy":"post_tag","embeddable":true,"href":"https:\/\/serveiseducatius.xtec.cat\/girones\/wp-json\/wp\/v2\/tags?post=16019"}],"curies":[{"name":"wp","href":"https:\/\/api.w.org\/{rel}","templated":true}]}}