{"id":15212,"date":"2022-06-23T12:54:57","date_gmt":"2022-06-23T10:54:57","guid":{"rendered":"https:\/\/serveiseducatius.xtec.cat\/girones\/?p=15212"},"modified":"2022-06-27T11:29:16","modified_gmt":"2022-06-27T09:29:16","slug":"recull-juny-22","status":"publish","type":"post","link":"https:\/\/serveiseducatius.xtec.cat\/girones\/recull-2\/recull-juny-22\/","title":{"rendered":"Recull Juny 22"},"content":{"rendered":"<h5>\u00a0<\/h5>\n<table class=\" alignleft\" style=\"height: 1114px; text-align: justify; margin: auto; border-color: #315d5d; width: 92.6618%; border-style: dotted; background-color: #ffffff;\" border=\"0\" width=\"800\" cellspacing=\"0\" cellpadding=\"0\" align=\"center\">\n<tbody>\n<tr style=\"height: 10px;\">\n<td style=\"height: 10px; width: 0.782473%;\" colspan=\"5\" bgcolor=\"#315D5d\">\n<h5><strong><a style=\"font-size: 16px; font-weight: 400;\" href=\"https:\/\/serveiseducatius.xtec.cat\/girones\/not\/cicle-de-conferencies-accio-tutorial\/\"><span style=\"color: #222222;\"><img loading=\"lazy\" decoding=\"async\" class=\"alignnone size-full wp-image-8607\" src=\"https:\/\/serveiseducatius.xtec.cat\/girones\/wp-content\/uploads\/usu1154\/2019\/03\/bannerrecull.png\" alt=\"\" width=\"800\" height=\"98\" srcset=\"https:\/\/serveiseducatius.xtec.cat\/girones\/wp-content\/uploads\/usu1154\/2019\/03\/bannerrecull.png 800w, https:\/\/serveiseducatius.xtec.cat\/girones\/wp-content\/uploads\/usu1154\/2019\/03\/bannerrecull-300x37.png 300w, https:\/\/serveiseducatius.xtec.cat\/girones\/wp-content\/uploads\/usu1154\/2019\/03\/bannerrecull-768x94.png 768w\" sizes=\"auto, (max-width: 800px) 100vw, 800px\" \/><\/span><\/a><\/strong><\/h5>\n<\/td>\n<\/tr>\n<tr style=\"height: 48px;\">\n<td style=\"width: 0.782473%; height: 48px; text-align: center;\" colspan=\"5\" bgcolor=\"#315D5d\">\n<h5><span style=\"font-size: 16px; font-weight: 400;\"><span style=\"font-size: 20px; color: #ffff99;\"><strong>Recull &#8211; Juny <\/strong><strong>2022<\/strong><\/span><br \/>\n<\/span><\/h5>\n<\/td>\n<\/tr>\n<tr style=\"height: 40px;\">\n<td style=\"height: 40px; width: 0.782473%;\" colspan=\"5\" bgcolor=\"#f4f2f2\">\n<h4><span style=\"color: #315d5d;\">Jornades<\/span><\/h4>\n<\/td>\n<\/tr>\n<tr style=\"height: 31px;\">\n<td style=\"background-color: #ffffff; height: 31px; width: 0.782473%;\" colspan=\"5\">\n<h5>Biblioteca i escola<\/h5>\n<\/td>\n<\/tr>\n<tr style=\"height: 128px;\">\n<td style=\"background-color: #ffffff; width: 0.782473%; height: 128px;\" colspan=\"5\">\n<p><a href=\"https:\/\/sites.google.com\/segirones.cat\/escoladestiubibliotecaiescola\" target=\"_blank\" rel=\"noopener\"><img loading=\"lazy\" decoding=\"async\" class=\"alignleft\" src=\"https:\/\/serveiseducatius.xtec.cat\/girones\/wp-content\/uploads\/usu1154\/2022\/05\/biblio-i-escola.jpg\" alt=\"\" width=\"135\" height=\"130\" \/><\/a>L\u2019Escola d\u2019Estiu Biblioteca i Escola se celebrar\u00e0 el dimarts, 12 de juliol, de 9h a les 14h a la <span class=\" aw5Odc\"><a class=\"XqQF9c\" href=\"https:\/\/goo.gl\/maps\/AdxUeHtT9p3ifEfJ7\" target=\"_blank\" rel=\"noopener\">Biblioteca P\u00fablica Ant\u00f2nia Adroher<\/a><\/span>. A partir de les 8.30h es podr\u00e0 recollir l\u2019acreditaci\u00f3.<br \/>\n<span id=\"more-15198\"><\/span>La <span class=\" aw5Odc\"><a class=\"XqQF9c\" href=\"https:\/\/docs.google.com\/forms\/d\/e\/1FAIpQLSdlqlCObUQBBzpnya2-tLxJqUxLAwiKKDC1UKXHErPjUu_vaA\/viewform\" target=\"_blank\" rel=\"noopener\">inscripci\u00f3<\/a><\/span> est\u00e0 oberta a les persones que s\u2019hi han preinscrit i als centres educatius, biblioteques p\u00fabliques i persones d\u2019altres institucions educatives que hi puguin estar interessades. El preu de\u00a0la inscripci\u00f3 \u00e9s de\u00a0 10\u20ac.<\/p>\n<\/td>\n<\/tr>\n<tr style=\"height: 40px;\">\n<td style=\"height: 40px; width: 0.782473%;\" colspan=\"5\" bgcolor=\"#f4f2f2\">\n<h4><span style=\"color: #315d5d;\">Recursos<\/span><\/h4>\n<\/td>\n<\/tr>\n<tr style=\"height: 50px;\">\n<td style=\"background-color: #ffffff; height: 50px; width: 0.782473%;\" colspan=\"5\">\n<h5 class=\"entry-title\">El nou curr\u00edculum<\/h5>\n<\/td>\n<\/tr>\n<tr style=\"height: 136px;\">\n<td style=\"background-color: #ffffff; height: 136px;\" colspan=\"5\">\n<p class=\"entry-title\"><a href=\"https:\/\/projectes.xtec.cat\/nou-curriculum\/\" target=\"_blank\" rel=\"noopener\"><img loading=\"lazy\" decoding=\"async\" class=\"alignleft\" src=\"https:\/\/serveiseducatius.xtec.cat\/girones\/wp-content\/uploads\/usu1154\/2022\/06\/Curriculum-1.png\" alt=\"\" width=\"136\" height=\"141\" \/><\/a><br \/>\nWeb del Departament d\u2019Educaci\u00f3:\u00a0<a href=\"https:\/\/projectes.xtec.cat\/nou-curriculum\/\">\u201cEl nou curr\u00edculum. Una oportunitat per aprendre amb sentit\u201d<\/a>. S\u2019hi recullen les q\u00fcestions m\u00e9s significatives de nou Decret: Qu\u00e8 vol dir aprendre amb sentit? Per qu\u00e8 un nou curr\u00edculum? Com s\u2019organitza? Quina avaluaci\u00f3 promou?<\/p>\n<\/td>\n<\/tr>\n<tr style=\"height: 50px;\">\n<td style=\"background-color: #ffffff; height: 50px; width: 0.782473%;\" colspan=\"5\">\n<h5 class=\"entry-title\">Novetat: Kit micro:bit<\/h5>\n<\/td>\n<\/tr>\n<tr style=\"height: 136px;\">\n<td style=\"background-color: #ffffff; height: 136px;\" colspan=\"5\">\n<p class=\"entry-title\"><a href=\"https:\/\/serveiseducatius.xtec.cat\/girones\/not\/novetat-kit-microbit\/\" target=\"_blank\" rel=\"noopener\"><img loading=\"lazy\" decoding=\"async\" class=\"alignleft\" src=\"https:\/\/serveiseducatius.xtec.cat\/girones\/wp-content\/uploads\/usu1154\/2022\/05\/microbit-e1653067385700.jpg\" alt=\"\" width=\"146\" height=\"122\" \/><\/a>Us informem que tenim en pr\u00e9stec el kit micro:bit. Cont\u00e9: 8 plaques Microbit V.2, 8 cables micro USB, 8 portapiles (3V) Microbit,, 24 pinces de cocodril, 8 robots CUTEBOT, 1 joystick Microbit,40 piles AAA (1,5V). Podeu trobar experi\u00e8ncies que es poden fer amb la maleta a: <a href=\"https:\/\/sites.google.com\/insvilablareix.cat\/microbit\/inici?authuser=0\" target=\"_blank\" rel=\"noopener\">Pr\u00e0ctiques microbit<\/a><\/p>\n<\/td>\n<\/tr>\n<tr style=\"height: 50px;\">\n<td style=\"background-color: #ffffff; width: 0.782473%; height: 50px;\" colspan=\"5\">\n<h5 class=\"entry-title\">Oferta educativa de la coordinadora d&#8217;ONG solid\u00e0ries<\/h5>\n<\/td>\n<\/tr>\n<tr style=\"height: 137px;\">\n<td style=\"background-color: #ffffff; height: 137px;\" colspan=\"5\">\n<p class=\"entry-title\"><a href=\"https:\/\/www.solidaries.org\/\" target=\"_blank\" rel=\"noopener\"><img loading=\"lazy\" decoding=\"async\" class=\"alignleft\" src=\"https:\/\/serveiseducatius.xtec.cat\/girones\/wp-content\/uploads\/usu1154\/2022\/05\/coordinadora.jpg\" alt=\"\" width=\"156\" height=\"106\" \/><\/a>La Coordinadora d\u2019ONG Solid\u00e0ries de les comarques gironines ofereixen tallers, trobades i activitats per a donar a con\u00e8ixer la realitat de les zones on actuen i per a organitzar campanyes de den\u00fancia i sensibilitzaci\u00f3. A part de l\u2019oferta de tallers, el Centre de recursos per la Pau de la Coordinadora,\u00a0<a href=\"https:\/\/www.solidaries.org\/centre-de-recursos\/\" target=\"_blank\" rel=\"noopener\">CeDRe<\/a>, t\u00e9 en pr\u00e9stec gratu\u00eft materials i jocs. <span id=\"more-15182\"><\/span><a href=\"https:\/\/serveiseducatius.xtec.cat\/girones\/wp-content\/uploads\/usu1154\/2022\/05\/Ofertaeducativa_Entitats-curs22-23.pdf\" target=\"_blank\" rel=\"noopener\">Tallers educatius 2022-23<\/a>\u00a0<\/p>\n<\/td>\n<\/tr>\n<tr style=\"height: 50px;\">\n<td style=\"background-color: #ffffff; height: 50px;\" colspan=\"5\">\n<h5 class=\"entry-title\">Pautes per a la difusi\u00f3 dimatges de menors i joves<\/h5>\n<\/td>\n<\/tr>\n<tr style=\"height: 153px;\">\n<td style=\"background-color: #ffffff; height: 153px;\" colspan=\"5\"><a href=\"https:\/\/apdcat.gencat.cat\/web\/.content\/04-actualitat\/noticies\/documents\/DifusioImatgesMenors.pdf\" target=\"_blank\" rel=\"noopener\"><img loading=\"lazy\" decoding=\"async\" class=\"alignleft\" src=\"https:\/\/serveiseducatius.xtec.cat\/girones\/wp-content\/uploads\/usu1154\/2022\/05\/imatges-e1653382709754.jpg\" alt=\"\" width=\"164\" height=\"122\" \/><\/a><\/p>\n<p>L\u2019Autoritat Catalana de Protecci\u00f3 de Dades promou la publicaci\u00f3 responsable d\u2019imatges de menors a internet i les xarxes socials. L\u2019objectiu \u00e9s refor\u00e7ar la consci\u00e8ncia de protecci\u00f3 de la privacitat de menors i joves. Aquest material divulgatiu incideix en algunes pr\u00e0ctiques detectades que poden comportar una sobreexposici\u00f3 d\u2019informaci\u00f3 personal del menor, amb riscos per a la seva privacitat, encara que es tingui el consentiment v\u00e0lid per difondre-la.<\/p>\n<h5 class=\"entry-title\">\u00a0<\/h5>\n<\/td>\n<\/tr>\n<tr style=\"height: 5px;\">\n<td style=\"width: 0.782473%; height: 5px;\" colspan=\"5\" bgcolor=\"#315D5d\"><span style=\"font-size: 16px;\">\u00a0<\/span><\/td>\n<\/tr>\n<\/tbody>\n<\/table>\n","protected":false},"excerpt":{"rendered":"<p>\u00a0 Recull &#8211; Juny 2022 Jornades Biblioteca i escola L\u2019Escola d\u2019Estiu Biblioteca i Escola se celebrar\u00e0 el dimarts, 12 de juliol, de 9h a les 14h a la Biblioteca P\u00fablica Ant\u00f2nia Adroher. A partir de les 8.30h es podr\u00e0 recollir l\u2019acreditaci\u00f3. La inscripci\u00f3 est\u00e0 oberta a les persones que s\u2019hi han preinscrit i als centres [&hellip;]<\/p>\n","protected":false},"author":1,"featured_media":10398,"comment_status":"closed","ping_status":"closed","sticky":false,"template":"","format":"standard","meta":{"site-sidebar-layout":"default","site-content-layout":"","ast-site-content-layout":"","site-content-style":"default","site-sidebar-style":"default","ast-global-header-display":"","ast-banner-title-visibility":"","ast-main-header-display":"","ast-hfb-above-header-display":"","ast-hfb-below-header-display":"","ast-hfb-mobile-header-display":"","site-post-title":"","ast-breadcrumbs-content":"","ast-featured-img":"","footer-sml-layout":"","theme-transparent-header-meta":"","adv-header-id-meta":"","stick-header-meta":"","header-above-stick-meta":"","header-main-stick-meta":"","header-below-stick-meta":"","astra-migrate-meta-layouts":"default","ast-page-background-enabled":"default","ast-page-background-meta":{"desktop":{"background-color":"var(--ast-global-color-4)","background-image":"","background-repeat":"repeat","background-position":"center center","background-size":"auto","background-attachment":"scroll","background-type":"","background-media":"","overlay-type":"","overlay-color":"","overlay-opacity":"","overlay-gradient":""},"tablet":{"background-color":"","background-image":"","background-repeat":"repeat","background-position":"center center","background-size":"auto","background-attachment":"scroll","background-type":"","background-media":"","overlay-type":"","overlay-color":"","overlay-opacity":"","overlay-gradient":""},"mobile":{"background-color":"","background-image":"","background-repeat":"repeat","background-position":"center center","background-size":"auto","background-attachment":"scroll","background-type":"","background-media":"","overlay-type":"","overlay-color":"","overlay-opacity":"","overlay-gradient":""}},"ast-content-background-meta":{"desktop":{"background-color":"var(--ast-global-color-5)","background-image":"","background-repeat":"repeat","background-position":"center center","background-size":"auto","background-attachment":"scroll","background-type":"","background-media":"","overlay-type":"","overlay-color":"","overlay-opacity":"","overlay-gradient":""},"tablet":{"background-color":"var(--ast-global-color-5)","background-image":"","background-repeat":"repeat","background-position":"center center","background-size":"auto","background-attachment":"scroll","background-type":"","background-media":"","overlay-type":"","overlay-color":"","overlay-opacity":"","overlay-gradient":""},"mobile":{"background-color":"var(--ast-global-color-5)","background-image":"","background-repeat":"repeat","background-position":"center center","background-size":"auto","background-attachment":"scroll","background-type":"","background-media":"","overlay-type":"","overlay-color":"","overlay-opacity":"","overlay-gradient":""}},"footnotes":""},"categories":[320],"tags":[321],"class_list":["post-15212","post","type-post","status-publish","format-standard","has-post-thumbnail","hentry","category-recull-2","tag-el-recull"],"post_mailing_queue_ids":[],"_links":{"self":[{"href":"https:\/\/serveiseducatius.xtec.cat\/girones\/wp-json\/wp\/v2\/posts\/15212","targetHints":{"allow":["GET"]}}],"collection":[{"href":"https:\/\/serveiseducatius.xtec.cat\/girones\/wp-json\/wp\/v2\/posts"}],"about":[{"href":"https:\/\/serveiseducatius.xtec.cat\/girones\/wp-json\/wp\/v2\/types\/post"}],"author":[{"embeddable":true,"href":"https:\/\/serveiseducatius.xtec.cat\/girones\/wp-json\/wp\/v2\/users\/1"}],"replies":[{"embeddable":true,"href":"https:\/\/serveiseducatius.xtec.cat\/girones\/wp-json\/wp\/v2\/comments?post=15212"}],"version-history":[{"count":3,"href":"https:\/\/serveiseducatius.xtec.cat\/girones\/wp-json\/wp\/v2\/posts\/15212\/revisions"}],"predecessor-version":[{"id":15280,"href":"https:\/\/serveiseducatius.xtec.cat\/girones\/wp-json\/wp\/v2\/posts\/15212\/revisions\/15280"}],"wp:featuredmedia":[{"embeddable":true,"href":"https:\/\/serveiseducatius.xtec.cat\/girones\/wp-json\/wp\/v2\/media\/10398"}],"wp:attachment":[{"href":"https:\/\/serveiseducatius.xtec.cat\/girones\/wp-json\/wp\/v2\/media?parent=15212"}],"wp:term":[{"taxonomy":"category","embeddable":true,"href":"https:\/\/serveiseducatius.xtec.cat\/girones\/wp-json\/wp\/v2\/categories?post=15212"},{"taxonomy":"post_tag","embeddable":true,"href":"https:\/\/serveiseducatius.xtec.cat\/girones\/wp-json\/wp\/v2\/tags?post=15212"}],"curies":[{"name":"wp","href":"https:\/\/api.w.org\/{rel}","templated":true}]}}