{"id":15049,"date":"2022-04-06T14:09:59","date_gmt":"2022-04-06T12:09:59","guid":{"rendered":"https:\/\/serveiseducatius.xtec.cat\/girones\/?p=15049"},"modified":"2022-04-06T14:12:54","modified_gmt":"2022-04-06T12:12:54","slug":"acte-debat-la-realitat-del-catala-a-leducacio-a-girona","status":"publish","type":"post","link":"https:\/\/serveiseducatius.xtec.cat\/girones\/general\/acte-debat-la-realitat-del-catala-a-leducacio-a-girona\/","title":{"rendered":"Acte-debat &#8221; La realitat del catal\u00e0 a l&#8217;educaci\u00f3&#8221; a Girona"},"content":{"rendered":"<p><a href=\"https:\/\/serveiseducatius.xtec.cat\/girones\/wp-content\/uploads\/usu1154\/2022\/04\/ACTE-DEBAT-LLENGUA-A-LEDUCACIO-07-04-22-1.jpg\"><img loading=\"lazy\" decoding=\"async\" class=\"alignnone  wp-image-15052\" src=\"https:\/\/serveiseducatius.xtec.cat\/girones\/wp-content\/uploads\/usu1154\/2022\/04\/ACTE-DEBAT-LLENGUA-A-LEDUCACIO-07-04-22-1-724x1024.jpg\" alt=\"\" width=\"282\" height=\"399\" \/><\/a><\/p>\n<p>Acte-debat &#8221; La realitat del catal\u00e0 a l&#8217;educaci\u00f3&#8221; . Dijous 7 d&#8217;abril a les 6 de la tarda, sala polivalent del Centre Cultural La Merc\u00e8<\/p>\n<p>Amb la participaci\u00f3 de: Marina Gay , portaveu de Som Escola,\u00a0 Albert Bayot, professor de catal\u00e0 i director de l&#8217;institut de Sarri\u00e0 de Teri una fila<strong>\u00a0<\/strong>0 del sector educatiu.<!--more--><\/p>\n<p>Cal posar de relleu la realitat de la llengua catalana a l&#8217;educaci\u00f3 per defensar efica\u00e7ment\u00a0 la llengua i la seva vehicularitat. I plantejar propostes per promoure la implicaci\u00f3 de tots els agents educatius, del conjunt de la societat i de les institucions p\u00fabliques.\u00a0\u00a0<\/p>\n","protected":false},"excerpt":{"rendered":"<p>Acte-debat &#8221; La realitat del catal\u00e0 a l&#8217;educaci\u00f3&#8221; . Dijous 7 d&#8217;abril a les 6 de la tarda, sala polivalent del Centre Cultural La Merc\u00e8 Amb la participaci\u00f3 de: Marina Gay , portaveu de Som Escola,\u00a0 Albert Bayot, professor de catal\u00e0 i director de l&#8217;institut de Sarri\u00e0 de Teri una fila\u00a00 del sector educatiu.<\/p>\n","protected":false},"author":1,"featured_media":0,"comment_status":"closed","ping_status":"closed","sticky":false,"template":"","format":"standard","meta":{"site-sidebar-layout":"default","site-content-layout":"","ast-site-content-layout":"","site-content-style":"default","site-sidebar-style":"default","ast-global-header-display":"","ast-banner-title-visibility":"","ast-main-header-display":"","ast-hfb-above-header-display":"","ast-hfb-below-header-display":"","ast-hfb-mobile-header-display":"","site-post-title":"","ast-breadcrumbs-content":"","ast-featured-img":"","footer-sml-layout":"","theme-transparent-header-meta":"","adv-header-id-meta":"","stick-header-meta":"","header-above-stick-meta":"","header-main-stick-meta":"","header-below-stick-meta":"","astra-migrate-meta-layouts":"default","ast-page-background-enabled":"default","ast-page-background-meta":{"desktop":{"background-color":"var(--ast-global-color-4)","background-image":"","background-repeat":"repeat","background-position":"center center","background-size":"auto","background-attachment":"scroll","background-type":"","background-media":"","overlay-type":"","overlay-color":"","overlay-opacity":"","overlay-gradient":""},"tablet":{"background-color":"","background-image":"","background-repeat":"repeat","background-position":"center center","background-size":"auto","background-attachment":"scroll","background-type":"","background-media":"","overlay-type":"","overlay-color":"","overlay-opacity":"","overlay-gradient":""},"mobile":{"background-color":"","background-image":"","background-repeat":"repeat","background-position":"center center","background-size":"auto","background-attachment":"scroll","background-type":"","background-media":"","overlay-type":"","overlay-color":"","overlay-opacity":"","overlay-gradient":""}},"ast-content-background-meta":{"desktop":{"background-color":"var(--ast-global-color-5)","background-image":"","background-repeat":"repeat","background-position":"center center","background-size":"auto","background-attachment":"scroll","background-type":"","background-media":"","overlay-type":"","overlay-color":"","overlay-opacity":"","overlay-gradient":""},"tablet":{"background-color":"var(--ast-global-color-5)","background-image":"","background-repeat":"repeat","background-position":"center center","background-size":"auto","background-attachment":"scroll","background-type":"","background-media":"","overlay-type":"","overlay-color":"","overlay-opacity":"","overlay-gradient":""},"mobile":{"background-color":"var(--ast-global-color-5)","background-image":"","background-repeat":"repeat","background-position":"center center","background-size":"auto","background-attachment":"scroll","background-type":"","background-media":"","overlay-type":"","overlay-color":"","overlay-opacity":"","overlay-gradient":""}},"footnotes":""},"categories":[1,292],"tags":[288,325],"class_list":["post-15049","post","type-post","status-publish","format-standard","hentry","category-general","category-not","tag-noticia","tag-noticies"],"post_mailing_queue_ids":[],"_links":{"self":[{"href":"https:\/\/serveiseducatius.xtec.cat\/girones\/wp-json\/wp\/v2\/posts\/15049","targetHints":{"allow":["GET"]}}],"collection":[{"href":"https:\/\/serveiseducatius.xtec.cat\/girones\/wp-json\/wp\/v2\/posts"}],"about":[{"href":"https:\/\/serveiseducatius.xtec.cat\/girones\/wp-json\/wp\/v2\/types\/post"}],"author":[{"embeddable":true,"href":"https:\/\/serveiseducatius.xtec.cat\/girones\/wp-json\/wp\/v2\/users\/1"}],"replies":[{"embeddable":true,"href":"https:\/\/serveiseducatius.xtec.cat\/girones\/wp-json\/wp\/v2\/comments?post=15049"}],"version-history":[{"count":3,"href":"https:\/\/serveiseducatius.xtec.cat\/girones\/wp-json\/wp\/v2\/posts\/15049\/revisions"}],"predecessor-version":[{"id":15056,"href":"https:\/\/serveiseducatius.xtec.cat\/girones\/wp-json\/wp\/v2\/posts\/15049\/revisions\/15056"}],"wp:attachment":[{"href":"https:\/\/serveiseducatius.xtec.cat\/girones\/wp-json\/wp\/v2\/media?parent=15049"}],"wp:term":[{"taxonomy":"category","embeddable":true,"href":"https:\/\/serveiseducatius.xtec.cat\/girones\/wp-json\/wp\/v2\/categories?post=15049"},{"taxonomy":"post_tag","embeddable":true,"href":"https:\/\/serveiseducatius.xtec.cat\/girones\/wp-json\/wp\/v2\/tags?post=15049"}],"curies":[{"name":"wp","href":"https:\/\/api.w.org\/{rel}","templated":true}]}}