{"id":14982,"date":"2022-03-17T10:16:47","date_gmt":"2022-03-17T09:16:47","guid":{"rendered":"https:\/\/serveiseducatius.xtec.cat\/girones\/?p=14982"},"modified":"2022-04-05T09:24:53","modified_gmt":"2022-04-05T07:24:53","slug":"programes-dinnovacio-pedagogica-3","status":"publish","type":"post","link":"https:\/\/serveiseducatius.xtec.cat\/girones\/not\/programes-dinnovacio-pedagogica-3\/","title":{"rendered":"Programes d&#8217;Innovaci\u00f3 Pedag\u00f2gica"},"content":{"rendered":"<p><a href=\"https:\/\/serveiseducatius.xtec.cat\/girones\/wp-content\/uploads\/usu1154\/2022\/03\/Untitled.jpg\"><img loading=\"lazy\" decoding=\"async\" class=\"alignnone size-full wp-image-14981\" src=\"https:\/\/serveiseducatius.xtec.cat\/girones\/wp-content\/uploads\/usu1154\/2022\/03\/Untitled.jpg\" alt=\"\" width=\"960\" height=\"540\" srcset=\"https:\/\/serveiseducatius.xtec.cat\/girones\/wp-content\/uploads\/usu1154\/2022\/03\/Untitled.jpg 960w, https:\/\/serveiseducatius.xtec.cat\/girones\/wp-content\/uploads\/usu1154\/2022\/03\/Untitled-300x169.jpg 300w, https:\/\/serveiseducatius.xtec.cat\/girones\/wp-content\/uploads\/usu1154\/2022\/03\/Untitled-768x432.jpg 768w\" sizes=\"auto, (max-width: 960px) 100vw, 960px\" \/><\/a><\/p>\n<p style=\"text-align: justify;\">El dia 16 de mar\u00e7 es va obrir la <strong>convocat\u00f2ria p\u00fablica per a la participaci\u00f3 dels centres educatius en programes d&#8217;Innovaci\u00f3 Pedag\u00f2gica. <\/strong>El termini d&#8217;inscripci\u00f3 per participar-hi \u00e9s del 17 de mar\u00e7 fins el 16 de maig de 2022. Els centres educatius que estiguin interessats a participar en aquesta convocat\u00f2ria han de:<!--more--><\/p>\n<ol>\n<li dir=\"ltr\">Con\u00e8ixer l&#8217;oferta de programes accedint a l&#8217;apartat de la l\u2019<a href=\"http:\/\/xtec.gencat.cat\/ca\/innovacio\/programes_innovacio\/\">XTEC d&#8217;Innovaci\u00f3 Pedag\u00f2gica\u00a0 o al Portal de centres<\/a>.\u00a0 \u00a0<\/li>\n<li dir=\"ltr\">Consultar la resoluci\u00f3 corresponent de cada programa d&#8217;innovaci\u00f3 per comprovar l\u2019acceptaci\u00f3 o no de la participaci\u00f3 en el programa.<\/li>\n<li dir=\"ltr\">Sol\u00b7licitar la participaci\u00f3 en el programa d\u2019innovaci\u00f3 d\u2019acord amb les prioritats del seu Projecte Educatiu.<\/li>\n<\/ol>\n","protected":false},"excerpt":{"rendered":"<p>El dia 16 de mar\u00e7 es va obrir la convocat\u00f2ria p\u00fablica per a la participaci\u00f3 dels centres educatius en programes d&#8217;Innovaci\u00f3 Pedag\u00f2gica. El termini d&#8217;inscripci\u00f3 per participar-hi \u00e9s del 17 de mar\u00e7 fins el 16 de maig de 2022. Els centres educatius que estiguin interessats a participar en aquesta convocat\u00f2ria han de:<\/p>\n","protected":false},"author":1,"featured_media":14981,"comment_status":"closed","ping_status":"closed","sticky":false,"template":"","format":"standard","meta":{"site-sidebar-layout":"default","site-content-layout":"","ast-site-content-layout":"","site-content-style":"default","site-sidebar-style":"default","ast-global-header-display":"","ast-banner-title-visibility":"","ast-main-header-display":"","ast-hfb-above-header-display":"","ast-hfb-below-header-display":"","ast-hfb-mobile-header-display":"","site-post-title":"","ast-breadcrumbs-content":"","ast-featured-img":"","footer-sml-layout":"","theme-transparent-header-meta":"","adv-header-id-meta":"","stick-header-meta":"","header-above-stick-meta":"","header-main-stick-meta":"","header-below-stick-meta":"","astra-migrate-meta-layouts":"default","ast-page-background-enabled":"default","ast-page-background-meta":{"desktop":{"background-color":"var(--ast-global-color-4)","background-image":"","background-repeat":"repeat","background-position":"center center","background-size":"auto","background-attachment":"scroll","background-type":"","background-media":"","overlay-type":"","overlay-color":"","overlay-opacity":"","overlay-gradient":""},"tablet":{"background-color":"","background-image":"","background-repeat":"repeat","background-position":"center center","background-size":"auto","background-attachment":"scroll","background-type":"","background-media":"","overlay-type":"","overlay-color":"","overlay-opacity":"","overlay-gradient":""},"mobile":{"background-color":"","background-image":"","background-repeat":"repeat","background-position":"center center","background-size":"auto","background-attachment":"scroll","background-type":"","background-media":"","overlay-type":"","overlay-color":"","overlay-opacity":"","overlay-gradient":""}},"ast-content-background-meta":{"desktop":{"background-color":"var(--ast-global-color-5)","background-image":"","background-repeat":"repeat","background-position":"center center","background-size":"auto","background-attachment":"scroll","background-type":"","background-media":"","overlay-type":"","overlay-color":"","overlay-opacity":"","overlay-gradient":""},"tablet":{"background-color":"var(--ast-global-color-5)","background-image":"","background-repeat":"repeat","background-position":"center center","background-size":"auto","background-attachment":"scroll","background-type":"","background-media":"","overlay-type":"","overlay-color":"","overlay-opacity":"","overlay-gradient":""},"mobile":{"background-color":"var(--ast-global-color-5)","background-image":"","background-repeat":"repeat","background-position":"center center","background-size":"auto","background-attachment":"scroll","background-type":"","background-media":"","overlay-type":"","overlay-color":"","overlay-opacity":"","overlay-gradient":""}},"footnotes":""},"categories":[292],"tags":[288,325],"class_list":["post-14982","post","type-post","status-publish","format-standard","has-post-thumbnail","hentry","category-not","tag-noticia","tag-noticies"],"post_mailing_queue_ids":[],"_links":{"self":[{"href":"https:\/\/serveiseducatius.xtec.cat\/girones\/wp-json\/wp\/v2\/posts\/14982","targetHints":{"allow":["GET"]}}],"collection":[{"href":"https:\/\/serveiseducatius.xtec.cat\/girones\/wp-json\/wp\/v2\/posts"}],"about":[{"href":"https:\/\/serveiseducatius.xtec.cat\/girones\/wp-json\/wp\/v2\/types\/post"}],"author":[{"embeddable":true,"href":"https:\/\/serveiseducatius.xtec.cat\/girones\/wp-json\/wp\/v2\/users\/1"}],"replies":[{"embeddable":true,"href":"https:\/\/serveiseducatius.xtec.cat\/girones\/wp-json\/wp\/v2\/comments?post=14982"}],"version-history":[{"count":3,"href":"https:\/\/serveiseducatius.xtec.cat\/girones\/wp-json\/wp\/v2\/posts\/14982\/revisions"}],"predecessor-version":[{"id":15044,"href":"https:\/\/serveiseducatius.xtec.cat\/girones\/wp-json\/wp\/v2\/posts\/14982\/revisions\/15044"}],"wp:featuredmedia":[{"embeddable":true,"href":"https:\/\/serveiseducatius.xtec.cat\/girones\/wp-json\/wp\/v2\/media\/14981"}],"wp:attachment":[{"href":"https:\/\/serveiseducatius.xtec.cat\/girones\/wp-json\/wp\/v2\/media?parent=14982"}],"wp:term":[{"taxonomy":"category","embeddable":true,"href":"https:\/\/serveiseducatius.xtec.cat\/girones\/wp-json\/wp\/v2\/categories?post=14982"},{"taxonomy":"post_tag","embeddable":true,"href":"https:\/\/serveiseducatius.xtec.cat\/girones\/wp-json\/wp\/v2\/tags?post=14982"}],"curies":[{"name":"wp","href":"https:\/\/api.w.org\/{rel}","templated":true}]}}