{"id":14951,"date":"2022-03-10T10:26:22","date_gmt":"2022-03-10T09:26:22","guid":{"rendered":"https:\/\/serveiseducatius.xtec.cat\/girones\/?p=14951"},"modified":"2022-03-21T14:18:03","modified_gmt":"2022-03-21T13:18:03","slug":"formacio-de-servei-comunitari","status":"publish","type":"post","link":"https:\/\/serveiseducatius.xtec.cat\/girones\/not\/formacio-de-servei-comunitari\/","title":{"rendered":"Formaci\u00f3 de Servei Comunitari"},"content":{"rendered":"<p><a href=\"https:\/\/serveiseducatius.xtec.cat\/girones\/wp-content\/uploads\/usu1154\/2022\/03\/Formacio\u0301-ZOOM-Servei-Comunitari.pdf\" target=\"_blank\" rel=\"noopener\"><img loading=\"lazy\" decoding=\"async\" class=\"aligncenter\" src=\"https:\/\/serveiseducatius.xtec.cat\/girones\/wp-content\/uploads\/usu1154\/2022\/03\/servie-comunitari-e1646904155814.jpg\" alt=\"\" width=\"300\" height=\"166\" \/><\/a><\/p>\n<p style=\"text-align: justify;\">Durat el per\u00edode mar\u00e7-juny, s&#8217;ha programat un cicle de sis confer\u00e8ncies en l\u00ednia relacionades amb el Servei Comunitari de Secund\u00e0ria. Us facilitem l&#8217;<span style=\"text-decoration: underline;\"><a href=\"https:\/\/aplicacions.gestioeducativa.gencat.cat\/pls\/soloas\/pk_for_mod_ins.p_for_detall_activitat?p_codi=9000090541&amp;p_curs=2021-2022&amp;p_es_inscr=S\" target=\"_blank\" rel=\"noopener\">enlla\u00e7 d&#8217;inscripci\u00f3<\/a><\/span> per al professorat. el per\u00edode d&#8217;inscripci\u00f3 \u00e9s del 15 al 29 de mar\u00e7.<!--more--><\/p>\n<p style=\"text-align: justify;\">Els docents inscrits podran obtenir certificat si assisteixen a totes les confer\u00e8ncies. Les\u00a0 persones que no s\u00f3n docents es poden inscriure a trav\u00e9s d&#8217;aquest <span style=\"text-decoration: underline;\"><a href=\"https:\/\/docs.google.com\/forms\/d\/e\/1FAIpQLSd0umZ1lVVc1-RKQTMTCc2vNbY8XIQypo2E6EXFt_kgh7SKig\/viewform\" target=\"_blank\" rel=\"noopener\" data-saferedirecturl=\"https:\/\/www.google.com\/url?q=https:\/\/docs.google.com\/forms\/d\/e\/1FAIpQLSd0umZ1lVVc1-RKQTMTCc2vNbY8XIQypo2E6EXFt_kgh7SKig\/viewform&amp;source=gmail&amp;ust=1646840409663000&amp;usg=AOvVaw3K_fjUlxsCopCsDce2kZel\">formulari<\/a><\/span>\u00a0i rebran un certificat d\u2019assist\u00e8ncia de les xerrades en qu\u00e8 participin.<\/p>\n<p><a href=\"https:\/\/serveiseducatius.xtec.cat\/segarra\/wp-content\/uploads\/usu1148\/2022\/03\/xerrades_formacio_sc.pdf\" target=\"_blank\" rel=\"noopener\">M\u00e9s informaci\u00f3\u00bb<\/a><\/p>\n","protected":false},"excerpt":{"rendered":"<p>Durat el per\u00edode mar\u00e7-juny, s&#8217;ha programat un cicle de sis confer\u00e8ncies en l\u00ednia relacionades amb el Servei Comunitari de Secund\u00e0ria. Us facilitem l&#8217;enlla\u00e7 d&#8217;inscripci\u00f3 per al professorat. el per\u00edode d&#8217;inscripci\u00f3 \u00e9s del 15 al 29 de mar\u00e7.<\/p>\n","protected":false},"author":1,"featured_media":14952,"comment_status":"closed","ping_status":"closed","sticky":false,"template":"","format":"standard","meta":{"site-sidebar-layout":"default","site-content-layout":"","ast-site-content-layout":"","site-content-style":"default","site-sidebar-style":"default","ast-global-header-display":"","ast-banner-title-visibility":"","ast-main-header-display":"","ast-hfb-above-header-display":"","ast-hfb-below-header-display":"","ast-hfb-mobile-header-display":"","site-post-title":"","ast-breadcrumbs-content":"","ast-featured-img":"","footer-sml-layout":"","theme-transparent-header-meta":"","adv-header-id-meta":"","stick-header-meta":"","header-above-stick-meta":"","header-main-stick-meta":"","header-below-stick-meta":"","astra-migrate-meta-layouts":"default","ast-page-background-enabled":"default","ast-page-background-meta":{"desktop":{"background-color":"var(--ast-global-color-4)","background-image":"","background-repeat":"repeat","background-position":"center center","background-size":"auto","background-attachment":"scroll","background-type":"","background-media":"","overlay-type":"","overlay-color":"","overlay-opacity":"","overlay-gradient":""},"tablet":{"background-color":"","background-image":"","background-repeat":"repeat","background-position":"center center","background-size":"auto","background-attachment":"scroll","background-type":"","background-media":"","overlay-type":"","overlay-color":"","overlay-opacity":"","overlay-gradient":""},"mobile":{"background-color":"","background-image":"","background-repeat":"repeat","background-position":"center center","background-size":"auto","background-attachment":"scroll","background-type":"","background-media":"","overlay-type":"","overlay-color":"","overlay-opacity":"","overlay-gradient":""}},"ast-content-background-meta":{"desktop":{"background-color":"var(--ast-global-color-5)","background-image":"","background-repeat":"repeat","background-position":"center center","background-size":"auto","background-attachment":"scroll","background-type":"","background-media":"","overlay-type":"","overlay-color":"","overlay-opacity":"","overlay-gradient":""},"tablet":{"background-color":"var(--ast-global-color-5)","background-image":"","background-repeat":"repeat","background-position":"center center","background-size":"auto","background-attachment":"scroll","background-type":"","background-media":"","overlay-type":"","overlay-color":"","overlay-opacity":"","overlay-gradient":""},"mobile":{"background-color":"var(--ast-global-color-5)","background-image":"","background-repeat":"repeat","background-position":"center center","background-size":"auto","background-attachment":"scroll","background-type":"","background-media":"","overlay-type":"","overlay-color":"","overlay-opacity":"","overlay-gradient":""}},"footnotes":""},"categories":[292],"tags":[325],"class_list":["post-14951","post","type-post","status-publish","format-standard","has-post-thumbnail","hentry","category-not","tag-noticies"],"post_mailing_queue_ids":[],"_links":{"self":[{"href":"https:\/\/serveiseducatius.xtec.cat\/girones\/wp-json\/wp\/v2\/posts\/14951","targetHints":{"allow":["GET"]}}],"collection":[{"href":"https:\/\/serveiseducatius.xtec.cat\/girones\/wp-json\/wp\/v2\/posts"}],"about":[{"href":"https:\/\/serveiseducatius.xtec.cat\/girones\/wp-json\/wp\/v2\/types\/post"}],"author":[{"embeddable":true,"href":"https:\/\/serveiseducatius.xtec.cat\/girones\/wp-json\/wp\/v2\/users\/1"}],"replies":[{"embeddable":true,"href":"https:\/\/serveiseducatius.xtec.cat\/girones\/wp-json\/wp\/v2\/comments?post=14951"}],"version-history":[{"count":3,"href":"https:\/\/serveiseducatius.xtec.cat\/girones\/wp-json\/wp\/v2\/posts\/14951\/revisions"}],"predecessor-version":[{"id":14992,"href":"https:\/\/serveiseducatius.xtec.cat\/girones\/wp-json\/wp\/v2\/posts\/14951\/revisions\/14992"}],"wp:featuredmedia":[{"embeddable":true,"href":"https:\/\/serveiseducatius.xtec.cat\/girones\/wp-json\/wp\/v2\/media\/14952"}],"wp:attachment":[{"href":"https:\/\/serveiseducatius.xtec.cat\/girones\/wp-json\/wp\/v2\/media?parent=14951"}],"wp:term":[{"taxonomy":"category","embeddable":true,"href":"https:\/\/serveiseducatius.xtec.cat\/girones\/wp-json\/wp\/v2\/categories?post=14951"},{"taxonomy":"post_tag","embeddable":true,"href":"https:\/\/serveiseducatius.xtec.cat\/girones\/wp-json\/wp\/v2\/tags?post=14951"}],"curies":[{"name":"wp","href":"https:\/\/api.w.org\/{rel}","templated":true}]}}