{"id":14860,"date":"2022-03-02T14:08:54","date_gmt":"2022-03-02T13:08:54","guid":{"rendered":"https:\/\/serveiseducatius.xtec.cat\/girones\/?p=14860"},"modified":"2022-12-21T10:25:37","modified_gmt":"2022-12-21T09:25:37","slug":"acreditacio-erasmus-per-a-leducacio-escolar-crp-del-girones","status":"publish","type":"post","link":"https:\/\/serveiseducatius.xtec.cat\/girones\/general\/acreditacio-erasmus-per-a-leducacio-escolar-crp-del-girones\/","title":{"rendered":"ACREDITACI\u00d3  ERASMUS+  PER   A   L&#8217;EDUCACI\u00d3   ESCOLAR          CRP DEL GIRON\u00c8S"},"content":{"rendered":"<p>Comencem a preparar les mobilitats dels centres que formen part del nostre projecte Erasmus+ com a consorci: Escola Carme Auguet, Institut Montilivi, Institut Sarri\u00e0 i Institut Vilablareix. Aqu\u00ed teniu <span style=\"text-decoration: underline;\">l&#8217;<strong><a href=\"https:\/\/sites.google.com\/xtec.cat\/erasmus2022-23\/p%C3%A0gina-principal\">enlla\u00e7<\/a><\/strong><\/span> al nostre sites.<\/p>\n<p>&nbsp;<\/p>\n<p class=\"cdt4ke\" style=\"margin: 0cm 0cm 0.0001pt; text-align: center;\"><strong><span style=\"font-size: 16.0pt; font-family: 'Bitter','serif'; color: red;\">El CRP del Giron\u00e8s ha aconseguit l\u2019acreditaci\u00f3 Erasmus+ KA120 a la convocat\u00f2ria de 2021 com a centre coordinador de consorcis en el sector escolar.<\/span><\/strong><\/p>\n<p>&nbsp;<\/p>\n<table class=\" aligncenter\" style=\"height: 361px; width: 55.3542%; border-collapse: collapse; border-style: solid; border-color: #244444;\">\n<tbody>\n<tr style=\"height: 359px;\">\n<td style=\"width: 100%; height: 359px;\"><img loading=\"lazy\" decoding=\"async\" class=\"aligncenter\" src=\"https:\/\/serveiseducatius.xtec.cat\/girones\/wp-content\/uploads\/usu1154\/2022\/03\/Acreditacio-CRP.png\" alt=\"\" width=\"540\" height=\"335\" \/><\/td>\n<\/tr>\n<\/tbody>\n<\/table>\n<p style=\"text-align: center;\">\u00a0<\/p>\n<p><strong><u>Qu\u00e8 \u00e9s i per a qu\u00e8 serveix l&#8217;Acreditaci\u00f3 E+?<\/u><\/strong><\/p>\n<p>La Comissi\u00f3 Europea obre anualment la convocat\u00f2ria per a l&#8217;obtenci\u00f3 de l&#8217;<strong>Acreditaci\u00f3 Erasmus<\/strong> als sectors d&#8217;Educaci\u00f3 de Persones Adultes, Formaci\u00f3 Professional i Educaci\u00f3 Escolar, com a una eina per a les\u00a0 organitzacions d&#8217;educaci\u00f3 i formaci\u00f3 d&#8217;aquests tres sectors educatius que vulguin obrir-se a l&#8217;intercanvi i la cooperaci\u00f3 transfronterers en el marc del programa Erasmus+ 2021-2027.<\/p>\n<p>Mitjan\u00e7ant la concessi\u00f3 d&#8217;aquesta <strong>Acreditaci\u00f3 Erasmus<\/strong>, es confirma que l&#8217;organitzaci\u00f3 sol\u00b7licitant ha establert un pla per a dur a terme activitats de mobilitat d\u2019alta qualitat en el marc d\u2019una iniciativa m\u00e9s \u00e0mplia de desenvolupament de la seva organitzaci\u00f3. Aquest pla, anomenat <strong>Pla Erasmus<\/strong>, \u00e9s un element clau de la <strong>sol\u00b7licitud d&#8217;Acreditaci\u00f3 Erasmus<\/strong>. En aquest context, un dels beneficis principals per a les organitzacions d&#8217;educaci\u00f3 i formaci\u00f3 acreditades \u00e9s que aconseguiran simplificar l&#8217;acc\u00e9s a les oportunitats de finan\u00e7ament per sol\u00b7licitar projectes de mobilitat de l&#8217;Acci\u00f3 Clau 1 (KA1) del programa (2021-2027).<\/p>\n<p><strong><u>Coneix l&#8217;Acreditaci\u00f3 E+ del CRP del Giron\u00e8s<\/u><\/strong><\/p>\n<p>Les <strong>Acreditacions Erasmus<\/strong> s\u00f3n adjudicades pel<a href=\"http:\/\/www.sepie.es\/\"> <strong>Servicio Espa\u00f1ol para la Internacionalizaci\u00f3n de la Educaci\u00f3n (SEPIE)<\/strong><\/a> i la concessi\u00f3 d&#8217;aquesta acreditaci\u00f3, com a centre coordinador, permetr\u00e0 organitzar al CRP del Giron\u00e8s nombroses mobilitats a Europa per als docents i l\u2019alumnat dels diferents centres de Prim\u00e0ria i Secund\u00e0ria participants, impulsant aquesta manera, la internacionalitzaci\u00f3 de la nostra zona.<\/p>\n<p>Els reptes d\u2019aquest consorci giren al voltant de cinc eixos:\u00a0<\/p>\n<ol>\n<li>Internacionalitzar els centres educatius del Giron\u00e8s i millorar l\u2019aprenentatge d\u2019idiomes per tal de contribuir a l\u2019espai europeu d\u2019educaci\u00f3 i millorar la qualitat de l\u2019ensenyament i l\u2019aprenentatge.<\/li>\n<li>Contribuir al desenvolupament de les compet\u00e8ncies digitals que la ciutadania necessita per tal d\u2019integrar-se en una societat caracteritzada per transformacions i canvis accelerats derivats de les tecnologies.<\/li>\n<li>Incorporar metodologies, estrat\u00e8gies i instruments que facilitin la implementaci\u00f3 del curr\u00edculum en funci\u00f3 de les necessitats individuals de l\u2019alumnat per a fomentar un aprenentatge significatiu.<\/li>\n<li>Crear comunitats d\u2019aprenentatge per a la millora dels \u00e0mbits organitzatius, pedag\u00f2gics i de l\u2019aprenentatge dels alumnes.<\/li>\n<li>Desenvolupar una visi\u00f3 estrat\u00e8gica de centre a trav\u00e9s d\u2019una formaci\u00f3 espec\u00edfica dels Equips Directius (ED) i de la formaci\u00f3 continua del professorat per a la millora de la qualitat educativa.<\/li>\n<\/ol>\n<p>Pensem que \u00e9s important i necessari obrir aquesta porta a Europa i tenir un contacte directe amb altres realitats educatives, amb eines i metodologies diverses, a trav\u00e9s de l&#8217;experi\u00e8ncia d&#8217;observaci\u00f3 directa i de la conviv\u00e8ncia amb altres cultures, per reflexionar sobre el desenvolupament de la tasca docent i adaptar el proc\u00e9s d&#8217;aprenentatge dels nostres alumnes.<\/p>\n<p>Aquestes activitats tamb\u00e9 han de permetre als participants, docents i estudiants, aproximar-se a altres realitats culturals i socials, a m\u00e9s de valorar-ne les pr\u00f2pies i poder mostrar a Europa el patrimoni cultural de Catalunya com a font, no nom\u00e9s de formaci\u00f3, sin\u00f3 tamb\u00e9 de riquesa i possibilitats laborals.<\/p>\n<p>Per tant, totes les activitats dels centres que formen part d&#8217;aquest consorci s&#8217;impregnaran d&#8217;aquest cinc eixos.<\/p>\n<p>Els <strong>criteris de prioritzaci\u00f3<\/strong> per formar part del consorci del Giron\u00e8s s\u00f3n:<\/p>\n<ul>\n<li>Pert\u00e0nyer a la demarcaci\u00f3 del CRP del Giron\u00e8s.<\/li>\n<li>No haver participat en el Programa Erasmus+ dins del Sector Escolar.<\/li>\n<li>Realitzar les formacions sobre la internacionalitzaci\u00f3 que organitza el CRP del Giron\u00e8s.<\/li>\n<li>Subscriure el comprom\u00eds de realitzar un pla propi d\u2019internacionalitzaci\u00f3 de Centre.<\/li>\n<\/ul>\n<p>Si esteu interessats en formar part del nostre consorci (de cares al curs 2023-25) o voleu rebre m\u00e9s informaci\u00f3, ompliu aquest <span style=\"text-decoration: underline;\"><strong><a href=\"https:\/\/docs.google.com\/forms\/d\/e\/1FAIpQLSfYZG5sp3z2GzpQ5dJlQy1glwUC5rqXtYDNNJhBXANJAJAsog\/viewform\">formulari<\/a><\/strong><\/span> i ens posarem en contacte amb vosaltres. \u00a0<\/p>\n","protected":false},"excerpt":{"rendered":"<p>Comencem a preparar les mobilitats dels centres que formen part del nostre projecte Erasmus+ com a consorci: Escola Carme Auguet, Institut Montilivi, Institut Sarri\u00e0 i Institut Vilablareix. Aqu\u00ed teniu l&#8217;enlla\u00e7 al nostre sites. &nbsp; El CRP del Giron\u00e8s ha aconseguit l\u2019acreditaci\u00f3 Erasmus+ KA120 a la convocat\u00f2ria de 2021 com a centre coordinador de consorcis en [&hellip;]<\/p>\n","protected":false},"author":1,"featured_media":0,"comment_status":"closed","ping_status":"closed","sticky":false,"template":"","format":"standard","meta":{"site-sidebar-layout":"default","site-content-layout":"","ast-site-content-layout":"","site-content-style":"default","site-sidebar-style":"default","ast-global-header-display":"","ast-banner-title-visibility":"","ast-main-header-display":"","ast-hfb-above-header-display":"","ast-hfb-below-header-display":"","ast-hfb-mobile-header-display":"","site-post-title":"","ast-breadcrumbs-content":"","ast-featured-img":"","footer-sml-layout":"","theme-transparent-header-meta":"","adv-header-id-meta":"","stick-header-meta":"","header-above-stick-meta":"","header-main-stick-meta":"","header-below-stick-meta":"","astra-migrate-meta-layouts":"default","ast-page-background-enabled":"default","ast-page-background-meta":{"desktop":{"background-color":"var(--ast-global-color-4)","background-image":"","background-repeat":"repeat","background-position":"center center","background-size":"auto","background-attachment":"scroll","background-type":"","background-media":"","overlay-type":"","overlay-color":"","overlay-opacity":"","overlay-gradient":""},"tablet":{"background-color":"","background-image":"","background-repeat":"repeat","background-position":"center center","background-size":"auto","background-attachment":"scroll","background-type":"","background-media":"","overlay-type":"","overlay-color":"","overlay-opacity":"","overlay-gradient":""},"mobile":{"background-color":"","background-image":"","background-repeat":"repeat","background-position":"center center","background-size":"auto","background-attachment":"scroll","background-type":"","background-media":"","overlay-type":"","overlay-color":"","overlay-opacity":"","overlay-gradient":""}},"ast-content-background-meta":{"desktop":{"background-color":"var(--ast-global-color-5)","background-image":"","background-repeat":"repeat","background-position":"center center","background-size":"auto","background-attachment":"scroll","background-type":"","background-media":"","overlay-type":"","overlay-color":"","overlay-opacity":"","overlay-gradient":""},"tablet":{"background-color":"var(--ast-global-color-5)","background-image":"","background-repeat":"repeat","background-position":"center center","background-size":"auto","background-attachment":"scroll","background-type":"","background-media":"","overlay-type":"","overlay-color":"","overlay-opacity":"","overlay-gradient":""},"mobile":{"background-color":"var(--ast-global-color-5)","background-image":"","background-repeat":"repeat","background-position":"center center","background-size":"auto","background-attachment":"scroll","background-type":"","background-media":"","overlay-type":"","overlay-color":"","overlay-opacity":"","overlay-gradient":""}},"footnotes":""},"categories":[1],"tags":[325],"class_list":["post-14860","post","type-post","status-publish","format-standard","hentry","category-general","tag-noticies"],"post_mailing_queue_ids":[],"_links":{"self":[{"href":"https:\/\/serveiseducatius.xtec.cat\/girones\/wp-json\/wp\/v2\/posts\/14860","targetHints":{"allow":["GET"]}}],"collection":[{"href":"https:\/\/serveiseducatius.xtec.cat\/girones\/wp-json\/wp\/v2\/posts"}],"about":[{"href":"https:\/\/serveiseducatius.xtec.cat\/girones\/wp-json\/wp\/v2\/types\/post"}],"author":[{"embeddable":true,"href":"https:\/\/serveiseducatius.xtec.cat\/girones\/wp-json\/wp\/v2\/users\/1"}],"replies":[{"embeddable":true,"href":"https:\/\/serveiseducatius.xtec.cat\/girones\/wp-json\/wp\/v2\/comments?post=14860"}],"version-history":[{"count":3,"href":"https:\/\/serveiseducatius.xtec.cat\/girones\/wp-json\/wp\/v2\/posts\/14860\/revisions"}],"predecessor-version":[{"id":15831,"href":"https:\/\/serveiseducatius.xtec.cat\/girones\/wp-json\/wp\/v2\/posts\/14860\/revisions\/15831"}],"wp:attachment":[{"href":"https:\/\/serveiseducatius.xtec.cat\/girones\/wp-json\/wp\/v2\/media?parent=14860"}],"wp:term":[{"taxonomy":"category","embeddable":true,"href":"https:\/\/serveiseducatius.xtec.cat\/girones\/wp-json\/wp\/v2\/categories?post=14860"},{"taxonomy":"post_tag","embeddable":true,"href":"https:\/\/serveiseducatius.xtec.cat\/girones\/wp-json\/wp\/v2\/tags?post=14860"}],"curies":[{"name":"wp","href":"https:\/\/api.w.org\/{rel}","templated":true}]}}