{"id":14805,"date":"2022-02-14T16:03:18","date_gmt":"2022-02-14T15:03:18","guid":{"rendered":"https:\/\/serveiseducatius.xtec.cat\/girones\/?p=14805"},"modified":"2022-02-14T17:27:19","modified_gmt":"2022-02-14T16:27:19","slug":"lacompanyament-i-el-treball-en-xarxa-des-de-laccio-tutorial","status":"publish","type":"post","link":"https:\/\/serveiseducatius.xtec.cat\/girones\/general\/lacompanyament-i-el-treball-en-xarxa-des-de-laccio-tutorial\/","title":{"rendered":"L&#8217;acompanyament i el treball en xarxa des de l&#8217;acci\u00f3 tutorial"},"content":{"rendered":"<p><a href=\"https:\/\/serveiseducatius.xtec.cat\/girones\/wp-content\/uploads\/usu1154\/2022\/02\/Lacompanyament-i-el-treball-en-xarxa-des-de-laccio-tutorial-8.pdf\"><img loading=\"lazy\" decoding=\"async\" class=\"alignnone size-full wp-image-14808\" src=\"https:\/\/serveiseducatius.xtec.cat\/girones\/wp-content\/uploads\/usu1154\/2022\/02\/Captura-2.png\" alt=\"\" width=\"479\" height=\"675\" \/><\/a><\/p>\n<p style=\"text-align: justify;\">El Servei Educatiu, conjuntament amb els Moviments de Renovaci\u00f3 Pedag\u00f2gica de Girona i Educaci\u00f3 360 de les comarques gironines organitza un cicle de 4 confer\u00e8ncies\/debat sobre l&#8217;acompanyament i el treball en xarxa des de l&#8217;acci\u00f3 tutorial.<\/p>\n<p style=\"text-align: justify;\">Dimecres 23\/02\/22, 02\/03\/22, 09\/02\/22, 16\/03\/22 (de 17:30 a 19:00)<\/p>\n<p style=\"text-align: justify;\">Podeu fer les inscripcions a trav\u00e9s del seg\u00fcent <a href=\"https:\/\/aplicacions.gestioeducativa.gencat.cat\/pls\/soloas\/pk_for_mod_ins.p_for_detall_activitat?p_header=Llista%20d%27activitats^pk_for_mod_ins.p_for_cons_activitats?p_crp=505%26p_crp_txt=Vall%E8s%20Oriental%20I.%20Granollers%26p_any=2021-2022%26p_totes=Sp_header=Selecci%F3%5Epk_for_mod_ins.p_for_form_cons_act?p_excloure_crp_rec=T%26p_inici=131%26p_excloure_crp_rec=T&amp;p_codi=5051441505&amp;p_curs=2021-2022&amp;p_excloure_crp_rec=T\">enlla\u00e7<\/a><\/p>\n","protected":false},"excerpt":{"rendered":"<p>El Servei Educatiu, conjuntament amb els Moviments de Renovaci\u00f3 Pedag\u00f2gica de Girona i Educaci\u00f3 360 de les comarques gironines organitza un cicle de 4 confer\u00e8ncies\/debat sobre l&#8217;acompanyament i el treball en xarxa des de l&#8217;acci\u00f3 tutorial. Dimecres 23\/02\/22, 02\/03\/22, 09\/02\/22, 16\/03\/22 (de 17:30 a 19:00) Podeu fer les inscripcions a trav\u00e9s del seg\u00fcent enlla\u00e7<\/p>\n","protected":false},"author":1,"featured_media":0,"comment_status":"closed","ping_status":"closed","sticky":false,"template":"","format":"standard","meta":{"site-sidebar-layout":"default","site-content-layout":"","ast-site-content-layout":"","site-content-style":"default","site-sidebar-style":"default","ast-global-header-display":"","ast-banner-title-visibility":"","ast-main-header-display":"","ast-hfb-above-header-display":"","ast-hfb-below-header-display":"","ast-hfb-mobile-header-display":"","site-post-title":"","ast-breadcrumbs-content":"","ast-featured-img":"","footer-sml-layout":"","theme-transparent-header-meta":"","adv-header-id-meta":"","stick-header-meta":"","header-above-stick-meta":"","header-main-stick-meta":"","header-below-stick-meta":"","astra-migrate-meta-layouts":"default","ast-page-background-enabled":"default","ast-page-background-meta":{"desktop":{"background-color":"var(--ast-global-color-4)","background-image":"","background-repeat":"repeat","background-position":"center center","background-size":"auto","background-attachment":"scroll","background-type":"","background-media":"","overlay-type":"","overlay-color":"","overlay-opacity":"","overlay-gradient":""},"tablet":{"background-color":"","background-image":"","background-repeat":"repeat","background-position":"center center","background-size":"auto","background-attachment":"scroll","background-type":"","background-media":"","overlay-type":"","overlay-color":"","overlay-opacity":"","overlay-gradient":""},"mobile":{"background-color":"","background-image":"","background-repeat":"repeat","background-position":"center center","background-size":"auto","background-attachment":"scroll","background-type":"","background-media":"","overlay-type":"","overlay-color":"","overlay-opacity":"","overlay-gradient":""}},"ast-content-background-meta":{"desktop":{"background-color":"var(--ast-global-color-5)","background-image":"","background-repeat":"repeat","background-position":"center center","background-size":"auto","background-attachment":"scroll","background-type":"","background-media":"","overlay-type":"","overlay-color":"","overlay-opacity":"","overlay-gradient":""},"tablet":{"background-color":"var(--ast-global-color-5)","background-image":"","background-repeat":"repeat","background-position":"center center","background-size":"auto","background-attachment":"scroll","background-type":"","background-media":"","overlay-type":"","overlay-color":"","overlay-opacity":"","overlay-gradient":""},"mobile":{"background-color":"var(--ast-global-color-5)","background-image":"","background-repeat":"repeat","background-position":"center center","background-size":"auto","background-attachment":"scroll","background-type":"","background-media":"","overlay-type":"","overlay-color":"","overlay-opacity":"","overlay-gradient":""}},"footnotes":""},"categories":[1,292],"tags":[288,325],"class_list":["post-14805","post","type-post","status-publish","format-standard","hentry","category-general","category-not","tag-noticia","tag-noticies"],"post_mailing_queue_ids":[],"_links":{"self":[{"href":"https:\/\/serveiseducatius.xtec.cat\/girones\/wp-json\/wp\/v2\/posts\/14805","targetHints":{"allow":["GET"]}}],"collection":[{"href":"https:\/\/serveiseducatius.xtec.cat\/girones\/wp-json\/wp\/v2\/posts"}],"about":[{"href":"https:\/\/serveiseducatius.xtec.cat\/girones\/wp-json\/wp\/v2\/types\/post"}],"author":[{"embeddable":true,"href":"https:\/\/serveiseducatius.xtec.cat\/girones\/wp-json\/wp\/v2\/users\/1"}],"replies":[{"embeddable":true,"href":"https:\/\/serveiseducatius.xtec.cat\/girones\/wp-json\/wp\/v2\/comments?post=14805"}],"version-history":[{"count":3,"href":"https:\/\/serveiseducatius.xtec.cat\/girones\/wp-json\/wp\/v2\/posts\/14805\/revisions"}],"predecessor-version":[{"id":14814,"href":"https:\/\/serveiseducatius.xtec.cat\/girones\/wp-json\/wp\/v2\/posts\/14805\/revisions\/14814"}],"wp:attachment":[{"href":"https:\/\/serveiseducatius.xtec.cat\/girones\/wp-json\/wp\/v2\/media?parent=14805"}],"wp:term":[{"taxonomy":"category","embeddable":true,"href":"https:\/\/serveiseducatius.xtec.cat\/girones\/wp-json\/wp\/v2\/categories?post=14805"},{"taxonomy":"post_tag","embeddable":true,"href":"https:\/\/serveiseducatius.xtec.cat\/girones\/wp-json\/wp\/v2\/tags?post=14805"}],"curies":[{"name":"wp","href":"https:\/\/api.w.org\/{rel}","templated":true}]}}