{"id":14441,"date":"2021-11-27T08:07:58","date_gmt":"2021-11-27T07:07:58","guid":{"rendered":"https:\/\/serveiseducatius.xtec.cat\/girones\/?p=14441"},"modified":"2021-11-27T08:11:11","modified_gmt":"2021-11-27T07:11:11","slug":"convocatoria-reconeixement-de-practiques-educatives","status":"publish","type":"post","link":"https:\/\/serveiseducatius.xtec.cat\/girones\/not\/convocatoria-reconeixement-de-practiques-educatives\/","title":{"rendered":"[Convocat\u00f2ria] Reconeixement de pr\u00e0ctiques educatives"},"content":{"rendered":"<p><img decoding=\"async\" class=\"aligncenter\" src=\"https:\/\/serveiseducatius.xtec.cat\/girones\/wp-content\/uploads\/usu1154\/2021\/11\/pract-edu-ref.png\" alt=\"\" \/><\/p>\n<p style=\"text-align: justify;\">Del 23 de novembre al 7 de gener \u00e9s el per\u00edode per poder participar a la convocat\u00f2ria per al reconeixement de pr\u00e0ctiques educatives de refer\u00e8ncia. L&#8217;objectiu \u00e9s recon\u00e8ixer pr\u00e0ctiques consolidades que evidencien una millora educativa en el centre.<\/p>\n<p style=\"text-align: justify;\"><!--more-->Les pr\u00e0ctiques educatives de refer\u00e8ncia, consisteixen en iniciatives del professorat vinculades al projecte educatiu. El\/la docent responsable de la pr\u00e0ctica educativa en el centre ha d\u2019emplenar<a title=\"Descarregeu el document\" href=\"https:\/\/documents.espai.educacio.gencat.cat\/FormularisModels\/InnovacioPedagogica\/A736.pdf\" target=\"_blank\" rel=\"noopener\"> \u00abaquesta sol\u00b7licitud\u00bb<\/a>, i si s\u2019escau, indicar la relaci\u00f3 de docents que han participat en el desenvolupament d\u2019aquesta pr\u00e0ctica. La sol\u00b7licitud ha de tenir el vistiplau de la direcci\u00f3 del centre.<\/p>\n<p style=\"text-align: justify;\">Us compartim la <a href=\"http:\/\/xtec.gencat.cat\/web\/.content\/innovacio\/practiques-educatives-referencia\/Infografia-Convocatoria-per-al-Reconeixement-Practiques-Educatives-de-Referencia.pdf\" target=\"_blank\" rel=\"noopener\">\u00abInfografia\u00bb<\/a> amb la informaci\u00f3 b\u00e0sica de la convocat\u00f2ria.<\/p>\n<p><a href=\"http:\/\/xtec.gencat.cat\/ca\/innovacio\/practiques_educatives_referencia\/\" target=\"_blank\" rel=\"noopener\">M\u00e9s informaci\u00f3\u00bb<\/a><\/p>\n","protected":false},"excerpt":{"rendered":"<p>Del 23 de novembre al 7 de gener \u00e9s el per\u00edode per poder participar a la convocat\u00f2ria per al reconeixement de pr\u00e0ctiques educatives de refer\u00e8ncia. L&#8217;objectiu \u00e9s recon\u00e8ixer pr\u00e0ctiques consolidades que evidencien una millora educativa en el centre.<\/p>\n","protected":false},"author":1,"featured_media":14443,"comment_status":"closed","ping_status":"closed","sticky":false,"template":"","format":"standard","meta":{"site-sidebar-layout":"default","site-content-layout":"","ast-site-content-layout":"","site-content-style":"default","site-sidebar-style":"default","ast-global-header-display":"","ast-banner-title-visibility":"","ast-main-header-display":"","ast-hfb-above-header-display":"","ast-hfb-below-header-display":"","ast-hfb-mobile-header-display":"","site-post-title":"","ast-breadcrumbs-content":"","ast-featured-img":"","footer-sml-layout":"","theme-transparent-header-meta":"","adv-header-id-meta":"","stick-header-meta":"","header-above-stick-meta":"","header-main-stick-meta":"","header-below-stick-meta":"","astra-migrate-meta-layouts":"default","ast-page-background-enabled":"default","ast-page-background-meta":{"desktop":{"background-color":"var(--ast-global-color-4)","background-image":"","background-repeat":"repeat","background-position":"center center","background-size":"auto","background-attachment":"scroll","background-type":"","background-media":"","overlay-type":"","overlay-color":"","overlay-opacity":"","overlay-gradient":""},"tablet":{"background-color":"","background-image":"","background-repeat":"repeat","background-position":"center center","background-size":"auto","background-attachment":"scroll","background-type":"","background-media":"","overlay-type":"","overlay-color":"","overlay-opacity":"","overlay-gradient":""},"mobile":{"background-color":"","background-image":"","background-repeat":"repeat","background-position":"center center","background-size":"auto","background-attachment":"scroll","background-type":"","background-media":"","overlay-type":"","overlay-color":"","overlay-opacity":"","overlay-gradient":""}},"ast-content-background-meta":{"desktop":{"background-color":"var(--ast-global-color-5)","background-image":"","background-repeat":"repeat","background-position":"center center","background-size":"auto","background-attachment":"scroll","background-type":"","background-media":"","overlay-type":"","overlay-color":"","overlay-opacity":"","overlay-gradient":""},"tablet":{"background-color":"var(--ast-global-color-5)","background-image":"","background-repeat":"repeat","background-position":"center center","background-size":"auto","background-attachment":"scroll","background-type":"","background-media":"","overlay-type":"","overlay-color":"","overlay-opacity":"","overlay-gradient":""},"mobile":{"background-color":"var(--ast-global-color-5)","background-image":"","background-repeat":"repeat","background-position":"center center","background-size":"auto","background-attachment":"scroll","background-type":"","background-media":"","overlay-type":"","overlay-color":"","overlay-opacity":"","overlay-gradient":""}},"footnotes":""},"categories":[292],"tags":[325],"class_list":["post-14441","post","type-post","status-publish","format-standard","has-post-thumbnail","hentry","category-not","tag-noticies"],"post_mailing_queue_ids":[],"_links":{"self":[{"href":"https:\/\/serveiseducatius.xtec.cat\/girones\/wp-json\/wp\/v2\/posts\/14441","targetHints":{"allow":["GET"]}}],"collection":[{"href":"https:\/\/serveiseducatius.xtec.cat\/girones\/wp-json\/wp\/v2\/posts"}],"about":[{"href":"https:\/\/serveiseducatius.xtec.cat\/girones\/wp-json\/wp\/v2\/types\/post"}],"author":[{"embeddable":true,"href":"https:\/\/serveiseducatius.xtec.cat\/girones\/wp-json\/wp\/v2\/users\/1"}],"replies":[{"embeddable":true,"href":"https:\/\/serveiseducatius.xtec.cat\/girones\/wp-json\/wp\/v2\/comments?post=14441"}],"version-history":[{"count":3,"href":"https:\/\/serveiseducatius.xtec.cat\/girones\/wp-json\/wp\/v2\/posts\/14441\/revisions"}],"predecessor-version":[{"id":14450,"href":"https:\/\/serveiseducatius.xtec.cat\/girones\/wp-json\/wp\/v2\/posts\/14441\/revisions\/14450"}],"wp:featuredmedia":[{"embeddable":true,"href":"https:\/\/serveiseducatius.xtec.cat\/girones\/wp-json\/wp\/v2\/media\/14443"}],"wp:attachment":[{"href":"https:\/\/serveiseducatius.xtec.cat\/girones\/wp-json\/wp\/v2\/media?parent=14441"}],"wp:term":[{"taxonomy":"category","embeddable":true,"href":"https:\/\/serveiseducatius.xtec.cat\/girones\/wp-json\/wp\/v2\/categories?post=14441"},{"taxonomy":"post_tag","embeddable":true,"href":"https:\/\/serveiseducatius.xtec.cat\/girones\/wp-json\/wp\/v2\/tags?post=14441"}],"curies":[{"name":"wp","href":"https:\/\/api.w.org\/{rel}","templated":true}]}}