{"id":14089,"date":"2022-09-05T10:30:20","date_gmt":"2022-09-05T08:30:20","guid":{"rendered":"https:\/\/serveiseducatius.xtec.cat\/girones\/?p=14089"},"modified":"2022-09-19T20:52:41","modified_gmt":"2022-09-19T18:52:41","slug":"1a-convocatoria-premis-antonia-adroher-de-narrativa-i-poesia","status":"publish","type":"post","link":"https:\/\/serveiseducatius.xtec.cat\/girones\/not\/1a-convocatoria-premis-antonia-adroher-de-narrativa-i-poesia\/","title":{"rendered":"2a convocat\u00f2ria Premis A. Adroher de narrativa i poesia"},"content":{"rendered":"<p style=\"text-align: justify;\"><img loading=\"lazy\" decoding=\"async\" class=\"aligncenter\" src=\"https:\/\/serveiseducatius.xtec.cat\/girones\/wp-content\/uploads\/usu1154\/2021\/09\/poesia.jpg\" alt=\"\" width=\"165\" height=\"135\" \/><\/p>\n<p style=\"text-align: justify;\">La Coordinadora d&#8217;ONG Solid\u00e0ries, \u00d2mnium Giron\u00e8s i el Gremi de Llibreters de Catalunya a Girona convoquen la segona edici\u00f3 dels Premis Literaris Ant\u00f2nia Adroher amb l&#8217;objectiu de sensibilitzar en temes socials i la promoci\u00f3 de l&#8217;\u00fas literari del catal\u00e0 als centres educatius de les comarques gironines.<!--more-->La tem\u00e0tica escollida per aquest curs fa refer\u00e8ncia a l<b>&#8216;Objectiu de Desenvolupament Sostenible n\u00fam.16 LA PAU<\/b>\u00a0(Promoure societats pac\u00edfiques i inclusives per tal d\u2019aconseguir un desenvolupament sostenible, proporcionar acc\u00e9s a la just\u00edcia per a totes les persones i desenvolupar institucions eficaces, responsables i inclusives a tots els nivells).\u00a0<\/p>\n<p style=\"text-align: justify;\">Les bases del concurs les trobeu\u00a0<b><a href=\"https:\/\/www.solidaries.org\/que-fem\/ii-premis-literaris-antonia-adroher-2023\/\" target=\"_blank\" rel=\"noopener\" data-saferedirecturl=\"https:\/\/www.google.com\/url?q=https:\/\/www.solidaries.org\/que-fem\/ii-premis-literaris-antonia-adroher-2023\/&amp;source=gmail&amp;ust=1663397757576000&amp;usg=AOvVaw1k2-mlQEDKxQILXUnJOu_N\">AQU\u00cd<\/a><\/b>.<\/p>\n","protected":false},"excerpt":{"rendered":"<p>La Coordinadora d&#8217;ONG Solid\u00e0ries, \u00d2mnium Giron\u00e8s i el Gremi de Llibreters de Catalunya a Girona convoquen la segona edici\u00f3 dels Premis Literaris Ant\u00f2nia Adroher amb l&#8217;objectiu de sensibilitzar en temes socials i la promoci\u00f3 de l&#8217;\u00fas literari del catal\u00e0 als centres educatius de les comarques gironines.<\/p>\n","protected":false},"author":1,"featured_media":14088,"comment_status":"closed","ping_status":"closed","sticky":false,"template":"","format":"standard","meta":{"site-sidebar-layout":"default","site-content-layout":"","ast-site-content-layout":"","site-content-style":"default","site-sidebar-style":"default","ast-global-header-display":"","ast-banner-title-visibility":"","ast-main-header-display":"","ast-hfb-above-header-display":"","ast-hfb-below-header-display":"","ast-hfb-mobile-header-display":"","site-post-title":"","ast-breadcrumbs-content":"","ast-featured-img":"","footer-sml-layout":"","theme-transparent-header-meta":"","adv-header-id-meta":"","stick-header-meta":"","header-above-stick-meta":"","header-main-stick-meta":"","header-below-stick-meta":"","astra-migrate-meta-layouts":"default","ast-page-background-enabled":"default","ast-page-background-meta":{"desktop":{"background-color":"var(--ast-global-color-4)","background-image":"","background-repeat":"repeat","background-position":"center center","background-size":"auto","background-attachment":"scroll","background-type":"","background-media":"","overlay-type":"","overlay-color":"","overlay-opacity":"","overlay-gradient":""},"tablet":{"background-color":"","background-image":"","background-repeat":"repeat","background-position":"center center","background-size":"auto","background-attachment":"scroll","background-type":"","background-media":"","overlay-type":"","overlay-color":"","overlay-opacity":"","overlay-gradient":""},"mobile":{"background-color":"","background-image":"","background-repeat":"repeat","background-position":"center center","background-size":"auto","background-attachment":"scroll","background-type":"","background-media":"","overlay-type":"","overlay-color":"","overlay-opacity":"","overlay-gradient":""}},"ast-content-background-meta":{"desktop":{"background-color":"var(--ast-global-color-5)","background-image":"","background-repeat":"repeat","background-position":"center center","background-size":"auto","background-attachment":"scroll","background-type":"","background-media":"","overlay-type":"","overlay-color":"","overlay-opacity":"","overlay-gradient":""},"tablet":{"background-color":"var(--ast-global-color-5)","background-image":"","background-repeat":"repeat","background-position":"center center","background-size":"auto","background-attachment":"scroll","background-type":"","background-media":"","overlay-type":"","overlay-color":"","overlay-opacity":"","overlay-gradient":""},"mobile":{"background-color":"var(--ast-global-color-5)","background-image":"","background-repeat":"repeat","background-position":"center center","background-size":"auto","background-attachment":"scroll","background-type":"","background-media":"","overlay-type":"","overlay-color":"","overlay-opacity":"","overlay-gradient":""}},"footnotes":""},"categories":[292],"tags":[325],"class_list":["post-14089","post","type-post","status-publish","format-standard","has-post-thumbnail","hentry","category-not","tag-noticies"],"post_mailing_queue_ids":[],"_links":{"self":[{"href":"https:\/\/serveiseducatius.xtec.cat\/girones\/wp-json\/wp\/v2\/posts\/14089","targetHints":{"allow":["GET"]}}],"collection":[{"href":"https:\/\/serveiseducatius.xtec.cat\/girones\/wp-json\/wp\/v2\/posts"}],"about":[{"href":"https:\/\/serveiseducatius.xtec.cat\/girones\/wp-json\/wp\/v2\/types\/post"}],"author":[{"embeddable":true,"href":"https:\/\/serveiseducatius.xtec.cat\/girones\/wp-json\/wp\/v2\/users\/1"}],"replies":[{"embeddable":true,"href":"https:\/\/serveiseducatius.xtec.cat\/girones\/wp-json\/wp\/v2\/comments?post=14089"}],"version-history":[{"count":3,"href":"https:\/\/serveiseducatius.xtec.cat\/girones\/wp-json\/wp\/v2\/posts\/14089\/revisions"}],"predecessor-version":[{"id":15430,"href":"https:\/\/serveiseducatius.xtec.cat\/girones\/wp-json\/wp\/v2\/posts\/14089\/revisions\/15430"}],"wp:featuredmedia":[{"embeddable":true,"href":"https:\/\/serveiseducatius.xtec.cat\/girones\/wp-json\/wp\/v2\/media\/14088"}],"wp:attachment":[{"href":"https:\/\/serveiseducatius.xtec.cat\/girones\/wp-json\/wp\/v2\/media?parent=14089"}],"wp:term":[{"taxonomy":"category","embeddable":true,"href":"https:\/\/serveiseducatius.xtec.cat\/girones\/wp-json\/wp\/v2\/categories?post=14089"},{"taxonomy":"post_tag","embeddable":true,"href":"https:\/\/serveiseducatius.xtec.cat\/girones\/wp-json\/wp\/v2\/tags?post=14089"}],"curies":[{"name":"wp","href":"https:\/\/api.w.org\/{rel}","templated":true}]}}