{"id":13615,"date":"2021-06-02T11:16:13","date_gmt":"2021-06-02T09:16:13","guid":{"rendered":"http:\/\/serveiseducatius.xtec.cat\/girones\/?p=13615"},"modified":"2021-06-02T11:16:13","modified_gmt":"2021-06-02T09:16:13","slug":"recursos-de-coeducacio-provincia-de-girona","status":"publish","type":"post","link":"https:\/\/serveiseducatius.xtec.cat\/girones\/not\/recursos-de-coeducacio-provincia-de-girona\/","title":{"rendered":"Recursos de Coeducaci\u00f3. Prov\u00edncia de Girona"},"content":{"rendered":"<p><img loading=\"lazy\" decoding=\"async\" class=\"aligncenter\" src=\"https:\/\/serveiseducatius.xtec.cat\/girones\/wp-content\/uploads\/usu1154\/2021\/06\/coeducacio.png\" alt=\"\" width=\"278\" height=\"211\" \/><\/p>\n<p style=\"text-align: justify;\">Us compartim un espai web amb recursos relacionats amb la coeduaci\u00f3. Es tracta d&#8217;un espai web en qu\u00e8 s&#8217;ha recollit la informaci\u00f3 m\u00e9s rellevant relacionada amb aquest \u00e0mbit que ofereix el Departament d&#8217;Educaci\u00f3.<\/p>\n<p><!--more--><\/p>\n<p style=\"text-align: justify;\">L&#8217;ha elaborat la persona referent de coeducaci\u00f3 de la prov\u00edncia de Girona. Hi trobarem els programes que ofereix el Departament d&#8217;educaci\u00f3 i recursos molt variats (contes, m\u00fasiques, v\u00eddeos, etc.) per poder treballar a l&#8217;aula. En\u00a0 destaquem &#8220;<a href=\"https:\/\/blocs.xtec.cat\/parlemdedrets\/\" target=\"_blank\" rel=\"noopener noreferrer\">Parlem de drets<\/a>&#8221; i &#8220;<a href=\"https:\/\/blocs.xtec.cat\/coeducacioiigualtat\/2017\/09\/04\/materials-3\/\" target=\"_blank\" rel=\"noopener noreferrer\">Drac m\u00e0gic<\/a>&#8220;<\/p>\n<p><a href=\"https:\/\/sites.google.com\/view\/coeducacio\/inici\" target=\"_blank\" rel=\"noopener noreferrer\">M\u00e9s informaci\u00f3\u00bb<\/a><\/p>\n","protected":false},"excerpt":{"rendered":"<p>Us compartim un espai web amb recursos relacionats amb la coeduaci\u00f3. Es tracta d&#8217;un espai web en qu\u00e8 s&#8217;ha recollit la informaci\u00f3 m\u00e9s rellevant relacionada amb aquest \u00e0mbit que ofereix el Departament d&#8217;Educaci\u00f3.<\/p>\n","protected":false},"author":1,"featured_media":13616,"comment_status":"closed","ping_status":"closed","sticky":false,"template":"","format":"standard","meta":{"site-sidebar-layout":"default","site-content-layout":"","ast-site-content-layout":"","site-content-style":"default","site-sidebar-style":"default","ast-global-header-display":"","ast-banner-title-visibility":"","ast-main-header-display":"","ast-hfb-above-header-display":"","ast-hfb-below-header-display":"","ast-hfb-mobile-header-display":"","site-post-title":"","ast-breadcrumbs-content":"","ast-featured-img":"","footer-sml-layout":"","theme-transparent-header-meta":"","adv-header-id-meta":"","stick-header-meta":"","header-above-stick-meta":"","header-main-stick-meta":"","header-below-stick-meta":"","astra-migrate-meta-layouts":"default","ast-page-background-enabled":"default","ast-page-background-meta":{"desktop":{"background-color":"var(--ast-global-color-4)","background-image":"","background-repeat":"repeat","background-position":"center center","background-size":"auto","background-attachment":"scroll","background-type":"","background-media":"","overlay-type":"","overlay-color":"","overlay-opacity":"","overlay-gradient":""},"tablet":{"background-color":"","background-image":"","background-repeat":"repeat","background-position":"center center","background-size":"auto","background-attachment":"scroll","background-type":"","background-media":"","overlay-type":"","overlay-color":"","overlay-opacity":"","overlay-gradient":""},"mobile":{"background-color":"","background-image":"","background-repeat":"repeat","background-position":"center center","background-size":"auto","background-attachment":"scroll","background-type":"","background-media":"","overlay-type":"","overlay-color":"","overlay-opacity":"","overlay-gradient":""}},"ast-content-background-meta":{"desktop":{"background-color":"var(--ast-global-color-5)","background-image":"","background-repeat":"repeat","background-position":"center center","background-size":"auto","background-attachment":"scroll","background-type":"","background-media":"","overlay-type":"","overlay-color":"","overlay-opacity":"","overlay-gradient":""},"tablet":{"background-color":"var(--ast-global-color-5)","background-image":"","background-repeat":"repeat","background-position":"center center","background-size":"auto","background-attachment":"scroll","background-type":"","background-media":"","overlay-type":"","overlay-color":"","overlay-opacity":"","overlay-gradient":""},"mobile":{"background-color":"var(--ast-global-color-5)","background-image":"","background-repeat":"repeat","background-position":"center center","background-size":"auto","background-attachment":"scroll","background-type":"","background-media":"","overlay-type":"","overlay-color":"","overlay-opacity":"","overlay-gradient":""}},"footnotes":""},"categories":[292],"tags":[325],"class_list":["post-13615","post","type-post","status-publish","format-standard","has-post-thumbnail","hentry","category-not","tag-noticies"],"post_mailing_queue_ids":[],"_links":{"self":[{"href":"https:\/\/serveiseducatius.xtec.cat\/girones\/wp-json\/wp\/v2\/posts\/13615","targetHints":{"allow":["GET"]}}],"collection":[{"href":"https:\/\/serveiseducatius.xtec.cat\/girones\/wp-json\/wp\/v2\/posts"}],"about":[{"href":"https:\/\/serveiseducatius.xtec.cat\/girones\/wp-json\/wp\/v2\/types\/post"}],"author":[{"embeddable":true,"href":"https:\/\/serveiseducatius.xtec.cat\/girones\/wp-json\/wp\/v2\/users\/1"}],"replies":[{"embeddable":true,"href":"https:\/\/serveiseducatius.xtec.cat\/girones\/wp-json\/wp\/v2\/comments?post=13615"}],"version-history":[{"count":3,"href":"https:\/\/serveiseducatius.xtec.cat\/girones\/wp-json\/wp\/v2\/posts\/13615\/revisions"}],"predecessor-version":[{"id":13619,"href":"https:\/\/serveiseducatius.xtec.cat\/girones\/wp-json\/wp\/v2\/posts\/13615\/revisions\/13619"}],"wp:featuredmedia":[{"embeddable":true,"href":"https:\/\/serveiseducatius.xtec.cat\/girones\/wp-json\/wp\/v2\/media\/13616"}],"wp:attachment":[{"href":"https:\/\/serveiseducatius.xtec.cat\/girones\/wp-json\/wp\/v2\/media?parent=13615"}],"wp:term":[{"taxonomy":"category","embeddable":true,"href":"https:\/\/serveiseducatius.xtec.cat\/girones\/wp-json\/wp\/v2\/categories?post=13615"},{"taxonomy":"post_tag","embeddable":true,"href":"https:\/\/serveiseducatius.xtec.cat\/girones\/wp-json\/wp\/v2\/tags?post=13615"}],"curies":[{"name":"wp","href":"https:\/\/api.w.org\/{rel}","templated":true}]}}